{"id":445991,"date":"2022-03-01T10:25:09","date_gmt":"2022-03-01T07:25:09","guid":{"rendered":"http:\/\/arantv.az\/?p=445991"},"modified":"2022-03-01T10:25:09","modified_gmt":"2022-03-01T07:25:09","slug":"rusiyali-jurnalistl%c9%99r-az%c9%99rbaycanin-ugur-v%c9%99-movqeyi-il%c9%99-bir-daha-m%c9%99lumatlandirildilar-2","status":"publish","type":"post","link":"https:\/\/arantv.az\/?p=445991","title":{"rendered":"Rusiyal\u0131 jurnalistl\u0259r Az\u0259rbaycan\u0131n u\u011fur v\u0259 m\u00f6vqeyi il\u0259 bir daha m\u0259lumatland\u0131r\u0131ld\u0131lar"},"content":{"rendered":"<p>Bu il fevral\u0131n 23-d\u0259 Rusiya Federasiyas\u0131nda r\u0259smi s\u0259f\u0259rd\u0259 olan Az\u0259rbaycan Prezidenti \u0130lham \u018fliyev TASS agentliyind\u0259 Rusiyan\u0131n apar\u0131c\u0131 K\u0130V-l\u0259rinin r\u0259hb\u0259rl\u0259ri il\u0259 g\u00f6r\u00fc\u015f ke\u00e7irib v\u0259 bu g\u00f6r\u00fc\u015f d\u00fcnyan\u0131n bir s\u0131ra apar\u0131c\u0131 informasiya vasit\u0259l\u0259rinin diqq\u0259t m\u0259rk\u0259zind\u0259 olub. G\u00f6r\u00fc\u015f zaman\u0131 \u00f6lk\u0259 ba\u015f\u00e7\u0131s\u0131 iki qon\u015fu d\u00f6vl\u0259t aras\u0131nda m\u00f6vcud \u0259laq\u0259l\u0259rin v\u0259ziyy\u0259ti, g\u0259l\u0259c\u0259kd\u0259 daha da geni\u015fl\u0259ndirilm\u0259si, h\u0259m\u00e7inin bir \u00e7ox sah\u0259l\u0259ri \u0259hat\u0259 ed\u0259n suallar\u0131 \u0259trafl\u0131 cavabland\u0131r\u0131b.<br \/>\nD\u00f6vl\u0259t ba\u015f\u00e7\u0131s\u0131 \u0130lham \u018fliyevin ist\u0259r V\u0259t\u0259n m\u00fcharib\u0259sinin getdiyi, ist\u0259rs\u0259 d\u0259 postm\u00fcnaqi\u015f\u0259 d\u00f6vr\u00fcnd\u0259 \u00e7oxsayl\u0131 m\u00fcsahib\u0259l\u0259rinin h\u0259r biri m\u0259hz tarixi Z\u0259f\u0259rimizin t\u0259qdimat\u0131 fonunda apar\u0131l\u0131r, 30 illik i\u015f\u011fal d\u00f6vr\u00fcn\u00fcn reall\u0131qlar\u0131 diqq\u0259t\u0259 \u00e7atd\u0131r\u0131l\u0131r, \u0259n \u0259sas haz\u0131rk\u0131 d\u00f6n\u0259md\u0259 regionda v\u0259 d\u00fcnyada c\u0259r\u0259yan ed\u0259n prosesl\u0259r\u0259 diqq\u0259t y\u00f6n\u0259ldilir.<br \/>\nG\u00f6r\u00fc\u015fd\u0259 d\u00f6vl\u0259t ba\u015f\u00e7\u0131s\u0131 qeyd edib ki, 30 il\u0259 yax\u0131n d\u00f6vrd\u0259 bu \u0259razil\u0259r tamamil\u0259 yerl\u0259-yeksan edilib, tarixi, dini abid\u0259l\u0259rimiz da\u011f\u0131d\u0131l\u0131b. D\u00f6vl\u0259t ba\u015f\u00e7\u0131s\u0131 bu g\u00f6r\u00fc\u015fd\u0259 d\u0259 diqq\u0259ti bu kimi erm\u0259ni v\u0259h\u015filikl\u0259rin\u0259 y\u00f6n\u0259ld\u0259r\u0259k qeyd edib ki, t\u0259qrib\u0259n 30 il \u0259rzind\u0259 Qaraba\u011fda v\u0259 Z\u0259ng\u0259zurda b\u00fct\u00fcn Az\u0259rbaycan m\u0259d\u0259niyy\u0259ti, tarixi, dini irsi m\u0259hv edilib. Bu ill\u0259r \u0259rzind\u0259 erm\u0259nil\u0259rin t\u00f6r\u0259tdikl\u0259ri t\u0259xribatlar\u0131, faci\u0259l\u0259ri &#8220;n\u0259d\u0259ns\u0259&#8221; d\u00fcnya g\u00f6rm\u00fcr. N\u0259d\u0259ns\u0259 d\u00fcnyan\u0131n apar\u0131c\u0131 d\u00f6vl\u0259tl\u0259ri, n\u00fcfuzlu beyn\u0259lxalq t\u0259\u015fkilatlar h\u0259qiq\u0259ti g\u00f6r\u00fcr, amma maraqlar\u0131 namin\u0259 susur, i\u015f\u011fal\u00e7\u0131 Erm\u0259nistan\u0131n b\u0259hr\u0259l\u0259nm\u0259sin\u0259 \u015f\u0259rait yarad\u0131r, dig\u0259r t\u0259r\u0259fd\u0259n is\u0259 ka\u011f\u0131z \u00fcz\u0259rind\u0259 qalm\u0131\u015f q\u0259rar v\u0259 q\u0259tnam\u0259l\u0259rind\u0259 Az\u0259rbaycan\u0131n m\u00f6vqeyinin haql\u0131 oldu\u011funu bildirirdil\u0259r.<br \/>\nBu g\u00fcn d\u00fcnya g\u00fccl\u0259ri bizim Z\u0259f\u0259rimizin yaratd\u0131\u011f\u0131 reall\u0131qlar\u0131 q\u0259bul edirl\u0259r. Az\u0259rbaycan V\u0259t\u0259n m\u00fcharib\u0259sind\u0259 Q\u0259l\u0259b\u0259si il\u0259 d\u00fcnyaya \u0259dal\u0259tin v\u0259 beyn\u0259lxalq h\u00fcququn m\u00f6vcudlu\u011funu s\u00fcbut etdi, tarixi torpaqlar\u0131m\u0131za qovu\u015fduq v\u0259 bu g\u00fcn b\u00fct\u00fcn azad edilmi\u015f \u0259razil\u0259rimizd\u0259 \u00fc\u00e7r\u0259ngli bayra\u011f\u0131m\u0131z dal\u011falan\u0131r, b\u0259rpa v\u0259 quruculuq i\u015fl\u0259ri geni\u015f v\u00fcs\u0259t al\u0131b. D\u00f6vl\u0259t ba\u015f\u00e7\u0131s\u0131 \u0130lham \u018fliyev azad edilmi\u015f torpaqlarda b\u00fct\u00fcn b\u0259rpa i\u015fl\u0259rinin \u0259n y\u00fcks\u0259k s\u0259viyy\u0259d\u0259 t\u0259\u015fkil olunaca\u011f\u0131n\u0131 bildir\u0259r\u0259k bu \u0259razil\u0259rin c\u0259nn\u0259tm\u0259kana \u00e7evril\u0259c\u0259yini b\u00f6y\u00fck q\u00fcrur hissi il\u0259 vur\u011fulay\u0131r.<br \/>\n&#8220;Art\u0131q bizim t\u0259r\u0259fimizd\u0259n A\u011fdam, F\u00fczuli, \u015eu\u015fa \u015f\u0259h\u0259rl\u0259rinin tikintisinin Ba\u015f planlar\u0131 i\u015fl\u0259nib haz\u0131rlan\u0131b, dig\u0259r \u015f\u0259h\u0259rl\u0259rinki d\u0259 yax\u0131n vaxtlarda t\u0259sdiql\u0259n\u0259c\u0259k&#8221; s\u00f6yl\u0259y\u0259n \u00f6lk\u0259 Prezidenti qeyd etmi\u015fdir ki, h\u0259r \u015fey plan \u00fczr\u0259 yerin\u0259 yetiril\u0259c\u0259kdir. &#8220;Ya\u015f\u0131l enerji&#8221; prinsipi \u0259sas g\u00f6t\u00fcr\u00fcl\u0259c\u0259k: &#8220;Qaraba\u011f v\u0259 \u015e\u0259rqi Z\u0259ng\u0259zurun b\u00fct\u00fcn zonas\u0131 &#8220;ya\u015f\u0131l enerji&#8221; zonas\u0131 v\u0259 &#8220;a\u011f\u0131ll\u0131 \u015f\u0259h\u0259rl\u0259r&#8221;, &#8220;a\u011f\u0131ll\u0131 k\u0259ndl\u0259r&#8221; konsepsiyas\u0131 olacaq. Biz bu prosesi s\u00fcr\u0259tl\u0259ndirm\u0259k \u00fc\u00e7\u00fcn h\u0259r g\u00fcn, h\u0259r saat h\u0259r \u015fey edirik.&#8221;<br \/>\nBir s\u00f6zl\u0259 d\u00f6vl\u0259t ba\u015f\u00e7\u0131s\u0131 \u0130lham \u018fliyevin h\u0259r bir \u00e7\u0131x\u0131\u015f\u0131, m\u00fcsahib\u0259si g\u0259l\u0259c\u0259kl\u0259 ba\u011fl\u0131 h\u0259d\u0259fl\u0259rin t\u0259qdimat\u0131 olmaqla yana\u015f\u0131, Az\u0259rbaycan\u0131n informasiya c\u0259bh\u0259sind\u0259 qalibiyy\u0259tidir. Bu bax\u0131mdan ki, d\u00f6vl\u0259t ba\u015f\u00e7\u0131s\u0131 erm\u0259nil\u0259rin t\u0259xribatlar\u0131n\u0131, t\u00f6r\u0259tdikl\u0259ri faci\u0259l\u0259ri, v\u0259h\u015filikl\u0259ri \u0259sasl\u0131 \u015f\u0259kild\u0259 a\u00e7\u0131qlay\u0131r, d\u00fcnya g\u00fccl\u0259rini erm\u0259ni fa\u015fizminin tamamil\u0259 m\u0259hv edilm\u0259si \u00fc\u00e7\u00fcn birliy\u0259, h\u0259mr\u0259yliy\u0259 \u00e7a\u011f\u0131r\u0131r. D\u00fcnya g\u00fccl\u0259ri tarixi Z\u0259f\u0259rimizin yaratd\u0131\u011f\u0131 reall\u0131qlar\u0131 q\u0259bul etm\u0259kl\u0259 yana\u015f\u0131, ikili standartlara \u0259saslanan siyas\u0259tin yaratd\u0131\u011f\u0131 probleml\u0259rd\u0259n, etimads\u0131zl\u0131q m\u00fchitind\u0259n n\u0259tic\u0259 \u00e7\u0131xarmal\u0131d\u0131r.<\/p>\n<div class=\"AdviadNativeVideo\"><\/div>\n<p>\u0130srafil K\u0259rimov \u2013 Az\u0259rbaycan Jurnalistl\u0259r Birliyinin \u00fczv\u00fc<\/p>\n","protected":false},"excerpt":{"rendered":"<p>Bu il fevral\u0131n 23-d\u0259 Rusiya Federasiyas\u0131nda r\u0259smi s\u0259f\u0259rd\u0259 olan Az\u0259rbaycan Prezidenti \u0130lham \u018fliyev TASS agentliyind\u0259 Rusiyan\u0131n apar\u0131c\u0131 K\u0130V-l\u0259rinin r\u0259hb\u0259rl\u0259ri il\u0259 g\u00f6r\u00fc\u015f ke\u00e7irib v\u0259 bu g\u00f6r\u00fc\u015f d\u00fcnyan\u0131n bir s\u0131ra apar\u0131c\u0131 informasiya vasit\u0259l\u0259rinin diqq\u0259t m\u0259rk\u0259zind\u0259 olub. G\u00f6r\u00fc\u015f zaman\u0131 \u00f6lk\u0259 ba\u015f\u00e7\u0131s\u0131 iki qon\u015fu d\u00f6vl\u0259t aras\u0131nda m\u00f6vcud \u0259laq\u0259l\u0259rin v\u0259ziyy\u0259ti, g\u0259l\u0259c\u0259kd\u0259 daha da geni\u015fl\u0259ndirilm\u0259si, h\u0259m\u00e7inin bir \u00e7ox sah\u0259l\u0259ri \u0259hat\u0259 ed\u0259n suallar\u0131 \u0259trafl\u0131 cavabland\u0131r\u0131b. D\u00f6vl\u0259t ba\u015f\u00e7\u0131s\u0131 \u0130lham \u018fliyevin ist\u0259r V\u0259t\u0259n m\u00fcharib\u0259sinin getdiyi, ist\u0259rs\u0259 d\u0259 postm\u00fcnaqi\u015f\u0259 d\u00f6vr\u00fcnd\u0259 \u00e7oxsayl\u0131 m\u00fcsahib\u0259l\u0259rinin h\u0259r biri m\u0259hz tarixi Z\u0259f\u0259rimizin t\u0259qdimat\u0131 fonunda apar\u0131l\u0131r, 30 illik i\u015f\u011fal d\u00f6vr\u00fcn\u00fcn reall\u0131qlar\u0131 diqq\u0259t\u0259 \u00e7atd\u0131r\u0131l\u0131r, \u0259n \u0259sas haz\u0131rk\u0131&hellip;<\/p>\n","protected":false},"author":2,"featured_media":445992,"comment_status":"closed","ping_status":"closed","sticky":false,"template":"","format":"standard","meta":{"om_disable_all_campaigns":false,"_monsterinsights_skip_tracking":false,"_monsterinsights_sitenote_active":false,"_monsterinsights_sitenote_note":"","_monsterinsights_sitenote_category":0},"categories":[4],"tags":[],"aioseo_notices":[],"gutentor_comment":0,"rttpg_featured_image_url":{"full":["https:\/\/arantv.az\/wp-content\/uploads\/2022\/03\/2_81646118936.jpg",649,419,false],"landscape":["https:\/\/arantv.az\/wp-content\/uploads\/2022\/03\/2_81646118936.jpg",649,419,false],"portraits":["https:\/\/arantv.az\/wp-content\/uploads\/2022\/03\/2_81646118936.jpg",649,419,false],"thumbnail":["https:\/\/arantv.az\/wp-content\/uploads\/2022\/03\/2_81646118936-500x280.jpg",500,280,true],"medium":["https:\/\/arantv.az\/wp-content\/uploads\/2022\/03\/2_81646118936-565x365.jpg",565,365,true],"large":["https:\/\/arantv.az\/wp-content\/uploads\/2022\/03\/2_81646118936.jpg",640,413,false],"1536x1536":["https:\/\/arantv.az\/wp-content\/uploads\/2022\/03\/2_81646118936.jpg",649,419,false],"2048x2048":["https:\/\/arantv.az\/wp-content\/uploads\/2022\/03\/2_81646118936.jpg",649,419,false],"post-thumbnail":["https:\/\/arantv.az\/wp-content\/uploads\/2022\/03\/2_81646118936-240x172.jpg",240,172,true],"advps-thumb-one":["https:\/\/arantv.az\/wp-content\/uploads\/2022\/03\/2_81646118936.jpg",649,419,false]},"rttpg_author":{"display_name":"V\u00fcsal Rafiqo\u011flu","author_link":"https:\/\/arantv.az\/?author=2"},"rttpg_comment":0,"rttpg_category":"<a href=\"https:\/\/arantv.az\/?cat=4\" rel=\"category\">Siyas\u0259t<\/a>","rttpg_excerpt":"Bu il fevral\u0131n 23-d\u0259 Rusiya Federasiyas\u0131nda r\u0259smi s\u0259f\u0259rd\u0259 olan Az\u0259rbaycan Prezidenti \u0130lham \u018fliyev TASS agentliyind\u0259 Rusiyan\u0131n apar\u0131c\u0131 K\u0130V-l\u0259rinin r\u0259hb\u0259rl\u0259ri il\u0259 g\u00f6r\u00fc\u015f ke\u00e7irib v\u0259 bu g\u00f6r\u00fc\u015f d\u00fcnyan\u0131n bir s\u0131ra apar\u0131c\u0131 informasiya vasit\u0259l\u0259rinin diqq\u0259t m\u0259rk\u0259zind\u0259 olub. G\u00f6r\u00fc\u015f zaman\u0131 \u00f6lk\u0259 ba\u015f\u00e7\u0131s\u0131 iki qon\u015fu d\u00f6vl\u0259t aras\u0131nda m\u00f6vcud \u0259laq\u0259l\u0259rin v\u0259ziyy\u0259ti, g\u0259l\u0259c\u0259kd\u0259 daha da geni\u015fl\u0259ndirilm\u0259si, h\u0259m\u00e7inin bir \u00e7ox sah\u0259l\u0259ri \u0259hat\u0259 ed\u0259n&hellip;","_links":{"self":[{"href":"https:\/\/arantv.az\/index.php?rest_route=\/wp\/v2\/posts\/445991"}],"collection":[{"href":"https:\/\/arantv.az\/index.php?rest_route=\/wp\/v2\/posts"}],"about":[{"href":"https:\/\/arantv.az\/index.php?rest_route=\/wp\/v2\/types\/post"}],"author":[{"embeddable":true,"href":"https:\/\/arantv.az\/index.php?rest_route=\/wp\/v2\/users\/2"}],"replies":[{"embeddable":true,"href":"https:\/\/arantv.az\/index.php?rest_route=%2Fwp%2Fv2%2Fcomments&post=445991"}],"version-history":[{"count":0,"href":"https:\/\/arantv.az\/index.php?rest_route=\/wp\/v2\/posts\/445991\/revisions"}],"wp:featuredmedia":[{"embeddable":true,"href":"https:\/\/arantv.az\/index.php?rest_route=\/wp\/v2\/media\/445992"}],"wp:attachment":[{"href":"https:\/\/arantv.az\/index.php?rest_route=%2Fwp%2Fv2%2Fmedia&parent=445991"}],"wp:term":[{"taxonomy":"category","embeddable":true,"href":"https:\/\/arantv.az\/index.php?rest_route=%2Fwp%2Fv2%2Fcategories&post=445991"},{"taxonomy":"post_tag","embeddable":true,"href":"https:\/\/arantv.az\/index.php?rest_route=%2Fwp%2Fv2%2Ftags&post=445991"}],"curies":[{"name":"wp","href":"https:\/\/api.w.org\/{rel}","templated":true}]}}