{"id":445997,"date":"2022-03-01T10:31:10","date_gmt":"2022-03-01T07:31:10","guid":{"rendered":"http:\/\/arantv.az\/?p=445997"},"modified":"2022-03-01T10:31:10","modified_gmt":"2022-03-01T07:31:10","slug":"az%c9%99rbaycan-rusiyanin-v%c9%99-turkiy%c9%99nin-mutt%c9%99fiqidir","status":"publish","type":"post","link":"https:\/\/arantv.az\/?p=445997","title":{"rendered":"Az\u0259rbaycan Rusiyan\u0131n v\u0259 T\u00fcrkiy\u0259nin m\u00fctt\u0259fiqidir."},"content":{"rendered":"<div class=\"cxmmr5t8 oygrvhab hcukyx3x c1et5uql o9v6fnle ii04i59q\">\n<div dir=\"auto\">\u00d6lk\u0259 Prezidenti c\u0259nab \u0130lham \u018fliyevin Rusiya Federasiyas\u0131na sonuncu s\u0259f\u0259ri zaman\u0131 imzalanan Az\u0259rbaycan-Rusiya m\u00fct\u0259ffiqlik haqq\u0131nda B\u0259yannam\u0259 \u00f6lk\u0259mizin n\u00f6vb\u0259ti diplomatik u\u011furudur.<\/div>\n<div dir=\"auto\">C\u0259nab Prezident t\u0259r\u0259find\u0259n h\u0259yata ke\u00e7iril\u0259n uzaqg\u00f6r\u0259n v\u0259 q\u0259tiyy\u0259tli siyas\u0259t \u00f6lk\u0259mizi b\u00fct\u00fcn beyn\u0259lxalq m\u00fcnasib\u0259tl\u0259rd\u0259 \u0259n pik n\u00f6qt\u0259y\u0259 \u00e7atd\u0131rmaqdad\u0131r. \u00d6lk\u0259mizin milli maraqlar\u0131n\u0131n xarici siyas\u0259t fonunda \u0259sas proritet m\u0259s\u0259l\u0259l\u0259rd\u0259n biri qon\u015fu d\u00f6vl\u0259tl\u0259rl\u0259 y\u00fcks\u0259k \u0259laq\u0259l\u0259rin qurulmas\u0131d\u0131r. Eyni zamanda b\u00fct\u00fcn bu m\u00fcnasib\u0259tl\u0259r \u00f6lk\u0259mizin milli t\u0259hl\u00fck\u0259sizliyin\u0259 v\u0259 maraqlar\u0131na qar\u015f\u0131 y\u00f6n\u0259lmi\u015f t\u0259hdidl\u0259rin qabaqlan\u0131lmas\u0131na v\u0259 aradan qald\u0131r\u0131lmas\u0131na xidm\u0259t edir.<\/div>\n<div dir=\"auto\">\u015eimal qon\u015fumuz v\u0259 regionda \u0259sas n\u00fcfuz sahibi olan Rusiya il\u0259 \u00f6lk\u0259mizin m\u00fcnasib\u0259tl\u0259rin\u0259 g\u0259ldikd\u0259 is\u0259 art\u0131q 30 ildir ki, bu m\u00fcnasib\u0259t inki\u015faf etm\u0259kd\u0259dir. Bu 30 il \u0259rzind\u0259 \u00f6lk\u0259l\u0259rimiz aras\u0131nda 200-d\u0259n \u00e7ox s\u0259n\u0259d imzalan\u0131b. H\u0259tda bu iki \u00f6lk\u0259 aras\u0131ndak\u0131 m\u00fcnasib\u0259tl\u0259r m\u00fct\u0259ffiqlik kimi d\u0259 xarakteriz\u0259 olunurdu. Bu reall\u0131qda bel\u0259 olsada bu bar\u0259d\u0259 r\u0259smi bir s\u0259n\u0259d yox idi. M\u0259hz \u00f6lk\u0259 ba\u015f\u00e7\u0131s\u0131n\u0131n sonuncu s\u0259f\u0259ri bu iki t\u0259r\u0259fli B\u0259yannam\u0259nin imzalanmas\u0131n\u0131 r\u0259sml\u0259\u015fdirm\u0259kl\u0259 \u00f6lk\u0259mizin Rusiya Federasiyas\u0131 il\u0259 m\u00fcnasib\u0259tl\u0259rini \u0259n ali formata \u00e7atd\u0131rd\u0131. \u0130mzalanm\u0131\u015f B\u0259yannam\u0259 uzun ill\u0259r boyu apar\u0131lm\u0131\u015f \u00e7ox ciddi i\u015fin n\u0259tic\u0259sidir. Bu s\u0259n\u0259din \u0259rs\u0259y\u0259 g\u0259lm\u0259si \u00fc\u00e7\u00fcn Rusiya v\u0259 Az\u0259rbaycan n\u00fcmay\u0259nd\u0259l\u0259rind\u0259n ibar\u0259t qrup s\u0259n\u0259din \u00fcz\u0259rind\u0259 bir ild\u0259n art\u0131q m\u00fcdd\u0259td\u0259 birg\u0259 \u00e7al\u0131\u015faraq v\u0259 h\u0259r iki \u00f6lk\u0259nin milli maraqlar\u0131na xidm\u0259t etm\u0259sini t\u0259min edibl\u0259r. B\u0259yannam\u0259d\u0259 Rusiya v\u0259 Az\u0259rbaycan t\u0259r\u0259find\u0259n m\u00fcxt\u0259lif istiqam\u0259tl\u0259r ticari-iqtisadi, n\u0259qliyyat, humanitar f\u0259aliyy\u0259t v\u0259 dig\u0259r istiqam\u0259tl\u0259r \u00fczr\u0259 q\u0259bul edilmi\u015f s\u0259kkiz yol x\u0259rit\u0259si realla\u015fma m\u0259rh\u0259l\u0259sind\u0259dir.<\/div>\n<\/div>\n<div class=\"cxmmr5t8 oygrvhab hcukyx3x c1et5uql o9v6fnle ii04i59q\">\n<div dir=\"auto\">Regionumuzda \u0259n b\u00f6y\u00fck h\u0259rbi-siyasi t\u0259\u015fkilat olan Kollektiv T\u0259hl\u00fck\u0259sizlik M\u00fcqavil\u0259si T\u0259\u015fkilat\u0131nda apar\u0131c\u0131 rol m\u0259hz Rusiyaya m\u0259xsusdur. \u00d6lk\u0259mizin Rusiya il\u0259 h\u0259rbi-siyasi \u0259m\u0259kda\u015fl\u0131\u011f\u0131n s\u0259viyy\u0259sinin art\u0131r\u0131lmas\u0131 istiqam\u0259tind\u0259 bir add\u0131m art\u0131q at\u0131l\u0131b.<\/div>\n<div dir=\"auto\">2020-ci il iyul aylar\u0131nda Erm\u0259nistan silahl\u0131 birl\u0259\u015fm\u0259l\u0259rinin Az\u0259baycan\u0131n Tovuz rayonu il\u0259 s\u0259rh\u0259dd\u0259 t\u0259xribata \u0259l atmas\u0131n\u0131n \u0259sas m\u0259qs\u0259di m\u0259hz KTMT-nin bu m\u0259s\u0259l\u0259y\u0259 qatmaq niyy\u0259tin\u0259 xidm\u0259t edirdi. Erm\u0259nistan el\u0259 d\u00fc\u015f\u00fcn\u00fcrd\u00fc ki, bu h\u0259rbi-siyasi t\u0259\u015fkilata \u00fczv olan \u00f6lk\u0259l\u0259r Az\u0259rbaycana qar\u015f\u0131 h\u0259rbi v\u0259 siyasi t\u0259yziql\u0259r ed\u0259c\u0259k v\u0259 Erm\u0259nistan\u0131n i\u015f\u011fal\u00e7\u0131l\u0131q siyas\u0259tin\u0259 d\u0259st\u0259k olacaq. Amma g\u00f6zl\u0259dikl\u0259rini ala bilm\u0259dil\u0259r \u00e7\u00fcnki, Erm\u0259nistan istisna olmaqla KTMT-nin dig\u0259r \u00fczvl\u0259ri il\u0259 Az\u0259rbaycan\u0131n etimadl\u0131, yax\u0131n, dostluq m\u00fcnasib\u0259tl\u0259ri var.<\/div>\n<div dir=\"auto\">\u00d6lk\u0259miz h\u0259r zaman s\u00fclh\u00fcn v\u0259 qar\u015f\u0131l\u0131ql\u0131 dostluq m\u00fcnasib\u0259tl\u0259rinin t\u0259r\u0259find\u0259 olmu\u015fdur. \u00c7ox t\u0259\u0259ss\u00fcfl\u0259r olsun ki, Erm\u0259nistan \u00f6lk\u0259miz\u0259 qar\u015f\u0131 30 il i\u015f\u011fal\u00e7\u0131l\u0131q siyas\u0259tini h\u0259yata ke\u00e7irmi\u015fdir.<\/div>\n<div dir=\"auto\">2020-ci il 44 g\u00fcnl\u00fck V\u0259t\u0259n m\u00fcharib\u0259si bu i\u015f\u011fala son qoydu. Az\u0259rbaycan Erm\u0259nistan il\u0259 s\u00fclh m\u00fcqavil\u0259si ba\u011flamaq arzusundad\u0131r. \u0130\u015f\u011faldan azad edil\u0259n \u0259razil\u0259rin minalardan t\u0259mizl\u0259nm\u0259si \u0259sas m\u0259s\u0259l\u0259dir. B\u00fct\u00fcn bu 30 il \u0259rzind\u0259 i\u015f\u011fal olunmu\u015f rayonlar\u0131m\u0131z\u0131n \u0259razil\u0259rin\u0259 100 minl\u0259rd\u0259 mina basd\u0131r\u0131lm\u0131\u015fd\u0131r. M\u00fcharib\u0259nin qurtarmas\u0131ndan ke\u00e7\u0259n bir il \u00fc\u00e7 ay \u0259rzind\u0259 minalar\u0131n partlamas\u0131 n\u0259tic\u0259sind\u0259 \u00f6l\u0259nl\u0259rin v\u0259 \u0259lil olanlar\u0131n say\u0131 200 n\u0259f\u0259rd\u0259n \u00e7oxdur. Mina x\u0259rit\u0259l\u0259rinin Az\u0259rbaycana t\u0259qdim edilm\u0259m\u0259si beyn\u0259lxalq humanitar h\u00fcququnun pozulmas\u0131 dem\u0259kdir. T\u0259qdim olunmu\u015f x\u0259rit\u0259nin d\u0259qiqliyi 25 faiz t\u0259\u015fkil edir.<\/div>\n<div dir=\"auto\">\u0130kinci Qaraba\u011f m\u00fcharib\u0259sind\u0259n sonra i\u015f\u011faldan azad edilmi\u015f \u0259razil\u0259rd\u0259 1700-d\u0259n \u00e7ox h\u0259lak olmu\u015f erm\u0259ni h\u0259rbi qulluq\u00e7usu tap\u0131l\u0131b v\u0259 qaytar\u0131l\u0131b. Birinci Qaraba\u011f m\u00fcharib\u0259si d\u00f6vr\u00fcnd\u0259n 3890 az\u0259rbaycanl\u0131, o c\u00fcml\u0259d\u0259n t\u0259qrib\u0259n 200 u\u015faq indiy\u0259d\u0259k itkin d\u00fc\u015fm\u00fc\u015f hesab edilir. Ancaq Erm\u0259ni t\u0259r\u0259fin\u0259 k\u00fctl\u0259vi m\u0259zarl\u0131qlar\u0131n yerini g\u00f6st\u0259rm\u0259l\u0259ri bar\u0259d\u0259 m\u00fcraci\u0259t\u0259 baxmayaraq h\u0259l\u0259 cavab yoxdur. Bu m\u0259zarl\u0131qlar h\u0259rbi cinay\u0259tl\u0259rin s\u00fcbutlar\u0131 olacaq.<\/div>\n<div dir=\"auto\">B\u00fct\u00fcn bu ill\u0259r \u0259rzind\u0259 Az\u0259rbaycanda h\u0259r hans\u0131sa bir etnik prinsip\u0259 g\u00f6r\u0259 \u00f6lk\u0259y\u0259 giri\u015f\u0259 qada\u011fa yoxdur v\u0259 erm\u0259ni xalq\u0131n\u0131n n\u00fcmay\u0259nd\u0259l\u0259rinin Az\u0259rbaycana \u00e7oxsayl\u0131 s\u0259f\u0259rl\u0259ri buna s\u00fcbutdur. Misal olaraq Erm\u0259nistandan olan komanda Avropa Oyunlar\u0131 kimi idman t\u0259dbirl\u0259rind\u0259 i\u015ftirak etm\u0259k \u00fc\u00e7\u00fcn Bak\u0131da olmaqlar\u0131n\u0131, Erm\u0259nistan n\u00fcmay\u0259nd\u0259l\u0259ri, h\u0259tta etnik erm\u0259nil\u0259r Az\u0259rbaycanda t\u0259\u015fkil olunan m\u00fcxt\u0259lif t\u0259dbirl\u0259rd\u0259 i\u015ftirak etm\u0259kl\u0259rini g\u00f6st\u0259rm\u0259k olar. Bir ne\u00e7\u0259 il bundan \u0259vv\u0259l Katalikos Qareginin Bak\u0131ya s\u0259f\u0259ri olub. O, Bak\u0131n\u0131n m\u0259rk\u0259zind\u0259 erm\u0259ni kils\u0259sind\u0259 erm\u0259ni dilind\u0259 5 mind\u0259n \u00e7ox kitab\u0131n qorunub saxlanma\u011f\u0131n\u0131n \u015fahidi olub.<\/div>\n<div dir=\"auto\">Erm\u0259nistan \u00f6z i\u015f\u011fal\u00e7\u0131l\u0131q niyy\u0259tini bir k\u0259nara qoyub V\u0259t\u0259n m\u00fcharib\u0259sind\u0259n sonra regionda yarad\u0131lan reall\u0131qla bar\u0131\u015fmal\u0131d\u0131r. Regionda s\u00fclh\u0259 t\u0259minat ver\u0259n Az\u0259rbaycanla s\u00fclh v\u0259 \u0259m\u0259kda\u015fl\u0131q format\u0131na ke\u00e7m\u0259lidir ki, inki\u015faf etsin. B\u00fct\u00fcn bu fikirl\u0259ri Prezident \u0130lham \u018fliyevin sonuncu Rusiya s\u0259f\u0259rind\u0259 h\u0259yata ke\u00e7iril\u0259n i\u015fl\u0259rin v\u0259 TASS agentliyind\u0259 Rusiyan\u0131n apar\u0131c\u0131 k\u00fctl\u0259vi informasiya vasit\u0259l\u0259rinin r\u0259hb\u0259rl\u0259ri il\u0259 g\u00f6r\u00fc\u015f\u00fcnd\u0259 s\u00f6yl\u0259diyi fikirl\u0259rin fonunda dem\u0259k m\u00fcmk\u00fcnd\u00fcr.<\/div>\n<\/div>\n<div class=\"cxmmr5t8 oygrvhab hcukyx3x c1et5uql o9v6fnle ii04i59q\">\n<div dir=\"auto\">B\u0259rd\u0259 \u015f\u0259h\u0259r Akademik Tofiq \u0130smay\u0131lov ad\u0131na 1 sayl\u0131 tam orta m\u0259kt\u0259bin m\u00fc\u0259llimi \u2013 Elmir M\u0259mm\u0259dov.<\/div>\n<\/div>\n","protected":false},"excerpt":{"rendered":"<p>\u00d6lk\u0259 Prezidenti c\u0259nab \u0130lham \u018fliyevin Rusiya Federasiyas\u0131na sonuncu s\u0259f\u0259ri zaman\u0131 imzalanan Az\u0259rbaycan-Rusiya m\u00fct\u0259ffiqlik haqq\u0131nda B\u0259yannam\u0259 \u00f6lk\u0259mizin n\u00f6vb\u0259ti diplomatik u\u011furudur. C\u0259nab Prezident t\u0259r\u0259find\u0259n h\u0259yata ke\u00e7iril\u0259n uzaqg\u00f6r\u0259n v\u0259 q\u0259tiyy\u0259tli siyas\u0259t \u00f6lk\u0259mizi b\u00fct\u00fcn beyn\u0259lxalq m\u00fcnasib\u0259tl\u0259rd\u0259 \u0259n pik n\u00f6qt\u0259y\u0259 \u00e7atd\u0131rmaqdad\u0131r. \u00d6lk\u0259mizin milli maraqlar\u0131n\u0131n xarici siyas\u0259t fonunda \u0259sas proritet m\u0259s\u0259l\u0259l\u0259rd\u0259n biri qon\u015fu d\u00f6vl\u0259tl\u0259rl\u0259 y\u00fcks\u0259k \u0259laq\u0259l\u0259rin qurulmas\u0131d\u0131r. Eyni zamanda b\u00fct\u00fcn bu m\u00fcnasib\u0259tl\u0259r \u00f6lk\u0259mizin milli t\u0259hl\u00fck\u0259sizliyin\u0259 v\u0259 maraqlar\u0131na qar\u015f\u0131 y\u00f6n\u0259lmi\u015f t\u0259hdidl\u0259rin qabaqlan\u0131lmas\u0131na v\u0259 aradan qald\u0131r\u0131lmas\u0131na xidm\u0259t edir. \u015eimal qon\u015fumuz v\u0259 regionda \u0259sas n\u00fcfuz sahibi olan Rusiya il\u0259 \u00f6lk\u0259mizin m\u00fcnasib\u0259tl\u0259rin\u0259 g\u0259ldikd\u0259 is\u0259 art\u0131q 30 ildir ki, bu m\u00fcnasib\u0259t&hellip;<\/p>\n","protected":false},"author":2,"featured_media":445998,"comment_status":"closed","ping_status":"closed","sticky":false,"template":"","format":"standard","meta":{"om_disable_all_campaigns":false,"_monsterinsights_skip_tracking":false,"_monsterinsights_sitenote_active":false,"_monsterinsights_sitenote_note":"","_monsterinsights_sitenote_category":0},"categories":[8],"tags":[],"aioseo_notices":[],"gutentor_comment":0,"rttpg_featured_image_url":{"full":["https:\/\/arantv.az\/wp-content\/uploads\/2022\/03\/274988945_263255922656195_27909245956993785_n.jpg",1200,800,false],"landscape":["https:\/\/arantv.az\/wp-content\/uploads\/2022\/03\/274988945_263255922656195_27909245956993785_n.jpg",1200,800,false],"portraits":["https:\/\/arantv.az\/wp-content\/uploads\/2022\/03\/274988945_263255922656195_27909245956993785_n.jpg",1200,800,false],"thumbnail":["https:\/\/arantv.az\/wp-content\/uploads\/2022\/03\/274988945_263255922656195_27909245956993785_n-500x280.jpg",500,280,true],"medium":["https:\/\/arantv.az\/wp-content\/uploads\/2022\/03\/274988945_263255922656195_27909245956993785_n-548x365.jpg",548,365,true],"large":["https:\/\/arantv.az\/wp-content\/uploads\/2022\/03\/274988945_263255922656195_27909245956993785_n-840x560.jpg",640,427,true],"1536x1536":["https:\/\/arantv.az\/wp-content\/uploads\/2022\/03\/274988945_263255922656195_27909245956993785_n.jpg",1200,800,false],"2048x2048":["https:\/\/arantv.az\/wp-content\/uploads\/2022\/03\/274988945_263255922656195_27909245956993785_n.jpg",1200,800,false],"post-thumbnail":["https:\/\/arantv.az\/wp-content\/uploads\/2022\/03\/274988945_263255922656195_27909245956993785_n-240x172.jpg",240,172,true],"advps-thumb-one":["https:\/\/arantv.az\/wp-content\/uploads\/2022\/03\/274988945_263255922656195_27909245956993785_n-1200x620.jpg",1200,620,true]},"rttpg_author":{"display_name":"V\u00fcsal Rafiqo\u011flu","author_link":"https:\/\/arantv.az\/?author=2"},"rttpg_comment":0,"rttpg_category":"<a href=\"https:\/\/arantv.az\/?cat=8\" rel=\"category\">\u018fsas s\u0259hif\u0259<\/a>","rttpg_excerpt":"\u00d6lk\u0259 Prezidenti c\u0259nab \u0130lham \u018fliyevin Rusiya Federasiyas\u0131na sonuncu s\u0259f\u0259ri zaman\u0131 imzalanan Az\u0259rbaycan-Rusiya m\u00fct\u0259ffiqlik haqq\u0131nda B\u0259yannam\u0259 \u00f6lk\u0259mizin n\u00f6vb\u0259ti diplomatik u\u011furudur. C\u0259nab Prezident t\u0259r\u0259find\u0259n h\u0259yata ke\u00e7iril\u0259n uzaqg\u00f6r\u0259n v\u0259 q\u0259tiyy\u0259tli siyas\u0259t \u00f6lk\u0259mizi b\u00fct\u00fcn beyn\u0259lxalq m\u00fcnasib\u0259tl\u0259rd\u0259 \u0259n pik n\u00f6qt\u0259y\u0259 \u00e7atd\u0131rmaqdad\u0131r. \u00d6lk\u0259mizin milli maraqlar\u0131n\u0131n xarici siyas\u0259t fonunda \u0259sas proritet m\u0259s\u0259l\u0259l\u0259rd\u0259n biri qon\u015fu d\u00f6vl\u0259tl\u0259rl\u0259 y\u00fcks\u0259k \u0259laq\u0259l\u0259rin qurulmas\u0131d\u0131r. Eyni zamanda b\u00fct\u00fcn bu&hellip;","_links":{"self":[{"href":"https:\/\/arantv.az\/index.php?rest_route=\/wp\/v2\/posts\/445997"}],"collection":[{"href":"https:\/\/arantv.az\/index.php?rest_route=\/wp\/v2\/posts"}],"about":[{"href":"https:\/\/arantv.az\/index.php?rest_route=\/wp\/v2\/types\/post"}],"author":[{"embeddable":true,"href":"https:\/\/arantv.az\/index.php?rest_route=\/wp\/v2\/users\/2"}],"replies":[{"embeddable":true,"href":"https:\/\/arantv.az\/index.php?rest_route=%2Fwp%2Fv2%2Fcomments&post=445997"}],"version-history":[{"count":0,"href":"https:\/\/arantv.az\/index.php?rest_route=\/wp\/v2\/posts\/445997\/revisions"}],"wp:featuredmedia":[{"embeddable":true,"href":"https:\/\/arantv.az\/index.php?rest_route=\/wp\/v2\/media\/445998"}],"wp:attachment":[{"href":"https:\/\/arantv.az\/index.php?rest_route=%2Fwp%2Fv2%2Fmedia&parent=445997"}],"wp:term":[{"taxonomy":"category","embeddable":true,"href":"https:\/\/arantv.az\/index.php?rest_route=%2Fwp%2Fv2%2Fcategories&post=445997"},{"taxonomy":"post_tag","embeddable":true,"href":"https:\/\/arantv.az\/index.php?rest_route=%2Fwp%2Fv2%2Ftags&post=445997"}],"curies":[{"name":"wp","href":"https:\/\/api.w.org\/{rel}","templated":true}]}}