{"id":446000,"date":"2022-03-01T10:32:01","date_gmt":"2022-03-01T07:32:01","guid":{"rendered":"http:\/\/arantv.az\/?p=446000"},"modified":"2022-03-01T10:32:01","modified_gmt":"2022-03-01T07:32:01","slug":"az%c9%99rbaycanin-qlobal-humanitar-missiyasi-ugurla-davam-edir","status":"publish","type":"post","link":"https:\/\/arantv.az\/?p=446000","title":{"rendered":"Az\u0259rbaycan\u0131n qlobal humanitar missiyas\u0131 u\u011furla davam edir."},"content":{"rendered":"<div dir=\"auto\">Fevral\u0131n 25-d\u0259 BMT Ba\u015f Assambleyas\u0131n\u0131n s\u0259drinin \u201cUniversal peyv\u0259ndl\u0259nm\u0259 \u00fc\u00e7\u00fcn s\u0259yl\u0259rin art\u0131r\u0131lmas\u0131\u201d m\u00f6vzusunda t\u0259\u015fkil etdiyi y\u00fcks\u0259k s\u0259viyy\u0259li tematik m\u00fczakir\u0259l\u0259r ke\u00e7irilmi\u015fdir. Az\u0259rbaycan Respublikas\u0131n\u0131n Prezidenti C\u0259nab \u0130lham \u018fliyevin milli qisimd\u0259&#8212; h\u0259m d\u00f6vl\u0259timizin ad\u0131ndan, h\u0259m d\u0259 Qo\u015fulmama H\u0259r\u0259kat\u0131n\u0131n s\u0259dri kimi H\u0259r\u0259kata \u00fczv d\u00f6vl\u0259tl\u0259r ad\u0131ndan videoformatda \u00e7\u0131x\u0131\u015f\u0131 t\u0259qdim olunub.<\/div>\n<div dir=\"auto\">Bildiyimiz kimi, 2020-ci ilin ilk aylar\u0131ndan ba\u015flayaraq, Koronavirus infeksiyas\u0131 arzulamad\u0131\u011f\u0131m\u0131z halda h\u0259yat\u0131m\u0131za daxil oldu . Qlobal miqyasda davam ed\u0259n Covid-19 pandemiyas\u0131 d\u00f6vr\u00fcnd\u0259 \u0259sas \u015f\u0259rtl\u0259rd\u0259n biri bu m\u0259s\u0259l\u0259 il\u0259 ba\u011fl\u0131 operativ v\u0259 d\u00fczg\u00fcn q\u0259rarlar q\u0259bul etm\u0259k idi. Koronavirusun ilk \u00fcz\u0259 \u00e7\u0131xd\u0131\u011f\u0131 d\u00f6vrd\u0259n etibar\u0259n Az\u0259rbaycan ona qar\u015f\u0131 \u0259n effektiv m\u00fcbariz\u0259 aparan \u00f6lk\u0259l\u0259rd\u0259n biri oldu. Bu m\u00fcbariz\u0259 t\u0259dbirl\u0259rinin say\u0259sind\u0259 \u00f6lk\u0259mizd\u0259 yoluxma hallar\u0131n\u0131n say\u0131 minimuma endirilmi\u015fdir. Q\u0131sa m\u00fcdd\u0259td\u0259 Nazirl\u0259r Kabineti yan\u0131nda Operativ Q\u0259rargah yarad\u0131laraq g\u00fccl\u0259ndirilmi\u015f i\u015f rejimin\u0259 ke\u00e7irildi, \u00f6lk\u0259mizd\u0259 profilaktik v\u0259 maarifl\u0259ndirm\u0259 t\u0259dbirl\u0259ri h\u0259yata ke\u00e7irildi, bir daha d\u00f6vl\u0259t v\u0259 xalq h\u0259mr\u0259yliyi n\u00fcmayi\u015f etdirildi. Qeyd ed\u0259k ki, karantin rejimi t\u0259tbiq olunan g\u00fcnd\u0259n v\u0259t\u0259nda\u015flar\u0131m\u0131za d\u00f6vl\u0259timiz t\u0259r\u0259find\u0259n x\u00fcsusi diqq\u0259t v\u0259 qay\u011f\u0131 g\u00f6st\u0259rildi, m\u00fcxt\u0259lif formalarda yard\u0131mlar edildi. Pandemiyadan z\u0259r\u0259r \u00e7\u0259k\u0259n sah\u0259l\u0259r\u0259 y\u00fcks\u0259k s\u0259viyy\u0259d\u0259 d\u0259st\u0259k g\u00f6st\u0259rildi. D\u00f6vl\u0259t d\u0259st\u0259yini hiss etm\u0259k \u0259hali \u00fc\u00e7\u00fcn vacib amill\u0259rd\u0259n biri idi.<\/div>\n<div dir=\"auto\">Az\u0259rbaycan\u0131n Koronovirusla M\u00fcbariz\u0259y\u0259 D\u0259st\u0259k Fondu yaratmas\u0131 ideyas\u0131 is\u0259 art\u0131q geni\u015f t\u0259cr\u00fcb\u0259y\u0259 \u00e7evrilib. C\u0259nab Prezident \u0130lham \u018fliyevin t\u0259\u015f\u0259bb\u00fcs\u00fc il\u0259 yarad\u0131lan, \u00f6z\u00fcn\u00fcn v\u0259 Birinci Vitse Prezident Mehriban xan\u0131m \u018fliyevan\u0131n bir illik \u0259m\u0259khaqqlar\u0131n\u0131 yarad\u0131lm\u0131\u015f fonda ian\u0259 etdil\u0259r. Bu t\u0259\u015f\u0259bb\u00fcs\u0259 v\u0259t\u0259nda\u015flar\u0131m\u0131z, d\u00f6vl\u0259t qulluq\u00e7ular\u0131, \u015firk\u0259tl\u0259r d\u0259 qo\u015fuldular. Bel\u0259 g\u00fcnl\u0259rd\u0259 m\u00fch\u00fcm m\u0259s\u0259l\u0259l\u0259rd\u0259n biri milli v\u0259 v\u0259t\u0259nda\u015f h\u0259mr\u0259yliyinin m\u00f6vcudlu\u011fu, bunu c\u0259miyy\u0259tin bir daha hiss etm\u0259si, h\u0259r k\u0259sin V\u0259t\u0259n \u00fc\u00e7\u00fcn, c\u0259miyy\u0259t \u00fc\u00e7\u00fcn \u0259lind\u0259n g\u0259l\u0259ni ed\u0259 bilm\u0259kl\u0259 \u00f6z bacar\u0131\u011f\u0131n\u0131 v\u0259 d\u00f6vl\u0259t\u00e7iliyini n\u00fcmayi\u015f etdirm\u0259sidir.<\/div>\n<div dir=\"auto\">Vur\u011fulamaq ist\u0259yir\u0259m ki, d\u00f6vl\u0259timiz t\u0259kc\u0259 \u00f6z daxilind\u0259 deyil, pandemiya il\u0259 qlobal s\u0259viyy\u0259d\u0259 d\u0259 m\u00fcbariz\u0259 apar\u0131r. COVID-19 pandemiyas\u0131na qar\u015f\u0131 m\u00fcbariz\u0259d\u0259 \u00f6lk\u0259l\u0259rin s\u0259yl\u0259rini birl\u0259\u015fdirm\u0259si, \u00e7oxt\u0259r\u0259fli \u0259m\u0259kda\u015fl\u0131q g\u00f6st\u0259rm\u0259si t\u0259\u015f\u0259bb\u00fcs\u00fcn\u00fc d\u0259 m\u0259hz Az\u0259rbaycan ir\u0259li s\u00fcr\u00fcb.<\/div>\n<div dir=\"auto\">25 fevral 2022-ci il tarixd\u0259 BMT Ba\u015f Assambleyas\u0131n\u0131n s\u0259drinin \u201cUniversal peyv\u0259ndl\u0259nm\u0259 \u00fc\u00e7\u00fcn s\u0259yl\u0259rin art\u0131r\u0131lmas\u0131\u201d m\u00f6vzusunda t\u0259\u015fkil etdiyi y\u00fcks\u0259k s\u0259viyy\u0259li tematik m\u00fczakir\u0259l\u0259r zaman\u0131, videoformatda \u00e7\u0131x\u0131\u015f ed\u0259n Az\u0259rbaycan Respublikas\u0131n\u0131n Prezidenti \u0130lham \u018fliyev bel\u0259 qeyd etmi\u015fdir:<\/div>\n<div dir=\"auto\">\u201cH\u0259mr\u0259ylik \u0259lam\u0259ti olaraq, koronavirusla m\u00fcbariz\u0259ni d\u0259st\u0259kl\u0259m\u0259k m\u0259qs\u0259dil\u0259 Az\u0259rbaycan birba\u015fa v\u0259 ya \u00dcmumd\u00fcnya S\u0259hiyy\u0259 T\u0259\u015fkilat\u0131 vasit\u0259sil\u0259 80-\u0259 q\u0259d\u0259r \u00f6lk\u0259y\u0259 maliyy\u0259 v\u0259 humanitar yard\u0131m\u0131 etmi\u015fdir. Bununla yana\u015f\u0131, biz 5 \u00f6lk\u0259y\u0259 peyv\u0259nd ian\u0259si etmi\u015fik v\u0259 bu i\u015f davam etdiril\u0259c\u0259k. Haz\u0131rda biz Qo\u015fulmama H\u0259r\u0259kat\u0131na \u00fczv olan 14 \u00f6lk\u0259y\u0259 t\u0259qrib\u0259n bir milyon doza peyv\u0259ndin ian\u0259 edilm\u0259si prosesind\u0259yik.\u201d<\/div>\n<div dir=\"auto\">Biz g\u0259ncl\u0259r d\u0259, C\u0259nab Prezidentimizi, b\u00fct\u00fcn d\u00fcnyan\u0131 b\u00fcr\u00fcy\u0259n COVID-19 pandemiyas\u0131na qar\u015f\u0131 apard\u0131\u011f\u0131 m\u00fcbariz\u0259d\u0259 daim d\u0259st\u0259kl\u0259yir, onunla birlikd\u0259 oldu\u011fumuzu n\u00fcmayi\u015f etdiririk.<\/div>\n<div dir=\"auto\">B\u0259rd\u0259 rayon G\u0259ncl\u0259r v\u0259 \u0130dman \u0130dar\u0259sinin ba\u015f m\u0259sl\u0259h\u0259t\u00e7isi &#8211; Fidan N\u0259sirli<\/div>\n","protected":false},"excerpt":{"rendered":"<p>Fevral\u0131n 25-d\u0259 BMT Ba\u015f Assambleyas\u0131n\u0131n s\u0259drinin \u201cUniversal peyv\u0259ndl\u0259nm\u0259 \u00fc\u00e7\u00fcn s\u0259yl\u0259rin art\u0131r\u0131lmas\u0131\u201d m\u00f6vzusunda t\u0259\u015fkil etdiyi y\u00fcks\u0259k s\u0259viyy\u0259li tematik m\u00fczakir\u0259l\u0259r ke\u00e7irilmi\u015fdir. Az\u0259rbaycan Respublikas\u0131n\u0131n Prezidenti C\u0259nab \u0130lham \u018fliyevin milli qisimd\u0259&#8212; h\u0259m d\u00f6vl\u0259timizin ad\u0131ndan, h\u0259m d\u0259 Qo\u015fulmama H\u0259r\u0259kat\u0131n\u0131n s\u0259dri kimi H\u0259r\u0259kata \u00fczv d\u00f6vl\u0259tl\u0259r ad\u0131ndan videoformatda \u00e7\u0131x\u0131\u015f\u0131 t\u0259qdim olunub. Bildiyimiz kimi, 2020-ci ilin ilk aylar\u0131ndan ba\u015flayaraq, Koronavirus infeksiyas\u0131 arzulamad\u0131\u011f\u0131m\u0131z halda h\u0259yat\u0131m\u0131za daxil oldu . Qlobal miqyasda davam ed\u0259n Covid-19 pandemiyas\u0131 d\u00f6vr\u00fcnd\u0259 \u0259sas \u015f\u0259rtl\u0259rd\u0259n biri bu m\u0259s\u0259l\u0259 il\u0259 ba\u011fl\u0131 operativ v\u0259 d\u00fczg\u00fcn q\u0259rarlar q\u0259bul etm\u0259k idi. Koronavirusun ilk \u00fcz\u0259 \u00e7\u0131xd\u0131\u011f\u0131 d\u00f6vrd\u0259n etibar\u0259n Az\u0259rbaycan ona qar\u015f\u0131 \u0259n&hellip;<\/p>\n","protected":false},"author":2,"featured_media":446001,"comment_status":"closed","ping_status":"closed","sticky":false,"template":"","format":"standard","meta":{"om_disable_all_campaigns":false,"_monsterinsights_skip_tracking":false,"_monsterinsights_sitenote_active":false,"_monsterinsights_sitenote_note":"","_monsterinsights_sitenote_category":0},"categories":[8],"tags":[],"aioseo_notices":[],"gutentor_comment":0,"rttpg_featured_image_url":{"full":["https:\/\/arantv.az\/wp-content\/uploads\/2022\/03\/275052062_263230909325363_4173119121942590420_n.jpg",2048,1038,false],"landscape":["https:\/\/arantv.az\/wp-content\/uploads\/2022\/03\/275052062_263230909325363_4173119121942590420_n.jpg",2048,1038,false],"portraits":["https:\/\/arantv.az\/wp-content\/uploads\/2022\/03\/275052062_263230909325363_4173119121942590420_n.jpg",2048,1038,false],"thumbnail":["https:\/\/arantv.az\/wp-content\/uploads\/2022\/03\/275052062_263230909325363_4173119121942590420_n-500x280.jpg",500,280,true],"medium":["https:\/\/arantv.az\/wp-content\/uploads\/2022\/03\/275052062_263230909325363_4173119121942590420_n-660x335.jpg",660,335,true],"large":["https:\/\/arantv.az\/wp-content\/uploads\/2022\/03\/275052062_263230909325363_4173119121942590420_n-840x426.jpg",640,325,true],"1536x1536":["https:\/\/arantv.az\/wp-content\/uploads\/2022\/03\/275052062_263230909325363_4173119121942590420_n-1536x779.jpg",1536,779,true],"2048x2048":["https:\/\/arantv.az\/wp-content\/uploads\/2022\/03\/275052062_263230909325363_4173119121942590420_n.jpg",2048,1038,false],"post-thumbnail":["https:\/\/arantv.az\/wp-content\/uploads\/2022\/03\/275052062_263230909325363_4173119121942590420_n-240x172.jpg",240,172,true],"advps-thumb-one":["https:\/\/arantv.az\/wp-content\/uploads\/2022\/03\/275052062_263230909325363_4173119121942590420_n-1200x620.jpg",1200,620,true]},"rttpg_author":{"display_name":"V\u00fcsal Rafiqo\u011flu","author_link":"https:\/\/arantv.az\/?author=2"},"rttpg_comment":0,"rttpg_category":"<a href=\"https:\/\/arantv.az\/?cat=8\" rel=\"category\">\u018fsas s\u0259hif\u0259<\/a>","rttpg_excerpt":"Fevral\u0131n 25-d\u0259 BMT Ba\u015f Assambleyas\u0131n\u0131n s\u0259drinin \u201cUniversal peyv\u0259ndl\u0259nm\u0259 \u00fc\u00e7\u00fcn s\u0259yl\u0259rin art\u0131r\u0131lmas\u0131\u201d m\u00f6vzusunda t\u0259\u015fkil etdiyi y\u00fcks\u0259k s\u0259viyy\u0259li tematik m\u00fczakir\u0259l\u0259r ke\u00e7irilmi\u015fdir. Az\u0259rbaycan Respublikas\u0131n\u0131n Prezidenti C\u0259nab \u0130lham \u018fliyevin milli qisimd\u0259&#8212; h\u0259m d\u00f6vl\u0259timizin ad\u0131ndan, h\u0259m d\u0259 Qo\u015fulmama H\u0259r\u0259kat\u0131n\u0131n s\u0259dri kimi H\u0259r\u0259kata \u00fczv d\u00f6vl\u0259tl\u0259r ad\u0131ndan videoformatda \u00e7\u0131x\u0131\u015f\u0131 t\u0259qdim olunub. Bildiyimiz kimi, 2020-ci ilin ilk aylar\u0131ndan ba\u015flayaraq, Koronavirus infeksiyas\u0131 arzulamad\u0131\u011f\u0131m\u0131z halda&hellip;","_links":{"self":[{"href":"https:\/\/arantv.az\/index.php?rest_route=\/wp\/v2\/posts\/446000"}],"collection":[{"href":"https:\/\/arantv.az\/index.php?rest_route=\/wp\/v2\/posts"}],"about":[{"href":"https:\/\/arantv.az\/index.php?rest_route=\/wp\/v2\/types\/post"}],"author":[{"embeddable":true,"href":"https:\/\/arantv.az\/index.php?rest_route=\/wp\/v2\/users\/2"}],"replies":[{"embeddable":true,"href":"https:\/\/arantv.az\/index.php?rest_route=%2Fwp%2Fv2%2Fcomments&post=446000"}],"version-history":[{"count":0,"href":"https:\/\/arantv.az\/index.php?rest_route=\/wp\/v2\/posts\/446000\/revisions"}],"wp:featuredmedia":[{"embeddable":true,"href":"https:\/\/arantv.az\/index.php?rest_route=\/wp\/v2\/media\/446001"}],"wp:attachment":[{"href":"https:\/\/arantv.az\/index.php?rest_route=%2Fwp%2Fv2%2Fmedia&parent=446000"}],"wp:term":[{"taxonomy":"category","embeddable":true,"href":"https:\/\/arantv.az\/index.php?rest_route=%2Fwp%2Fv2%2Fcategories&post=446000"},{"taxonomy":"post_tag","embeddable":true,"href":"https:\/\/arantv.az\/index.php?rest_route=%2Fwp%2Fv2%2Ftags&post=446000"}],"curies":[{"name":"wp","href":"https:\/\/api.w.org\/{rel}","templated":true}]}}