{"id":446071,"date":"2022-03-01T13:06:08","date_gmt":"2022-03-01T10:06:08","guid":{"rendered":"http:\/\/arantv.az\/?p=446071"},"modified":"2022-03-01T13:06:08","modified_gmt":"2022-03-01T10:06:08","slug":"abs-ukrayna-s%c9%99masini-baglamama-s%c9%99b%c9%99bini-aciqladi","status":"publish","type":"post","link":"https:\/\/arantv.az\/?p=446071","title":{"rendered":"AB\u015e Ukrayna s\u0259mas\u0131n\u0131 ba\u011flamama s\u0259b\u0259bini A\u00c7IQLADI"},"content":{"rendered":"<p>AB\u015e-\u0131n Ukrayna s\u0259mas\u0131nda pilotsuz zona yaratmas\u0131 yax\u015f\u0131 ideya deyil, \u00e7\u00fcnki bu, AB\u015e-\u0131 Rusiya il\u0259 birba\u015fa h\u0259rbi m\u00fcnaqi\u015f\u0259y\u0259 s\u00fcr\u00fckl\u0259y\u0259c\u0259k.<\/p>\n<div class=\"AdviadNativeVideo\"><\/div>\n<p>Bu bar\u0259d\u0259 A\u011f Evin m\u0259tbuat katibi Cen Psaki deyib:<\/p>\n<p>\u201cBu, \u0259sas\u0259n, AB\u015e h\u0259rbi t\u0259yyar\u0259l\u0259rinin Rusiya t\u0259yyar\u0259l\u0259rini vuraca\u011f\u0131 anlam\u0131na g\u0259l\u0259rdi.\u00a0\u015e\u00fcbh\u0259siz ki, bu, eskalasiyad\u0131r&#8230; Prezident bunu etm\u0259k ist\u0259mir. Bunun yax\u015f\u0131 ideya olmamas\u0131n\u0131n b\u00fct\u00fcn s\u0259b\u0259bl\u0259ri bunlard\u0131r\u201d.<\/p>\n<p>Xat\u0131rladaq ki, Bayden bildirib ki, AB\u015e Ukraynada Rusiya qo\u015funlar\u0131 il\u0259 d\u00f6y\u00fc\u015fm\u0259y\u0259c\u0259k.<\/p>\n<p>M\u0259nb\u0259: WSJ<\/p>\n","protected":false},"excerpt":{"rendered":"<p>AB\u015e-\u0131n Ukrayna s\u0259mas\u0131nda pilotsuz zona yaratmas\u0131 yax\u015f\u0131 ideya deyil, \u00e7\u00fcnki bu, AB\u015e-\u0131 Rusiya il\u0259 birba\u015fa h\u0259rbi m\u00fcnaqi\u015f\u0259y\u0259 s\u00fcr\u00fckl\u0259y\u0259c\u0259k. Bu bar\u0259d\u0259 A\u011f Evin m\u0259tbuat katibi Cen Psaki deyib: \u201cBu, \u0259sas\u0259n, AB\u015e h\u0259rbi t\u0259yyar\u0259l\u0259rinin Rusiya t\u0259yyar\u0259l\u0259rini vuraca\u011f\u0131 anlam\u0131na g\u0259l\u0259rdi.\u00a0\u015e\u00fcbh\u0259siz ki, bu, eskalasiyad\u0131r&#8230; Prezident bunu etm\u0259k ist\u0259mir. Bunun yax\u015f\u0131 ideya olmamas\u0131n\u0131n b\u00fct\u00fcn s\u0259b\u0259bl\u0259ri bunlard\u0131r\u201d. Xat\u0131rladaq ki, Bayden bildirib ki, AB\u015e Ukraynada Rusiya qo\u015funlar\u0131 il\u0259 d\u00f6y\u00fc\u015fm\u0259y\u0259c\u0259k. M\u0259nb\u0259: WSJ<\/p>\n","protected":false},"author":2,"featured_media":446072,"comment_status":"closed","ping_status":"closed","sticky":false,"template":"","format":"standard","meta":{"om_disable_all_campaigns":false,"_monsterinsights_skip_tracking":false,"_monsterinsights_sitenote_active":false,"_monsterinsights_sitenote_note":"","_monsterinsights_sitenote_category":0},"categories":[7],"tags":[],"aioseo_notices":[],"gutentor_comment":0,"rttpg_featured_image_url":{"full":["https:\/\/arantv.az\/wp-content\/uploads\/2022\/03\/FotoJet-2022-03-01T113031.501.jpg",620,417,false],"landscape":["https:\/\/arantv.az\/wp-content\/uploads\/2022\/03\/FotoJet-2022-03-01T113031.501.jpg",620,417,false],"portraits":["https:\/\/arantv.az\/wp-content\/uploads\/2022\/03\/FotoJet-2022-03-01T113031.501.jpg",620,417,false],"thumbnail":["https:\/\/arantv.az\/wp-content\/uploads\/2022\/03\/FotoJet-2022-03-01T113031.501-500x280.jpg",500,280,true],"medium":["https:\/\/arantv.az\/wp-content\/uploads\/2022\/03\/FotoJet-2022-03-01T113031.501-543x365.jpg",543,365,true],"large":["https:\/\/arantv.az\/wp-content\/uploads\/2022\/03\/FotoJet-2022-03-01T113031.501.jpg",620,417,false],"1536x1536":["https:\/\/arantv.az\/wp-content\/uploads\/2022\/03\/FotoJet-2022-03-01T113031.501.jpg",620,417,false],"2048x2048":["https:\/\/arantv.az\/wp-content\/uploads\/2022\/03\/FotoJet-2022-03-01T113031.501.jpg",620,417,false],"post-thumbnail":["https:\/\/arantv.az\/wp-content\/uploads\/2022\/03\/FotoJet-2022-03-01T113031.501-240x172.jpg",240,172,true],"advps-thumb-one":["https:\/\/arantv.az\/wp-content\/uploads\/2022\/03\/FotoJet-2022-03-01T113031.501.jpg",620,417,false]},"rttpg_author":{"display_name":"V\u00fcsal Rafiqo\u011flu","author_link":"https:\/\/arantv.az\/?author=2"},"rttpg_comment":0,"rttpg_category":"<a href=\"https:\/\/arantv.az\/?cat=7\" rel=\"category\">D\u00fcnya<\/a>","rttpg_excerpt":"AB\u015e-\u0131n Ukrayna s\u0259mas\u0131nda pilotsuz zona yaratmas\u0131 yax\u015f\u0131 ideya deyil, \u00e7\u00fcnki bu, AB\u015e-\u0131 Rusiya il\u0259 birba\u015fa h\u0259rbi m\u00fcnaqi\u015f\u0259y\u0259 s\u00fcr\u00fckl\u0259y\u0259c\u0259k. Bu bar\u0259d\u0259 A\u011f Evin m\u0259tbuat katibi Cen Psaki deyib: \u201cBu, \u0259sas\u0259n, AB\u015e h\u0259rbi t\u0259yyar\u0259l\u0259rinin Rusiya t\u0259yyar\u0259l\u0259rini vuraca\u011f\u0131 anlam\u0131na g\u0259l\u0259rdi.\u00a0\u015e\u00fcbh\u0259siz ki, bu, eskalasiyad\u0131r&#8230; Prezident bunu etm\u0259k ist\u0259mir. Bunun yax\u015f\u0131 ideya olmamas\u0131n\u0131n b\u00fct\u00fcn s\u0259b\u0259bl\u0259ri bunlard\u0131r\u201d. Xat\u0131rladaq ki, Bayden bildirib&hellip;","_links":{"self":[{"href":"https:\/\/arantv.az\/index.php?rest_route=\/wp\/v2\/posts\/446071"}],"collection":[{"href":"https:\/\/arantv.az\/index.php?rest_route=\/wp\/v2\/posts"}],"about":[{"href":"https:\/\/arantv.az\/index.php?rest_route=\/wp\/v2\/types\/post"}],"author":[{"embeddable":true,"href":"https:\/\/arantv.az\/index.php?rest_route=\/wp\/v2\/users\/2"}],"replies":[{"embeddable":true,"href":"https:\/\/arantv.az\/index.php?rest_route=%2Fwp%2Fv2%2Fcomments&post=446071"}],"version-history":[{"count":0,"href":"https:\/\/arantv.az\/index.php?rest_route=\/wp\/v2\/posts\/446071\/revisions"}],"wp:featuredmedia":[{"embeddable":true,"href":"https:\/\/arantv.az\/index.php?rest_route=\/wp\/v2\/media\/446072"}],"wp:attachment":[{"href":"https:\/\/arantv.az\/index.php?rest_route=%2Fwp%2Fv2%2Fmedia&parent=446071"}],"wp:term":[{"taxonomy":"category","embeddable":true,"href":"https:\/\/arantv.az\/index.php?rest_route=%2Fwp%2Fv2%2Fcategories&post=446071"},{"taxonomy":"post_tag","embeddable":true,"href":"https:\/\/arantv.az\/index.php?rest_route=%2Fwp%2Fv2%2Ftags&post=446071"}],"curies":[{"name":"wp","href":"https:\/\/api.w.org\/{rel}","templated":true}]}}