{"id":446084,"date":"2022-03-01T13:24:42","date_gmt":"2022-03-01T10:24:42","guid":{"rendered":"http:\/\/arantv.az\/?p=446084"},"modified":"2022-03-01T13:24:42","modified_gmt":"2022-03-01T10:24:42","slug":"usaq-g%c9%99ncl%c9%99r-idman-sahmat-m%c9%99kt%c9%99binin-idmancisi-avropa-turnirinin-mukafatcisi-olub","status":"publish","type":"post","link":"https:\/\/arantv.az\/?p=446084","title":{"rendered":"U\u015faq-g\u0259ncl\u0259r idman-\u015fahmat m\u0259kt\u0259binin idman\u00e7\u0131s\u0131 Avropa turnirinin m\u00fckafat\u00e7\u0131s\u0131 olub"},"content":{"rendered":"<p>Pol\u015fan\u0131n Var\u015fava \u015f\u0259h\u0259rind\u0259 c\u00fcdo \u00fczr\u0259 b\u00f6y\u00fckl\u0259r aras\u0131nda a\u00e7\u0131q Avropa turniri ke\u00e7irilib.<\/p>\n<p>Yar\u0131\u015fda Az\u0259rbaycan milli komandas\u0131n\u0131n t\u0259rkibind\u0259 \u00e7\u0131x\u0131\u015f ed\u0259n \u201cT\u0259hsil\u201d Respublika \u0130dman M\u0259rk\u0259zinin Sumqay\u0131t \u015f\u0259h\u0259r 1 n\u00f6mr\u0259li ixtisasla\u015fd\u0131r\u0131lm\u0131\u015f olimpiya ehtiyatlar\u0131 u\u015faq-g\u0259ncl\u0259r idman-\u015fahmat m\u0259kt\u0259binin idman\u00e7\u0131s\u0131 \u0130smay\u0131l \u0130brahimov 66 kq. \u00e7\u0259ki d\u0259r\u0259c\u0259sind\u0259 g\u00fcm\u00fc\u015f medal qazan\u0131b.<\/p>\n<p>Qeyd ed\u0259k ki, Az\u0259rbaycan komandas\u0131 2 q\u0131z\u0131l, 1 g\u00fcm\u00fc\u015f, 2 b\u00fcr\u00fcnc medal il\u0259 32 \u00f6lk\u0259 aras\u0131nda \u00fc\u00e7\u00fcnc\u00fc yeri tutub.<\/p>\n","protected":false},"excerpt":{"rendered":"<p>Pol\u015fan\u0131n Var\u015fava \u015f\u0259h\u0259rind\u0259 c\u00fcdo \u00fczr\u0259 b\u00f6y\u00fckl\u0259r aras\u0131nda a\u00e7\u0131q Avropa turniri ke\u00e7irilib. Yar\u0131\u015fda Az\u0259rbaycan milli komandas\u0131n\u0131n t\u0259rkibind\u0259 \u00e7\u0131x\u0131\u015f ed\u0259n \u201cT\u0259hsil\u201d Respublika \u0130dman M\u0259rk\u0259zinin Sumqay\u0131t \u015f\u0259h\u0259r 1 n\u00f6mr\u0259li ixtisasla\u015fd\u0131r\u0131lm\u0131\u015f olimpiya ehtiyatlar\u0131 u\u015faq-g\u0259ncl\u0259r idman-\u015fahmat m\u0259kt\u0259binin idman\u00e7\u0131s\u0131 \u0130smay\u0131l \u0130brahimov 66 kq. \u00e7\u0259ki d\u0259r\u0259c\u0259sind\u0259 g\u00fcm\u00fc\u015f medal qazan\u0131b. Qeyd ed\u0259k ki, Az\u0259rbaycan komandas\u0131 2 q\u0131z\u0131l, 1 g\u00fcm\u00fc\u015f, 2 b\u00fcr\u00fcnc medal il\u0259 32 \u00f6lk\u0259 aras\u0131nda \u00fc\u00e7\u00fcnc\u00fc yeri tutub.<\/p>\n","protected":false},"author":2,"featured_media":446086,"comment_status":"closed","ping_status":"closed","sticky":false,"template":"","format":"standard","meta":{"om_disable_all_campaigns":false,"_monsterinsights_skip_tracking":false,"_monsterinsights_sitenote_active":false,"_monsterinsights_sitenote_note":"","_monsterinsights_sitenote_category":0},"categories":[23],"tags":[],"aioseo_notices":[],"gutentor_comment":0,"rttpg_featured_image_url":{"full":["https:\/\/arantv.az\/wp-content\/uploads\/2022\/03\/03-01.03.22-01.jpg",945,604,false],"landscape":["https:\/\/arantv.az\/wp-content\/uploads\/2022\/03\/03-01.03.22-01.jpg",945,604,false],"portraits":["https:\/\/arantv.az\/wp-content\/uploads\/2022\/03\/03-01.03.22-01.jpg",945,604,false],"thumbnail":["https:\/\/arantv.az\/wp-content\/uploads\/2022\/03\/03-01.03.22-01-500x280.jpg",500,280,true],"medium":["https:\/\/arantv.az\/wp-content\/uploads\/2022\/03\/03-01.03.22-01-571x365.jpg",571,365,true],"large":["https:\/\/arantv.az\/wp-content\/uploads\/2022\/03\/03-01.03.22-01-840x537.jpg",640,409,true],"1536x1536":["https:\/\/arantv.az\/wp-content\/uploads\/2022\/03\/03-01.03.22-01.jpg",945,604,false],"2048x2048":["https:\/\/arantv.az\/wp-content\/uploads\/2022\/03\/03-01.03.22-01.jpg",945,604,false],"post-thumbnail":["https:\/\/arantv.az\/wp-content\/uploads\/2022\/03\/03-01.03.22-01-240x172.jpg",240,172,true],"advps-thumb-one":["https:\/\/arantv.az\/wp-content\/uploads\/2022\/03\/03-01.03.22-01.jpg",945,604,false]},"rttpg_author":{"display_name":"V\u00fcsal Rafiqo\u011flu","author_link":"https:\/\/arantv.az\/?author=2"},"rttpg_comment":0,"rttpg_category":"<a href=\"https:\/\/arantv.az\/?cat=23\" rel=\"category\">T\u0259hsil<\/a>","rttpg_excerpt":"Pol\u015fan\u0131n Var\u015fava \u015f\u0259h\u0259rind\u0259 c\u00fcdo \u00fczr\u0259 b\u00f6y\u00fckl\u0259r aras\u0131nda a\u00e7\u0131q Avropa turniri ke\u00e7irilib. Yar\u0131\u015fda Az\u0259rbaycan milli komandas\u0131n\u0131n t\u0259rkibind\u0259 \u00e7\u0131x\u0131\u015f ed\u0259n \u201cT\u0259hsil\u201d Respublika \u0130dman M\u0259rk\u0259zinin Sumqay\u0131t \u015f\u0259h\u0259r 1 n\u00f6mr\u0259li ixtisasla\u015fd\u0131r\u0131lm\u0131\u015f olimpiya ehtiyatlar\u0131 u\u015faq-g\u0259ncl\u0259r idman-\u015fahmat m\u0259kt\u0259binin idman\u00e7\u0131s\u0131 \u0130smay\u0131l \u0130brahimov 66 kq. \u00e7\u0259ki d\u0259r\u0259c\u0259sind\u0259 g\u00fcm\u00fc\u015f medal qazan\u0131b. Qeyd ed\u0259k ki, Az\u0259rbaycan komandas\u0131 2 q\u0131z\u0131l, 1 g\u00fcm\u00fc\u015f, 2 b\u00fcr\u00fcnc medal il\u0259&hellip;","_links":{"self":[{"href":"https:\/\/arantv.az\/index.php?rest_route=\/wp\/v2\/posts\/446084"}],"collection":[{"href":"https:\/\/arantv.az\/index.php?rest_route=\/wp\/v2\/posts"}],"about":[{"href":"https:\/\/arantv.az\/index.php?rest_route=\/wp\/v2\/types\/post"}],"author":[{"embeddable":true,"href":"https:\/\/arantv.az\/index.php?rest_route=\/wp\/v2\/users\/2"}],"replies":[{"embeddable":true,"href":"https:\/\/arantv.az\/index.php?rest_route=%2Fwp%2Fv2%2Fcomments&post=446084"}],"version-history":[{"count":0,"href":"https:\/\/arantv.az\/index.php?rest_route=\/wp\/v2\/posts\/446084\/revisions"}],"wp:featuredmedia":[{"embeddable":true,"href":"https:\/\/arantv.az\/index.php?rest_route=\/wp\/v2\/media\/446086"}],"wp:attachment":[{"href":"https:\/\/arantv.az\/index.php?rest_route=%2Fwp%2Fv2%2Fmedia&parent=446084"}],"wp:term":[{"taxonomy":"category","embeddable":true,"href":"https:\/\/arantv.az\/index.php?rest_route=%2Fwp%2Fv2%2Fcategories&post=446084"},{"taxonomy":"post_tag","embeddable":true,"href":"https:\/\/arantv.az\/index.php?rest_route=%2Fwp%2Fv2%2Ftags&post=446084"}],"curies":[{"name":"wp","href":"https:\/\/api.w.org\/{rel}","templated":true}]}}