{"id":446088,"date":"2022-03-01T13:27:26","date_gmt":"2022-03-01T10:27:26","guid":{"rendered":"http:\/\/arantv.az\/?p=446088"},"modified":"2022-03-01T13:27:26","modified_gmt":"2022-03-01T10:27:26","slug":"adpu-nun-kitabxana-informasiya-m%c9%99rk%c9%99zinin-yenid%c9%99nqurmadan-sonra-acilisi-olub","status":"publish","type":"post","link":"https:\/\/arantv.az\/?p=446088","title":{"rendered":"ADPU-nun Kitabxana-\u0130nformasiya M\u0259rk\u0259zinin yenid\u0259nqurmadan sonra a\u00e7\u0131l\u0131\u015f\u0131 olub"},"content":{"rendered":"<div id=\"printableArea\">\n<p>Mart\u0131n 1-d\u0259 Az\u0259rbaycan D\u00f6vl\u0259t Pedaqoji Universitetinin (ADPU) Kitabxana-\u0130nformasiya M\u0259rk\u0259zinin yenid\u0259nqurmadan sonra a\u00e7\u0131l\u0131\u015f m\u0259rasimi ke\u00e7irilib.<\/p>\n<p>A\u00e7\u0131l\u0131\u015f m\u0259rasimind\u0259 t\u0259hsil naziri Emin \u018fmrullayev, ADPU-nun rektoru C\u0259f\u0259r C\u0259f\u0259rov, \u201cBP Az\u0259rbaycan\u201d \u015firk\u0259tinin vitse-prezidenti B\u0259xtiyar Aslanb\u0259yli, Az\u0259rbaycan Milli Kitabxanas\u0131n\u0131n direktoru K\u0259rim Tahirov v\u0259 m\u00fcxt\u0259lif ali t\u0259hsil m\u00fc\u0259ssis\u0259l\u0259rinin kitabxana r\u0259hb\u0259rl\u0259ri i\u015ftirak edibl\u0259r.<\/p>\n<p>\u0130\u015ftirak\u00e7\u0131lar M\u0259rk\u0259zd\u0259 yarad\u0131lm\u0131\u015f \u015f\u0259rait v\u0259 g\u00f6st\u0259ril\u0259n xidm\u0259tl\u0259rl\u0259 tan\u0131\u015f olublar.<\/p>\n<p>Qeyd olunub ki, kitabxana \u0259n m\u00fcasir elektron sisteml\u0259r \u0259sas\u0131nda qurulmu\u015f i\u015f prinsipi \u0259sas\u0131nda f\u0259aliyy\u0259t g\u00f6st\u0259rir. Bu layih\u0259 korporativ sosial m\u0259suliyy\u0259t prinsipini r\u0259hb\u0259r tutan \u201cBP Az\u0259rbaycan\u201d \u015firk\u0259ti t\u0259r\u0259find\u0259n maliyy\u0259l\u0259\u015fdirilib.<\/p>\n<p>T\u0259hsil naziri Emin \u018fmrullayev kollektivi t\u0259brik ed\u0259r\u0259k bildirib ki, kitabxana infrastrukturu ist\u0259nil\u0259n ali t\u0259hsil m\u00fc\u0259ssis\u0259sinin f\u0259aliyy\u0259tind\u0259 \u0259n vacib m\u0259s\u0259l\u0259l\u0259rd\u0259n biridir. ADPU-da bel\u0259 f\u0259rqli m\u00fchitin yarad\u0131lmas\u0131 da t\u0259hsil xidm\u0259tinin t\u0259\u015fkilind\u0259 yeni stimuldur.<\/p>\n<p>\u201cBP Az\u0259rbaycan\u201d \u015firk\u0259tinin vitse-prezidenti B\u0259xtiyar Aslanb\u0259yli d\u0259 \u00f6z n\u00f6vb\u0259sind\u0259 universitet hey\u0259tini t\u0259brik ed\u0259r\u0259k h\u0259r zaman bu tip layih\u0259l\u0259rin icras\u0131nda maraql\u0131 olduqlar\u0131n\u0131 bildirib.<br \/>\nRektor C\u0259f\u0259r C\u0259f\u0259rov g\u00f6st\u0259ril\u0259n diqq\u0259t\u0259 g\u00f6r\u0259 T\u0259hsil Nazirliyin\u0259 v\u0259 \u201cBP Az\u0259rbaycan\u201d \u015firk\u0259tin\u0259 universitetin kollektivi ad\u0131ndan t\u0259\u015f\u0259kk\u00fcr\u00fcn\u00fc bildirib v\u0259 vur\u011fulay\u0131b ki, ADPU 750 min n\u00fcsx\u0259 kitabxana fondu il\u0259 \u00f6lk\u0259nin ikinci \u0259n b\u00f6y\u00fck universitet kitabxanas\u0131na sahibdir.<\/p>\n<p>M\u0259rk\u0259zin a\u00e7\u0131l\u0131\u015f\u0131ndan sonra \u00a0Az\u0259rbaycan Respublikas\u0131n\u0131n Prezidenti \u0130lham \u018fliyev t\u0259r\u0259find\u0259n universitetin 100 illik yubileyi il\u0259 \u0259laq\u0259dar t\u0259ltif edilmi\u015f \u0259m\u0259kda\u015flar\u0131na m\u00fckafatlar\u0131n t\u0259qdim edilm\u0259si m\u0259rasimi d\u0259 ba\u015f tutub.<\/p>\n<p>M\u0259rasimd\u0259 t\u0259hsil naziri Emin \u018fmrullayev \u00e7\u0131x\u0131\u015f ed\u0259r\u0259k bildirib ki, pedaqoji i\u015f v\u0259 pedaqoji kadrlar\u0131n haz\u0131rlanmas\u0131 ist\u0259nil\u0259n t\u0259hsil sisteminin \u00f6z\u0259yidir. Bu m\u0259nada ADPU-da veril\u0259n t\u0259hsil \u00f6lk\u0259nin g\u0259l\u0259c\u0259yini y\u00f6n\u0259ld\u0259n strateji i\u015fdir. Burada veril\u0259n t\u0259hsil m\u00fc\u0259yy\u0259n m\u00fcdd\u0259t sonra m\u0259kt\u0259bl\u0259rd\u0259 \u00f6z \u0259ksini tap\u0131r. Bu bax\u0131mdan maddi resurslarla yana\u015f\u0131 bacar\u0131qlar\u0131n a\u015f\u0131lanmas\u0131, \u015f\u0259xsiyy\u0259tin yeti\u015fdirilm\u0259si prosesin\u0259 diqq\u0259tin art\u0131r\u0131lmas\u0131 vacibdir.<\/p>\n<p>Nazir bildirib ki, 44 g\u00fcnl\u00fck V\u0259t\u0259n m\u00fcharib\u0259sind\u0259 qazan\u0131lan Z\u0259f\u0259rd\u0259n sonra t\u0259hsil sisteminin qar\u015f\u0131s\u0131nda daha b\u00f6y\u00fck h\u0259d\u0259fl\u0259r dayan\u0131r. Emin \u018fmrullayev cari ilin sonunda \u015eu\u015fada ilk m\u0259kt\u0259bin f\u0259aliyy\u0259t\u0259 ba\u015flamas\u0131n\u0131n planla\u015fd\u0131r\u0131ld\u0131\u011f\u0131n\u0131 qeyd ed\u0259r\u0259k bu m\u0259nada ADPU-da yeti\u015fdiril\u0259n g\u0259nc m\u00fc\u0259lliml\u0259rin qar\u015f\u0131s\u0131ndak\u0131 t\u0259l\u0259bl\u0259rin daha da \u00e7oxald\u0131\u011f\u0131n\u0131 \u0259lav\u0259 edib.<\/p>\n<p>T\u0259hsil naziri \u00e7\u0131x\u0131\u015f\u0131n\u0131n sonunda son ill\u0259r s\u00f6z\u00fcged\u0259n universitetd\u0259 apar\u0131lan islahatlar n\u0259tic\u0259sind\u0259 xeyli ir\u0259lil\u0259yi\u015fl\u0259r \u0259ld\u0259 edildiyin\u0259 d\u0259 toxunub v\u0259 daim d\u00fcnya t\u0259hsil trendl\u0259rini izl\u0259y\u0259r\u0259k bu istiqam\u0259td\u0259 m\u00fcvafiq i\u015fl\u0259rin g\u00f6r\u00fclm\u0259sinin z\u0259ruriliyini vur\u011fulay\u0131b.<\/p>\n<p>Daha sonra \u00f6lk\u0259 ba\u015f\u00e7\u0131s\u0131n\u0131n m\u00fcvafiq s\u0259r\u0259ncam\u0131 il\u0259 \u00a0\u201cAz\u0259rbaycan Respublikas\u0131n\u0131n Prezidentinin F\u0259rdi T\u0259qa\u00fcd\u00fc\u201d, \u201c\u018fm\u0259kdar m\u00fc\u0259llim\u201d f\u0259xri ad\u0131, \u201cT\u0259r\u0259qqi\u201d medal\u0131, \u201c3-c\u00fc d\u0259r\u0259c\u0259li \u018fm\u0259k ordeni\u201d, \u201cAz\u0259rbaycan Respublikas\u0131n\u0131n Prezidentinin F\u0259xri Diplomu\u201d v\u0259 \u201c\u015e\u00f6hr\u0259t\u201d ordeni il\u0259 t\u0259ltif edil\u0259n 53 \u0259m\u0259kda\u015f\u0131na m\u00fckafatlar\u0131 t\u0259qdim olunub.<\/p>\n<p>\u00c7\u0131x\u0131\u015f ed\u0259n rektor C\u0259f\u0259r C\u0259f\u0259rov g\u00f6st\u0259ril\u0259n y\u00fcks\u0259k etimada g\u00f6r\u0259 Az\u0259rbaycan Respublikas\u0131n\u0131n Prezidenti \u0130lham \u018fliyev\u0259 v\u0259 T\u0259hsil Nazirliyinin r\u0259hb\u0259rliyin\u0259 minn\u0259tdarl\u0131\u011f\u0131n\u0131 bildir\u0259r\u0259k r\u0259hb\u0259rlik etdiyi ali t\u0259hsil m\u00fc\u0259ssis\u0259sinin professor-m\u00fc\u0259llim hey\u0259tinin onlar\u0131n qar\u015f\u0131s\u0131nda qoyulan v\u0259zif\u0259l\u0259rin \u0259n y\u00fcks\u0259k s\u0259viyy\u0259d\u0259 icras\u0131 \u00fc\u00e7\u00fcn daha da \u0259zml\u0259 \u00e7al\u0131\u015faca\u011f\u0131n\u0131 vur\u011fulay\u0131b.<\/p>\n<p>T\u0259dbir \u00e7\u0259r\u00e7iv\u0259sind\u0259 t\u0259hsil naziri Emin \u018fmrullayev universitetd\u0259 T\u00dcRKSOY kafedras\u0131n\u0131n, Heyd\u0259r \u018fliyev Muzeyinin, T\u0259hsil Nazirliyinin d\u0259st\u0259yi il\u0259 yarad\u0131lan komp\u00fcter laboratoriyalar\u0131n\u0131n f\u0259aliyy\u0259ti il\u0259 tan\u0131\u015f olub, filologiya fak\u00fclt\u0259sind\u0259 yarad\u0131lan \u201cZ\u0259f\u0259r gu\u015f\u0259si\u201dn\u0259 bax\u0131\u015f ke\u00e7irib. H\u0259m\u00e7inin filologiya v\u0259 riyaziyyat fak\u00fclt\u0259l\u0259rind\u0259 t\u0259l\u0259b\u0259l\u0259rin t\u0259dris prosesi m\u00fc\u015fahid\u0259 olunub.<\/p>\n<p>M\u0259rasimin sonunda xatir\u0259 fotosu \u00e7\u0259kdirilib.<br \/>\n&nbsp;<\/p>\n<div><\/div>\n<\/div>\n<div id=\"accordionExample\" class=\"accordion\"><\/div>\n<div id=\"galleria\" class=\"pt-4\">\n<div class=\"galleria-container notouch galleria-theme-classic\">\n<div class=\"galleria-stage\">\n<div class=\"galleria-images\">\n<div class=\"galleria-image\">\n<div class=\"galleria-layer\"><\/div>\n<\/div>\n<div class=\"galleria-image\"><img loading=\"lazy\" src=\"https:\/\/edu.gov.az\/uploads\/gallery\/2022\/3\/1646128595\/\/04-01.03.22-01.jpg\" width=\"540\" height=\"358\" \/><\/div>\n<\/div>\n<div class=\"galleria-counter\"><\/div>\n<div class=\"galleria-image-nav\">\n<div class=\"galleria-image-nav-right\"><\/div>\n<div class=\"galleria-image-nav-left\"><\/div>\n<\/div>\n<\/div>\n<div class=\"galleria-thumbnails-container galleria-carousel\">\n<div class=\"galleria-thumb-nav-left disabled\"><\/div>\n<div class=\"galleria-thumbnails-list\">\n<div class=\"galleria-thumbnails\">\n<div class=\"galleria-image active\"><img loading=\"lazy\" src=\"https:\/\/edu.gov.az\/uploads\/gallery\/2022\/3\/1646128595\/\/04-01.03.22-01.jpg\" width=\"60\" height=\"40\" \/><\/div>\n<div class=\"galleria-image\"><img loading=\"lazy\" src=\"https:\/\/edu.gov.az\/uploads\/gallery\/2022\/3\/1646128595\/\/04-01.03.22-02.jpg\" width=\"53\" height=\"40\" \/><\/div>\n<div class=\"galleria-image\"><img loading=\"lazy\" src=\"https:\/\/edu.gov.az\/uploads\/gallery\/2022\/3\/1646128595\/\/04-01.03.22-03.jpg\" width=\"66\" height=\"40\" \/><\/div>\n<div class=\"galleria-image\"><img loading=\"lazy\" src=\"https:\/\/edu.gov.az\/uploads\/gallery\/2022\/3\/1646128595\/\/04-01.03.22-04.jpg\" width=\"60\" height=\"40\" \/><\/div>\n<div class=\"galleria-image\"><img loading=\"lazy\" src=\"https:\/\/edu.gov.az\/uploads\/gallery\/2022\/3\/1646128595\/\/04-01.03.22-05.jpg\" width=\"76\" height=\"40\" \/><\/div>\n<div class=\"galleria-image\"><img loading=\"lazy\" src=\"https:\/\/edu.gov.az\/uploads\/gallery\/2022\/3\/1646128595\/\/04-01.03.22-06.jpg\" width=\"66\" height=\"40\" \/><\/div>\n<div class=\"galleria-image\"><img loading=\"lazy\" src=\"https:\/\/edu.gov.az\/uploads\/gallery\/2022\/3\/1646128595\/\/04-01.03.22-07.jpg\" width=\"69\" height=\"40\" \/><\/div>\n<div class=\"galleria-image\"><img loading=\"lazy\" src=\"https:\/\/edu.gov.az\/uploads\/gallery\/2022\/3\/1646128595\/\/04-01.03.22-08.jpg\" width=\"68\" height=\"40\" \/><\/div>\n<div class=\"galleria-image\"><img loading=\"lazy\" src=\"https:\/\/edu.gov.az\/uploads\/gallery\/2022\/3\/1646128595\/\/04-01.03.22-08a.jpg\" width=\"66\" height=\"40\" \/><\/div>\n<div class=\"galleria-image\"><img loading=\"lazy\" src=\"https:\/\/edu.gov.az\/uploads\/gallery\/2022\/3\/1646128595\/\/04-01.03.22-09.jpg\" width=\"57\" height=\"40\" \/><\/div>\n<div class=\"galleria-image\"><img loading=\"lazy\" src=\"https:\/\/edu.gov.az\/uploads\/gallery\/2022\/3\/1646128595\/\/04-01.03.22-010.jpg\" width=\"66\" height=\"40\" \/><\/div>\n<div class=\"galleria-image\"><img loading=\"lazy\" src=\"https:\/\/edu.gov.az\/uploads\/gallery\/2022\/3\/1646128595\/\/04-01.03.22-011.jpg\" width=\"60\" height=\"40\" \/><\/div>\n<div class=\"galleria-image\"><img loading=\"lazy\" src=\"https:\/\/edu.gov.az\/uploads\/gallery\/2022\/3\/1646128595\/\/04-01.03.22-012.jpg\" width=\"60\" height=\"40\" \/><\/div>\n<div class=\"galleria-image\"><img loading=\"lazy\" src=\"https:\/\/edu.gov.az\/uploads\/gallery\/2022\/3\/1646128595\/\/04-01.03.22-013.jpg\" width=\"70\" height=\"40\" \/><\/div>\n<div class=\"galleria-image\"><img loading=\"lazy\" src=\"https:\/\/edu.gov.az\/uploads\/gallery\/2022\/3\/1646128595\/\/04-01.03.22-014.jpg\" width=\"60\" height=\"40\" \/><\/div>\n<div class=\"galleria-image\"><img loading=\"lazy\" src=\"https:\/\/edu.gov.az\/uploads\/gallery\/2022\/3\/1646128595\/\/04-01.03.22-015.jpg\" width=\"67\" height=\"40\" \/><\/div>\n<div class=\"galleria-image\"><img loading=\"lazy\" src=\"https:\/\/edu.gov.az\/uploads\/gallery\/2022\/3\/1646128595\/\/04-01.03.22-016.jpg\" width=\"62\" height=\"40\" \/><\/div>\n<div class=\"galleria-image\"><img loading=\"lazy\" src=\"https:\/\/edu.gov.az\/uploads\/gallery\/2022\/3\/1646128595\/\/04-01.03.22-017.jpg\" width=\"68\" height=\"40\" \/><\/div>\n<div class=\"galleria-image\"><img loading=\"lazy\" src=\"https:\/\/edu.gov.az\/uploads\/gallery\/2022\/3\/1646128595\/\/04-01.03.22-018.jpg\" width=\"60\" height=\"40\" \/><\/div>\n<div class=\"galleria-image\"><img loading=\"lazy\" src=\"https:\/\/edu.gov.az\/uploads\/gallery\/2022\/3\/1646128595\/\/04-01.03.22-019.jpg\" width=\"60\" height=\"40\" \/><\/div>\n<div class=\"galleria-image\"><\/div>\n<div class=\"galleria-image\"><\/div>\n<div class=\"galleria-image\"><img loading=\"lazy\" src=\"https:\/\/edu.gov.az\/uploads\/gallery\/2022\/3\/1646128595\/\/04-01.03.22-023.jpg\" width=\"60\" height=\"40\" \/><\/div>\n<div class=\"galleria-image\"><img loading=\"lazy\" src=\"https:\/\/edu.gov.az\/uploads\/gallery\/2022\/3\/1646128595\/\/04-01.03.22-024.jpg\" width=\"60\" height=\"40\" \/><\/div>\n<div class=\"galleria-image\"><\/div>\n<div class=\"galleria-image\"><\/div>\n<div class=\"galleria-image\"><\/div>\n<div class=\"galleria-image\"><\/div>\n<div class=\"galleria-image\"><\/div>\n<div class=\"galleria-image\"><\/div>\n<div class=\"galleria-image\"><\/div>\n<div class=\"galleria-image\"><\/div>\n<div class=\"galleria-image\"><\/div>\n<div class=\"galleria-image\"><\/div>\n<div class=\"galleria-image\"><\/div>\n<div class=\"galleria-image\"><\/div>\n<div class=\"galleria-image\"><\/div>\n<\/div>\n<\/div>\n<div class=\"galleria-thumb-nav-right\"><\/div>\n<\/div>\n<div class=\"galleria-info\">\n<div class=\"galleria-info-link\"><\/div>\n<\/div>\n<div class=\"galleria-tooltip\"><\/div>\n<\/div>\n<\/div>\n<h4 id=\"post_date\" class=\"title mt-2\"><\/h4>\n","protected":false},"excerpt":{"rendered":"<p>Mart\u0131n 1-d\u0259 Az\u0259rbaycan D\u00f6vl\u0259t Pedaqoji Universitetinin (ADPU) Kitabxana-\u0130nformasiya M\u0259rk\u0259zinin yenid\u0259nqurmadan sonra a\u00e7\u0131l\u0131\u015f m\u0259rasimi ke\u00e7irilib. A\u00e7\u0131l\u0131\u015f m\u0259rasimind\u0259 t\u0259hsil naziri Emin \u018fmrullayev, ADPU-nun rektoru C\u0259f\u0259r C\u0259f\u0259rov, \u201cBP Az\u0259rbaycan\u201d \u015firk\u0259tinin vitse-prezidenti B\u0259xtiyar Aslanb\u0259yli, Az\u0259rbaycan Milli Kitabxanas\u0131n\u0131n direktoru K\u0259rim Tahirov v\u0259 m\u00fcxt\u0259lif ali t\u0259hsil m\u00fc\u0259ssis\u0259l\u0259rinin kitabxana r\u0259hb\u0259rl\u0259ri i\u015ftirak edibl\u0259r. \u0130\u015ftirak\u00e7\u0131lar M\u0259rk\u0259zd\u0259 yarad\u0131lm\u0131\u015f \u015f\u0259rait v\u0259 g\u00f6st\u0259ril\u0259n xidm\u0259tl\u0259rl\u0259 tan\u0131\u015f olublar. Qeyd olunub ki, kitabxana \u0259n m\u00fcasir elektron sisteml\u0259r \u0259sas\u0131nda qurulmu\u015f i\u015f prinsipi \u0259sas\u0131nda f\u0259aliyy\u0259t g\u00f6st\u0259rir. Bu layih\u0259 korporativ sosial m\u0259suliyy\u0259t prinsipini r\u0259hb\u0259r tutan \u201cBP Az\u0259rbaycan\u201d \u015firk\u0259ti t\u0259r\u0259find\u0259n maliyy\u0259l\u0259\u015fdirilib. T\u0259hsil naziri Emin \u018fmrullayev kollektivi t\u0259brik ed\u0259r\u0259k bildirib&hellip;<\/p>\n","protected":false},"author":2,"featured_media":446089,"comment_status":"closed","ping_status":"closed","sticky":false,"template":"","format":"standard","meta":{"om_disable_all_campaigns":false,"_monsterinsights_skip_tracking":false,"_monsterinsights_sitenote_active":false,"_monsterinsights_sitenote_note":"","_monsterinsights_sitenote_category":0},"categories":[23],"tags":[],"aioseo_notices":[],"gutentor_comment":0,"rttpg_featured_image_url":{"full":["https:\/\/arantv.az\/wp-content\/uploads\/2022\/03\/04-01.03.22-09.jpg",2000,1396,false],"landscape":["https:\/\/arantv.az\/wp-content\/uploads\/2022\/03\/04-01.03.22-09.jpg",2000,1396,false],"portraits":["https:\/\/arantv.az\/wp-content\/uploads\/2022\/03\/04-01.03.22-09.jpg",2000,1396,false],"thumbnail":["https:\/\/arantv.az\/wp-content\/uploads\/2022\/03\/04-01.03.22-09-500x280.jpg",500,280,true],"medium":["https:\/\/arantv.az\/wp-content\/uploads\/2022\/03\/04-01.03.22-09-523x365.jpg",523,365,true],"large":["https:\/\/arantv.az\/wp-content\/uploads\/2022\/03\/04-01.03.22-09-840x586.jpg",640,446,true],"1536x1536":["https:\/\/arantv.az\/wp-content\/uploads\/2022\/03\/04-01.03.22-09-1536x1072.jpg",1536,1072,true],"2048x2048":["https:\/\/arantv.az\/wp-content\/uploads\/2022\/03\/04-01.03.22-09.jpg",2000,1396,false],"post-thumbnail":["https:\/\/arantv.az\/wp-content\/uploads\/2022\/03\/04-01.03.22-09-240x172.jpg",240,172,true],"advps-thumb-one":["https:\/\/arantv.az\/wp-content\/uploads\/2022\/03\/04-01.03.22-09-1200x620.jpg",1200,620,true]},"rttpg_author":{"display_name":"V\u00fcsal Rafiqo\u011flu","author_link":"https:\/\/arantv.az\/?author=2"},"rttpg_comment":0,"rttpg_category":"<a href=\"https:\/\/arantv.az\/?cat=23\" rel=\"category\">T\u0259hsil<\/a>","rttpg_excerpt":"Mart\u0131n 1-d\u0259 Az\u0259rbaycan D\u00f6vl\u0259t Pedaqoji Universitetinin (ADPU) Kitabxana-\u0130nformasiya M\u0259rk\u0259zinin yenid\u0259nqurmadan sonra a\u00e7\u0131l\u0131\u015f m\u0259rasimi ke\u00e7irilib. A\u00e7\u0131l\u0131\u015f m\u0259rasimind\u0259 t\u0259hsil naziri Emin \u018fmrullayev, ADPU-nun rektoru C\u0259f\u0259r C\u0259f\u0259rov, \u201cBP Az\u0259rbaycan\u201d \u015firk\u0259tinin vitse-prezidenti B\u0259xtiyar Aslanb\u0259yli, Az\u0259rbaycan Milli Kitabxanas\u0131n\u0131n direktoru K\u0259rim Tahirov v\u0259 m\u00fcxt\u0259lif ali t\u0259hsil m\u00fc\u0259ssis\u0259l\u0259rinin kitabxana r\u0259hb\u0259rl\u0259ri i\u015ftirak edibl\u0259r. \u0130\u015ftirak\u00e7\u0131lar M\u0259rk\u0259zd\u0259 yarad\u0131lm\u0131\u015f \u015f\u0259rait v\u0259 g\u00f6st\u0259ril\u0259n xidm\u0259tl\u0259rl\u0259 tan\u0131\u015f olublar. Qeyd&hellip;","_links":{"self":[{"href":"https:\/\/arantv.az\/index.php?rest_route=\/wp\/v2\/posts\/446088"}],"collection":[{"href":"https:\/\/arantv.az\/index.php?rest_route=\/wp\/v2\/posts"}],"about":[{"href":"https:\/\/arantv.az\/index.php?rest_route=\/wp\/v2\/types\/post"}],"author":[{"embeddable":true,"href":"https:\/\/arantv.az\/index.php?rest_route=\/wp\/v2\/users\/2"}],"replies":[{"embeddable":true,"href":"https:\/\/arantv.az\/index.php?rest_route=%2Fwp%2Fv2%2Fcomments&post=446088"}],"version-history":[{"count":0,"href":"https:\/\/arantv.az\/index.php?rest_route=\/wp\/v2\/posts\/446088\/revisions"}],"wp:featuredmedia":[{"embeddable":true,"href":"https:\/\/arantv.az\/index.php?rest_route=\/wp\/v2\/media\/446089"}],"wp:attachment":[{"href":"https:\/\/arantv.az\/index.php?rest_route=%2Fwp%2Fv2%2Fmedia&parent=446088"}],"wp:term":[{"taxonomy":"category","embeddable":true,"href":"https:\/\/arantv.az\/index.php?rest_route=%2Fwp%2Fv2%2Fcategories&post=446088"},{"taxonomy":"post_tag","embeddable":true,"href":"https:\/\/arantv.az\/index.php?rest_route=%2Fwp%2Fv2%2Ftags&post=446088"}],"curies":[{"name":"wp","href":"https:\/\/api.w.org\/{rel}","templated":true}]}}