{"id":446101,"date":"2022-03-01T13:56:31","date_gmt":"2022-03-01T10:56:31","guid":{"rendered":"http:\/\/arantv.az\/?p=446101"},"modified":"2022-03-01T13:56:31","modified_gmt":"2022-03-01T10:56:31","slug":"ukraynadan-polsaya-kecm%c9%99k-ist%c9%99y%c9%99n-az%c9%99rbaycanlilara-x%c9%99b%c9%99rdarliq","status":"publish","type":"post","link":"https:\/\/arantv.az\/?p=446101","title":{"rendered":"Ukraynadan Pol\u015faya ke\u00e7m\u0259k ist\u0259y\u0259n az\u0259rbaycanl\u0131lara X\u018fB\u018fRDARLIQ"},"content":{"rendered":"<p>Az\u0259rbaycan\u0131n Pol\u015fadak\u0131 s\u0259firliyi Ukraynadak\u0131 v\u0259ziyy\u0259tl\u0259 \u0259laq\u0259dar Pol\u015faya ke\u00e7m\u0259k ist\u0259y\u0259n v\u0259t\u0259nda\u015flara m\u00fcraci\u0259t edib.<\/p>\n<p>M\u00fcraci\u0259td\u0259 bildirilir:<\/p>\n<div class=\"AdviadNativeVideo\"><\/div>\n<p>\u201cH\u00f6rm\u0259tli h\u0259mv\u0259t\u0259nl\u0259r,<\/p>\n<p>Ukraynadak\u0131 v\u0259ziyy\u0259tl\u0259 \u0259laq\u0259dar\u00a0bildiririk ki, Pol\u015fa S\u0259rh\u0259d Xidm\u0259tind\u0259n \u0259ld\u0259 edilmi\u015f m\u0259lumata \u0259sas\u0259n, Pol\u015fan\u0131n Ukrayna il\u0259\u00a0a\u015fa\u011f\u0131dak\u0131 3 s\u0259rh\u0259d-ke\u00e7id m\u0259nt\u0259q\u0259sind\u0259 \u00e7ox sayda n\u00f6vb\u0259l\u0259r m\u00f6vcuddur.<\/p>\n<p>Bu m\u0259qs\u0259dl\u0259 qad\u0131nlar, u\u015faql\u0131 analar, ya\u015fl\u0131lar, s\u0259hh\u0259tind\u0259 problem olan Az\u0259rbaycan Respublikas\u0131 v\u0259t\u0259nda\u015flar\u0131n\u0131n bu s\u0259rh\u0259d-ke\u00e7id m\u0259nt\u0259q\u0259l\u0259rind\u0259n istifad\u0259 etm\u0259m\u0259l\u0259ri t\u00f6vsiy\u0259 edilir:<\/p>\n<p>&#8211; Med\u0131ka-\u015eeqini<\/p>\n<p>&#8211; Kor\u00e7ova-Krakovets<\/p>\n<p>&#8211; Krostsenko-Smolnitsa<\/p>\n<p>M\u00fcvafiq kateqoriyadan olan Az\u0259rbaycan Respublikas\u0131 v\u0259t\u0259nda\u015flar\u0131na a\u015fa\u011f\u0131da qeyd edilmi\u015f dig\u0259r 5 s\u0259rh\u0259d-ke\u00e7id m\u0259nt\u0259q\u0259sind\u0259n istifad\u0259 etm\u0259si t\u00f6vsiy\u0259 olunur. S\u00f6z\u00fcged\u0259n m\u0259nt\u0259q\u0259l\u0259rd\u0259 s\u0131\u011f\u0131nacaqlar f\u0259aliyy\u0259t g\u00f6st\u0259rir ki, ehtiyac\u0131 olan \u015f\u0259xsl\u0259r orada qala v\u0259 \u0259n z\u0259ruri t\u0259l\u0259batlarla t\u0259min edil\u0259 bil\u0259rl\u0259r:<\/p>\n<p>&#8211; Doroxusk-Yaqodzin<br \/>\nSuchodolski Palace Communal Culture and Tourism Center, ul. Parkowa 5, 22-175 Dorohusk &#8211; housing estate<\/p>\n<p>&#8211; Dolxob\u0131\u00e7uv-Uqrinov<br \/>\nBorder Culture and Recreation Center, ul. Sp\u00f3\u0142dzielcza 8, 22-540 Do\u0142hobycz\u00f3w<\/p>\n<p>&#8211; Zosin-Ustiluq<br \/>\nSchool Complex in Horod\u0142o, ul. Pi\u0142sudskiego 58, 22-523 Horod\u0142o<\/p>\n<p>&#8211; Qrebenne-Rava Ruska<br \/>\nPrimary School in Lubycza Kr\u00f3lewska (back of the sports hall), ul. Jana III Sobieskiego 5, 22-680 Lubycza Kr\u00f3lewska<\/p>\n<p>&#8211; Budomej-Qru\u015fev<br \/>\nPrimary School in Krowica Sama 183, 37-625 Krowica Sama<\/p>\n<p>Bir daha xat\u0131rlad\u0131r\u0131q ki, s\u0259rh\u0259d ke\u00e7idi zaman\u0131 v\u0259t\u0259nda\u015flar\u0131m\u0131z\u0131n ist\u0259nil\u0259n \u015f\u0259xsiyy\u0259ti t\u0259sdiq ed\u0259n foto\u015f\u0259killi s\u0259n\u0259di, yaxud qay\u0131d\u0131\u015f \u015f\u0259had\u0259tnam\u0259si ke\u00e7\u0259rlidir. COVID sertifikat\u0131 v\u0259 viza t\u0259l\u0259b olunmur. M\u00f6vcud v\u0259ziyy\u0259tl\u0259 \u0259laq\u0259dar Ukrayna-Pol\u015fa s\u0259rh\u0259dini ke\u00e7mi\u015f v\u0259t\u0259nda\u015flar\u0131m\u0131z Pol\u015fa \u0259razisind\u0259 qalma m\u00fcdd\u0259ti \u2013 15 g\u00fcnd\u00fcr v\u0259 bu m\u00fcdd\u0259t art\u0131r\u0131la bilm\u0259z.<\/p>\n<p>\u018flav\u0259 suallar\u00a0yaranaca\u011f\u0131 t\u0259qdird\u0259:<\/p>\n<p>S\u0259firliyin qaynar telefon x\u0259tti: +48 576 900 183<\/p>\n<p>S\u0259firliyin konsulluq \u015f\u00f6b\u0259sinin telefon n\u00f6mr\u0259si: +48 22 718 30 70<\/p>\n<p>S\u0259rh\u0259di ke\u00e7mi\u015f v\u0259 ehtiyac\u0131 olan v\u0259t\u0259nda\u015flar\u0131m\u0131z\u0131n \u00f6z pasportunun foto\u015f\u0259klini\u00a0v\u0259 telefon m\u0259lumatlar\u0131n\u0131\u00a0a\u015fa\u011f\u0131dak\u0131 e-po\u00e7t \u00fcnvan\u0131na g\u00f6nd\u0259rm\u0259l\u0259ri xahi\u015f edilir.<\/p>\n<p>S\u0259firliyin konsulluq \u015f\u00f6b\u0259sinin e-po\u00e7t \u00fcnvan\u0131:\u00a0consul_warsaw@mission.mfa.gov.az.<\/p>\n<p>Ukrayna il\u0259 Pol\u015fa aras\u0131nda s\u0259rh\u0259d-ke\u00e7id m\u0259nt\u0259q\u0259l\u0259ri fasil\u0259siz \u00e7al\u0131\u015f\u0131r.<\/p>\n<p>Qa\u00e7q\u0131nlar\u0131n q\u0259bulu il\u0259 ba\u011fl\u0131 Pol\u015fa h\u00f6kum\u0259tinin +48 47 721 75 75 qaynar x\u0259tti f\u0259aliyy\u0259t g\u00f6st\u0259rir.<\/p>\n<p>V\u0259ziyy\u0259tin inki\u015faf\u0131ndan as\u0131l\u0131 olaraq \u0259lav\u0259 m\u0259lumat t\u0259qdim olunacaq\u201d.<\/p>\n","protected":false},"excerpt":{"rendered":"<p>Az\u0259rbaycan\u0131n Pol\u015fadak\u0131 s\u0259firliyi Ukraynadak\u0131 v\u0259ziyy\u0259tl\u0259 \u0259laq\u0259dar Pol\u015faya ke\u00e7m\u0259k ist\u0259y\u0259n v\u0259t\u0259nda\u015flara m\u00fcraci\u0259t edib. M\u00fcraci\u0259td\u0259 bildirilir: \u201cH\u00f6rm\u0259tli h\u0259mv\u0259t\u0259nl\u0259r, Ukraynadak\u0131 v\u0259ziyy\u0259tl\u0259 \u0259laq\u0259dar\u00a0bildiririk ki, Pol\u015fa S\u0259rh\u0259d Xidm\u0259tind\u0259n \u0259ld\u0259 edilmi\u015f m\u0259lumata \u0259sas\u0259n, Pol\u015fan\u0131n Ukrayna il\u0259\u00a0a\u015fa\u011f\u0131dak\u0131 3 s\u0259rh\u0259d-ke\u00e7id m\u0259nt\u0259q\u0259sind\u0259 \u00e7ox sayda n\u00f6vb\u0259l\u0259r m\u00f6vcuddur. Bu m\u0259qs\u0259dl\u0259 qad\u0131nlar, u\u015faql\u0131 analar, ya\u015fl\u0131lar, s\u0259hh\u0259tind\u0259 problem olan Az\u0259rbaycan Respublikas\u0131 v\u0259t\u0259nda\u015flar\u0131n\u0131n bu s\u0259rh\u0259d-ke\u00e7id m\u0259nt\u0259q\u0259l\u0259rind\u0259n istifad\u0259 etm\u0259m\u0259l\u0259ri t\u00f6vsiy\u0259 edilir: &#8211; Med\u0131ka-\u015eeqini &#8211; Kor\u00e7ova-Krakovets &#8211; Krostsenko-Smolnitsa M\u00fcvafiq kateqoriyadan olan Az\u0259rbaycan Respublikas\u0131 v\u0259t\u0259nda\u015flar\u0131na a\u015fa\u011f\u0131da qeyd edilmi\u015f dig\u0259r 5 s\u0259rh\u0259d-ke\u00e7id m\u0259nt\u0259q\u0259sind\u0259n istifad\u0259 etm\u0259si t\u00f6vsiy\u0259 olunur. S\u00f6z\u00fcged\u0259n m\u0259nt\u0259q\u0259l\u0259rd\u0259 s\u0131\u011f\u0131nacaqlar f\u0259aliyy\u0259t g\u00f6st\u0259rir ki, ehtiyac\u0131 olan \u015f\u0259xsl\u0259r orada qala&hellip;<\/p>\n","protected":false},"author":2,"featured_media":446103,"comment_status":"closed","ping_status":"closed","sticky":false,"template":"","format":"standard","meta":{"om_disable_all_campaigns":false,"_monsterinsights_skip_tracking":false,"_monsterinsights_sitenote_active":false,"_monsterinsights_sitenote_note":"","_monsterinsights_sitenote_category":0},"categories":[1],"tags":[],"aioseo_notices":[],"gutentor_comment":0,"rttpg_featured_image_url":{"full":["https:\/\/arantv.az\/wp-content\/uploads\/2022\/03\/8c043d99-4e3a-4df3-8519-e659b605529b.jpg",620,413,false],"landscape":["https:\/\/arantv.az\/wp-content\/uploads\/2022\/03\/8c043d99-4e3a-4df3-8519-e659b605529b.jpg",620,413,false],"portraits":["https:\/\/arantv.az\/wp-content\/uploads\/2022\/03\/8c043d99-4e3a-4df3-8519-e659b605529b.jpg",620,413,false],"thumbnail":["https:\/\/arantv.az\/wp-content\/uploads\/2022\/03\/8c043d99-4e3a-4df3-8519-e659b605529b-500x280.jpg",500,280,true],"medium":["https:\/\/arantv.az\/wp-content\/uploads\/2022\/03\/8c043d99-4e3a-4df3-8519-e659b605529b-548x365.jpg",548,365,true],"large":["https:\/\/arantv.az\/wp-content\/uploads\/2022\/03\/8c043d99-4e3a-4df3-8519-e659b605529b.jpg",620,413,false],"1536x1536":["https:\/\/arantv.az\/wp-content\/uploads\/2022\/03\/8c043d99-4e3a-4df3-8519-e659b605529b.jpg",620,413,false],"2048x2048":["https:\/\/arantv.az\/wp-content\/uploads\/2022\/03\/8c043d99-4e3a-4df3-8519-e659b605529b.jpg",620,413,false],"post-thumbnail":["https:\/\/arantv.az\/wp-content\/uploads\/2022\/03\/8c043d99-4e3a-4df3-8519-e659b605529b-240x172.jpg",240,172,true],"advps-thumb-one":["https:\/\/arantv.az\/wp-content\/uploads\/2022\/03\/8c043d99-4e3a-4df3-8519-e659b605529b.jpg",620,413,false]},"rttpg_author":{"display_name":"V\u00fcsal Rafiqo\u011flu","author_link":"https:\/\/arantv.az\/?author=2"},"rttpg_comment":0,"rttpg_category":"<a href=\"https:\/\/arantv.az\/?cat=1\" rel=\"category\">C\u0259miyy\u0259t<\/a>","rttpg_excerpt":"Az\u0259rbaycan\u0131n Pol\u015fadak\u0131 s\u0259firliyi Ukraynadak\u0131 v\u0259ziyy\u0259tl\u0259 \u0259laq\u0259dar Pol\u015faya ke\u00e7m\u0259k ist\u0259y\u0259n v\u0259t\u0259nda\u015flara m\u00fcraci\u0259t edib. M\u00fcraci\u0259td\u0259 bildirilir: \u201cH\u00f6rm\u0259tli h\u0259mv\u0259t\u0259nl\u0259r, Ukraynadak\u0131 v\u0259ziyy\u0259tl\u0259 \u0259laq\u0259dar\u00a0bildiririk ki, Pol\u015fa S\u0259rh\u0259d Xidm\u0259tind\u0259n \u0259ld\u0259 edilmi\u015f m\u0259lumata \u0259sas\u0259n, Pol\u015fan\u0131n Ukrayna il\u0259\u00a0a\u015fa\u011f\u0131dak\u0131 3 s\u0259rh\u0259d-ke\u00e7id m\u0259nt\u0259q\u0259sind\u0259 \u00e7ox sayda n\u00f6vb\u0259l\u0259r m\u00f6vcuddur. Bu m\u0259qs\u0259dl\u0259 qad\u0131nlar, u\u015faql\u0131 analar, ya\u015fl\u0131lar, s\u0259hh\u0259tind\u0259 problem olan Az\u0259rbaycan Respublikas\u0131 v\u0259t\u0259nda\u015flar\u0131n\u0131n bu s\u0259rh\u0259d-ke\u00e7id m\u0259nt\u0259q\u0259l\u0259rind\u0259n istifad\u0259 etm\u0259m\u0259l\u0259ri t\u00f6vsiy\u0259&hellip;","_links":{"self":[{"href":"https:\/\/arantv.az\/index.php?rest_route=\/wp\/v2\/posts\/446101"}],"collection":[{"href":"https:\/\/arantv.az\/index.php?rest_route=\/wp\/v2\/posts"}],"about":[{"href":"https:\/\/arantv.az\/index.php?rest_route=\/wp\/v2\/types\/post"}],"author":[{"embeddable":true,"href":"https:\/\/arantv.az\/index.php?rest_route=\/wp\/v2\/users\/2"}],"replies":[{"embeddable":true,"href":"https:\/\/arantv.az\/index.php?rest_route=%2Fwp%2Fv2%2Fcomments&post=446101"}],"version-history":[{"count":0,"href":"https:\/\/arantv.az\/index.php?rest_route=\/wp\/v2\/posts\/446101\/revisions"}],"wp:featuredmedia":[{"embeddable":true,"href":"https:\/\/arantv.az\/index.php?rest_route=\/wp\/v2\/media\/446103"}],"wp:attachment":[{"href":"https:\/\/arantv.az\/index.php?rest_route=%2Fwp%2Fv2%2Fmedia&parent=446101"}],"wp:term":[{"taxonomy":"category","embeddable":true,"href":"https:\/\/arantv.az\/index.php?rest_route=%2Fwp%2Fv2%2Fcategories&post=446101"},{"taxonomy":"post_tag","embeddable":true,"href":"https:\/\/arantv.az\/index.php?rest_route=%2Fwp%2Fv2%2Ftags&post=446101"}],"curies":[{"name":"wp","href":"https:\/\/api.w.org\/{rel}","templated":true}]}}