{"id":446105,"date":"2022-03-01T13:58:11","date_gmt":"2022-03-01T10:58:11","guid":{"rendered":"http:\/\/arantv.az\/?p=446105"},"modified":"2022-03-01T13:58:11","modified_gmt":"2022-03-01T10:58:11","slug":"nazir-h%c9%99r-il-400-%c9%99-yaxin-s%c9%99xs-xaricd%c9%99-t%c9%99hsil-ala-bil%c9%99c%c9%99k-canli-yayim","status":"publish","type":"post","link":"https:\/\/arantv.az\/?p=446105","title":{"rendered":"Nazir: \u201cH\u0259r il 400-\u0259 yax\u0131n \u015f\u0259xs xaricd\u0259 t\u0259hsil ala bil\u0259c\u0259k\u201d &#8211; CANLI YAYIM"},"content":{"rendered":"<p>\u201cD\u00f6rd il \u0259rzind\u0259 h\u0259r il 400 n\u0259f\u0259r\u0259 yax\u0131n\u00a0\u015f\u0259xs xaricd\u0259 t\u0259hsil ala bil\u0259c\u0259k\u201d.<\/p>\n<p><strong>ARANTV.AZ<\/strong>-\u0131n m\u0259lumat\u0131na g\u00f6r\u0259, bunu t\u0259hsil naziri Emin \u018fmrullayev g\u0259ncl\u0259rin xarici \u00f6lk\u0259l\u0259rin n\u00fcfuzlu ali t\u0259hsil m\u00fc\u0259ssis\u0259l\u0259rind\u0259 t\u0259hsil almalar\u0131na dair 2022\u20132026-c\u0131 ill\u0259r \u00fc\u00e7\u00fcn t\u0259sdiql\u0259n\u0259n D\u00f6vl\u0259t Proqram\u0131 il\u0259 ba\u011fl\u0131 ke\u00e7irdiyi m\u0259tbuat konfrans\u0131nda bildirib.<\/p>\n<div class=\"AdviadNativeVideo\"><\/div>\n<p>Nazir bildirib ki, 2 min n\u0259f\u0259r\u0259d\u0259k \u015f\u0259xs\u00a0qeyd edil\u0259n m\u00fcdd\u0259td\u0259 t\u0259hsilini xaricd\u0259 davam etdir\u0259c\u0259k:<\/p>\n<p>\u201c\u00dcmumilikd\u0259 2000 n\u0259f\u0259r\u0259d\u0259k Az\u0259rbaycan Respublikas\u0131 v\u0259t\u0259nda\u015f\u0131n\u0131n xaricd\u0259 n\u00fcfuzlu ali t\u0259hsil m\u00fc\u0259ssis\u0259l\u0259rind\u0259 ali t\u0259hsilin bakalavriat v\u0259 magistratura s\u0259viyy\u0259l\u0259rind\u0259 t\u0259hsil almas\u0131 t\u0259min edil\u0259c\u0259k\u201d.<\/p>\n<p>O \u0259lav\u0259 edib ki, t\u0259l\u0259b\u0259l\u0259rin xaricd\u0259 t\u0259hsil almas\u0131 sentyabr ay\u0131ndan m\u00fcmk\u00fcn olacaq:<\/p>\n<p>\u201cArt\u0131q t\u0259l\u0259b\u0259l\u0259r t\u0259hsil \u00fc\u00e7\u00fcn m\u00fcraci\u0259t ed\u0259 bil\u0259rl\u0259r\u201d.<\/p>\n<div><iframe loading=\"lazy\" title=\"YouTube video player\" src=\"https:\/\/www.youtube.com\/embed\/ZUB3jwq7FK4\" width=\"560\" height=\"315\" frameborder=\"0\" allowfullscreen=\"allowfullscreen\" data-mce-fragment=\"1\"><\/iframe><\/div>\n","protected":false},"excerpt":{"rendered":"<p>\u201cD\u00f6rd il \u0259rzind\u0259 h\u0259r il 400 n\u0259f\u0259r\u0259 yax\u0131n\u00a0\u015f\u0259xs xaricd\u0259 t\u0259hsil ala bil\u0259c\u0259k\u201d. ARANTV.AZ-\u0131n m\u0259lumat\u0131na g\u00f6r\u0259, bunu t\u0259hsil naziri Emin \u018fmrullayev g\u0259ncl\u0259rin xarici \u00f6lk\u0259l\u0259rin n\u00fcfuzlu ali t\u0259hsil m\u00fc\u0259ssis\u0259l\u0259rind\u0259 t\u0259hsil almalar\u0131na dair 2022\u20132026-c\u0131 ill\u0259r \u00fc\u00e7\u00fcn t\u0259sdiql\u0259n\u0259n D\u00f6vl\u0259t Proqram\u0131 il\u0259 ba\u011fl\u0131 ke\u00e7irdiyi m\u0259tbuat konfrans\u0131nda bildirib. Nazir bildirib ki, 2 min n\u0259f\u0259r\u0259d\u0259k \u015f\u0259xs\u00a0qeyd edil\u0259n m\u00fcdd\u0259td\u0259 t\u0259hsilini xaricd\u0259 davam etdir\u0259c\u0259k: \u201c\u00dcmumilikd\u0259 2000 n\u0259f\u0259r\u0259d\u0259k Az\u0259rbaycan Respublikas\u0131 v\u0259t\u0259nda\u015f\u0131n\u0131n xaricd\u0259 n\u00fcfuzlu ali t\u0259hsil m\u00fc\u0259ssis\u0259l\u0259rind\u0259 ali t\u0259hsilin bakalavriat v\u0259 magistratura s\u0259viyy\u0259l\u0259rind\u0259 t\u0259hsil almas\u0131 t\u0259min edil\u0259c\u0259k\u201d. O \u0259lav\u0259 edib ki, t\u0259l\u0259b\u0259l\u0259rin xaricd\u0259 t\u0259hsil almas\u0131 sentyabr ay\u0131ndan m\u00fcmk\u00fcn olacaq: \u201cArt\u0131q t\u0259l\u0259b\u0259l\u0259r&hellip;<\/p>\n","protected":false},"author":2,"featured_media":440649,"comment_status":"closed","ping_status":"closed","sticky":false,"template":"","format":"standard","meta":{"om_disable_all_campaigns":false,"_monsterinsights_skip_tracking":false,"_monsterinsights_sitenote_active":false,"_monsterinsights_sitenote_note":"","_monsterinsights_sitenote_category":0},"categories":[23],"tags":[],"aioseo_notices":[],"gutentor_comment":0,"rttpg_featured_image_url":{"full":["https:\/\/arantv.az\/wp-content\/uploads\/2022\/02\/emin_emrullayev_0471.jpg",800,600,false],"landscape":["https:\/\/arantv.az\/wp-content\/uploads\/2022\/02\/emin_emrullayev_0471.jpg",800,600,false],"portraits":["https:\/\/arantv.az\/wp-content\/uploads\/2022\/02\/emin_emrullayev_0471.jpg",800,600,false],"thumbnail":["https:\/\/arantv.az\/wp-content\/uploads\/2022\/02\/emin_emrullayev_0471-500x280.jpg",500,280,true],"medium":["https:\/\/arantv.az\/wp-content\/uploads\/2022\/02\/emin_emrullayev_0471-487x365.jpg",487,365,true],"large":["https:\/\/arantv.az\/wp-content\/uploads\/2022\/02\/emin_emrullayev_0471.jpg",640,480,false],"1536x1536":["https:\/\/arantv.az\/wp-content\/uploads\/2022\/02\/emin_emrullayev_0471.jpg",800,600,false],"2048x2048":["https:\/\/arantv.az\/wp-content\/uploads\/2022\/02\/emin_emrullayev_0471.jpg",800,600,false],"post-thumbnail":["https:\/\/arantv.az\/wp-content\/uploads\/2022\/02\/emin_emrullayev_0471-240x172.jpg",240,172,true],"advps-thumb-one":["https:\/\/arantv.az\/wp-content\/uploads\/2022\/02\/emin_emrullayev_0471.jpg",800,600,false]},"rttpg_author":{"display_name":"V\u00fcsal Rafiqo\u011flu","author_link":"https:\/\/arantv.az\/?author=2"},"rttpg_comment":0,"rttpg_category":"<a href=\"https:\/\/arantv.az\/?cat=23\" rel=\"category\">T\u0259hsil<\/a>","rttpg_excerpt":"\u201cD\u00f6rd il \u0259rzind\u0259 h\u0259r il 400 n\u0259f\u0259r\u0259 yax\u0131n\u00a0\u015f\u0259xs xaricd\u0259 t\u0259hsil ala bil\u0259c\u0259k\u201d. ARANTV.AZ-\u0131n m\u0259lumat\u0131na g\u00f6r\u0259, bunu t\u0259hsil naziri Emin \u018fmrullayev g\u0259ncl\u0259rin xarici \u00f6lk\u0259l\u0259rin n\u00fcfuzlu ali t\u0259hsil m\u00fc\u0259ssis\u0259l\u0259rind\u0259 t\u0259hsil almalar\u0131na dair 2022\u20132026-c\u0131 ill\u0259r \u00fc\u00e7\u00fcn t\u0259sdiql\u0259n\u0259n D\u00f6vl\u0259t Proqram\u0131 il\u0259 ba\u011fl\u0131 ke\u00e7irdiyi m\u0259tbuat konfrans\u0131nda bildirib. Nazir bildirib ki, 2 min n\u0259f\u0259r\u0259d\u0259k \u015f\u0259xs\u00a0qeyd edil\u0259n m\u00fcdd\u0259td\u0259 t\u0259hsilini xaricd\u0259 davam etdir\u0259c\u0259k:&hellip;","_links":{"self":[{"href":"https:\/\/arantv.az\/index.php?rest_route=\/wp\/v2\/posts\/446105"}],"collection":[{"href":"https:\/\/arantv.az\/index.php?rest_route=\/wp\/v2\/posts"}],"about":[{"href":"https:\/\/arantv.az\/index.php?rest_route=\/wp\/v2\/types\/post"}],"author":[{"embeddable":true,"href":"https:\/\/arantv.az\/index.php?rest_route=\/wp\/v2\/users\/2"}],"replies":[{"embeddable":true,"href":"https:\/\/arantv.az\/index.php?rest_route=%2Fwp%2Fv2%2Fcomments&post=446105"}],"version-history":[{"count":0,"href":"https:\/\/arantv.az\/index.php?rest_route=\/wp\/v2\/posts\/446105\/revisions"}],"wp:featuredmedia":[{"embeddable":true,"href":"https:\/\/arantv.az\/index.php?rest_route=\/wp\/v2\/media\/440649"}],"wp:attachment":[{"href":"https:\/\/arantv.az\/index.php?rest_route=%2Fwp%2Fv2%2Fmedia&parent=446105"}],"wp:term":[{"taxonomy":"category","embeddable":true,"href":"https:\/\/arantv.az\/index.php?rest_route=%2Fwp%2Fv2%2Fcategories&post=446105"},{"taxonomy":"post_tag","embeddable":true,"href":"https:\/\/arantv.az\/index.php?rest_route=%2Fwp%2Fv2%2Ftags&post=446105"}],"curies":[{"name":"wp","href":"https:\/\/api.w.org\/{rel}","templated":true}]}}