{"id":446107,"date":"2022-03-01T14:03:58","date_gmt":"2022-03-01T11:03:58","guid":{"rendered":"http:\/\/arantv.az\/?p=446107"},"modified":"2022-03-01T14:03:58","modified_gmt":"2022-03-01T11:03:58","slug":"dovl%c9%99t-proqramina-dus%c9%99n-xarici-universitetl%c9%99rin-siyahisi-martin-sonuna-q%c9%99d%c9%99r-t%c9%99qdim-olunacaq","status":"publish","type":"post","link":"https:\/\/arantv.az\/?p=446107","title":{"rendered":"D\u00f6vl\u0259t proqram\u0131na d\u00fc\u015f\u0259n xarici universitetl\u0259rin siyah\u0131s\u0131 mart\u0131n sonuna q\u0259d\u0259r t\u0259qdim olunacaq"},"content":{"rendered":"<p>D\u00f6vl\u0259t proqram\u0131 yaln\u0131z proqramda g\u00f6st\u0259ril\u0259n sah\u0259l\u0259ri \u0259hat\u0259 ed\u0259c\u0259k.<\/p>\n<p><strong>ARANTV.AZ\u00a0<\/strong> <a href=\"https:\/\/az.trend.az\/\" target=\"_blank\" rel=\"noopener\">Trend<\/a>-\u0259 istinad\u0259n x\u0259b\u0259r verir ki,\u00a0bunu t\u0259hsil naziri Emin \u018fmrullayev ke\u00e7irdiyi brifinq zaman\u0131 deyib.<\/p>\n<p>O qeyd edib ki, bu ilki proqramda universitetl\u0259rin reytinqind\u0259n \u0259lav\u0259, g\u00f6st\u0259ril\u0259n ixtisaslar\u0131n h\u0259min universitetd\u0259ki reytinqi d\u0259 n\u0259z\u0259r\u0259 al\u0131nacaq.<\/p>\n<p>Mart\u0131n sonuna q\u0259d\u0259r nazirlik t\u0259r\u0259find\u0259n ilkin siyah\u0131 ictimaiyy\u0259t\u0259 t\u0259qdim olunacaq.<\/p>\n","protected":false},"excerpt":{"rendered":"<p>D\u00f6vl\u0259t proqram\u0131 yaln\u0131z proqramda g\u00f6st\u0259ril\u0259n sah\u0259l\u0259ri \u0259hat\u0259 ed\u0259c\u0259k. ARANTV.AZ\u00a0 Trend-\u0259 istinad\u0259n x\u0259b\u0259r verir ki,\u00a0bunu t\u0259hsil naziri Emin \u018fmrullayev ke\u00e7irdiyi brifinq zaman\u0131 deyib. O qeyd edib ki, bu ilki proqramda universitetl\u0259rin reytinqind\u0259n \u0259lav\u0259, g\u00f6st\u0259ril\u0259n ixtisaslar\u0131n h\u0259min universitetd\u0259ki reytinqi d\u0259 n\u0259z\u0259r\u0259 al\u0131nacaq. Mart\u0131n sonuna q\u0259d\u0259r nazirlik t\u0259r\u0259find\u0259n ilkin siyah\u0131 ictimaiyy\u0259t\u0259 t\u0259qdim olunacaq.<\/p>\n","protected":false},"author":2,"featured_media":446108,"comment_status":"closed","ping_status":"closed","sticky":false,"template":"","format":"standard","meta":{"om_disable_all_campaigns":false,"_monsterinsights_skip_tracking":false,"_monsterinsights_sitenote_active":false,"_monsterinsights_sitenote_note":"","_monsterinsights_sitenote_category":0},"categories":[23],"tags":[],"aioseo_notices":[],"gutentor_comment":0,"rttpg_featured_image_url":{"full":["https:\/\/arantv.az\/wp-content\/uploads\/2022\/03\/1023453.jpg",800,600,false],"landscape":["https:\/\/arantv.az\/wp-content\/uploads\/2022\/03\/1023453.jpg",800,600,false],"portraits":["https:\/\/arantv.az\/wp-content\/uploads\/2022\/03\/1023453.jpg",800,600,false],"thumbnail":["https:\/\/arantv.az\/wp-content\/uploads\/2022\/03\/1023453-500x280.jpg",500,280,true],"medium":["https:\/\/arantv.az\/wp-content\/uploads\/2022\/03\/1023453-487x365.jpg",487,365,true],"large":["https:\/\/arantv.az\/wp-content\/uploads\/2022\/03\/1023453.jpg",640,480,false],"1536x1536":["https:\/\/arantv.az\/wp-content\/uploads\/2022\/03\/1023453.jpg",800,600,false],"2048x2048":["https:\/\/arantv.az\/wp-content\/uploads\/2022\/03\/1023453.jpg",800,600,false],"post-thumbnail":["https:\/\/arantv.az\/wp-content\/uploads\/2022\/03\/1023453-240x172.jpg",240,172,true],"advps-thumb-one":["https:\/\/arantv.az\/wp-content\/uploads\/2022\/03\/1023453.jpg",800,600,false]},"rttpg_author":{"display_name":"V\u00fcsal Rafiqo\u011flu","author_link":"https:\/\/arantv.az\/?author=2"},"rttpg_comment":0,"rttpg_category":"<a href=\"https:\/\/arantv.az\/?cat=23\" rel=\"category\">T\u0259hsil<\/a>","rttpg_excerpt":"D\u00f6vl\u0259t proqram\u0131 yaln\u0131z proqramda g\u00f6st\u0259ril\u0259n sah\u0259l\u0259ri \u0259hat\u0259 ed\u0259c\u0259k. ARANTV.AZ\u00a0 Trend-\u0259 istinad\u0259n x\u0259b\u0259r verir ki,\u00a0bunu t\u0259hsil naziri Emin \u018fmrullayev ke\u00e7irdiyi brifinq zaman\u0131 deyib. O qeyd edib ki, bu ilki proqramda universitetl\u0259rin reytinqind\u0259n \u0259lav\u0259, g\u00f6st\u0259ril\u0259n ixtisaslar\u0131n h\u0259min universitetd\u0259ki reytinqi d\u0259 n\u0259z\u0259r\u0259 al\u0131nacaq. Mart\u0131n sonuna q\u0259d\u0259r nazirlik t\u0259r\u0259find\u0259n ilkin siyah\u0131 ictimaiyy\u0259t\u0259 t\u0259qdim olunacaq.","_links":{"self":[{"href":"https:\/\/arantv.az\/index.php?rest_route=\/wp\/v2\/posts\/446107"}],"collection":[{"href":"https:\/\/arantv.az\/index.php?rest_route=\/wp\/v2\/posts"}],"about":[{"href":"https:\/\/arantv.az\/index.php?rest_route=\/wp\/v2\/types\/post"}],"author":[{"embeddable":true,"href":"https:\/\/arantv.az\/index.php?rest_route=\/wp\/v2\/users\/2"}],"replies":[{"embeddable":true,"href":"https:\/\/arantv.az\/index.php?rest_route=%2Fwp%2Fv2%2Fcomments&post=446107"}],"version-history":[{"count":0,"href":"https:\/\/arantv.az\/index.php?rest_route=\/wp\/v2\/posts\/446107\/revisions"}],"wp:featuredmedia":[{"embeddable":true,"href":"https:\/\/arantv.az\/index.php?rest_route=\/wp\/v2\/media\/446108"}],"wp:attachment":[{"href":"https:\/\/arantv.az\/index.php?rest_route=%2Fwp%2Fv2%2Fmedia&parent=446107"}],"wp:term":[{"taxonomy":"category","embeddable":true,"href":"https:\/\/arantv.az\/index.php?rest_route=%2Fwp%2Fv2%2Fcategories&post=446107"},{"taxonomy":"post_tag","embeddable":true,"href":"https:\/\/arantv.az\/index.php?rest_route=%2Fwp%2Fv2%2Ftags&post=446107"}],"curies":[{"name":"wp","href":"https:\/\/api.w.org\/{rel}","templated":true}]}}