{"id":446116,"date":"2022-03-01T14:18:30","date_gmt":"2022-03-01T11:18:30","guid":{"rendered":"http:\/\/arantv.az\/?p=446116"},"modified":"2022-03-01T14:18:30","modified_gmt":"2022-03-01T11:18:30","slug":"ilham-%c9%99liyev-turkiy%c9%99-il%c9%99-iki-sazisi-t%c9%99sdiql%c9%99di","status":"publish","type":"post","link":"https:\/\/arantv.az\/?p=446116","title":{"rendered":"\u0130lham \u018fliyev T\u00fcrkiy\u0259 il\u0259 iki sazi\u015fi T\u018fSD\u0130QL\u018fD\u0130"},"content":{"rendered":"<p>Az\u0259rbaycanla T\u00fcrkiy\u0259 aras\u0131nda imzalanm\u0131\u015f iki sazi\u015f t\u0259sdiql\u0259nib.<\/p>\n<div class=\"AdviadNativeVideo\"><\/div>\n<p>Prezident.az x\u0259b\u0259r verir ki, bununla ba\u011fl\u0131 Prezident \u0130lham \u018fliyev f\u0259rmanlar imzalay\u0131b.<\/p>\n<p>Birinci\u00a0<a href=\"https:\/\/president.az\/az\/articles\/view\/55547\" target=\"_blank\" rel=\"noopener\">f\u0259rmanla<\/a>\u00a0\u201cAz\u0259rbaycan Respublikas\u0131 H\u00f6kum\u0259ti il\u0259 T\u00fcrkiy\u0259 Respublikas\u0131 H\u00f6kum\u0259ti aras\u0131nda bal\u0131q\u00e7\u0131l\u0131q sah\u0259sind\u0259 \u0259m\u0259kda\u015fl\u0131\u011fa dair Sazi\u015f\u201d t\u0259sdiql\u0259nib. Bu s\u0259n\u0259d 2021-ci il noyabr\u0131n 11-d\u0259 Ankara \u015f\u0259h\u0259rind\u0259 imzalan\u0131b.<\/p>\n<p>\u0130kinci\u00a0<a href=\"https:\/\/president.az\/az\/articles\/view\/55546\" target=\"_blank\" rel=\"noopener\">f\u0259rmanla<\/a>\u00a0\u201cAz\u0259rbaycan Respublikas\u0131 H\u00f6kum\u0259ti il\u0259 T\u00fcrkiy\u0259 Respublikas\u0131 H\u00f6kum\u0259ti aras\u0131nda m\u0259d\u0259n\u00e7ilik sah\u0259sind\u0259 \u0259m\u0259kda\u015fl\u0131q haqq\u0131nda Sazi\u015f\u201d t\u0259sdiq olunub. Bu s\u0259n\u0259d 2021-ci il dekabr\u0131n 22-d\u0259 Bak\u0131 \u015f\u0259h\u0259rind\u0259 imzalan\u0131b.<\/p>\n","protected":false},"excerpt":{"rendered":"<p>Az\u0259rbaycanla T\u00fcrkiy\u0259 aras\u0131nda imzalanm\u0131\u015f iki sazi\u015f t\u0259sdiql\u0259nib. Prezident.az x\u0259b\u0259r verir ki, bununla ba\u011fl\u0131 Prezident \u0130lham \u018fliyev f\u0259rmanlar imzalay\u0131b. Birinci\u00a0f\u0259rmanla\u00a0\u201cAz\u0259rbaycan Respublikas\u0131 H\u00f6kum\u0259ti il\u0259 T\u00fcrkiy\u0259 Respublikas\u0131 H\u00f6kum\u0259ti aras\u0131nda bal\u0131q\u00e7\u0131l\u0131q sah\u0259sind\u0259 \u0259m\u0259kda\u015fl\u0131\u011fa dair Sazi\u015f\u201d t\u0259sdiql\u0259nib. Bu s\u0259n\u0259d 2021-ci il noyabr\u0131n 11-d\u0259 Ankara \u015f\u0259h\u0259rind\u0259 imzalan\u0131b. \u0130kinci\u00a0f\u0259rmanla\u00a0\u201cAz\u0259rbaycan Respublikas\u0131 H\u00f6kum\u0259ti il\u0259 T\u00fcrkiy\u0259 Respublikas\u0131 H\u00f6kum\u0259ti aras\u0131nda m\u0259d\u0259n\u00e7ilik sah\u0259sind\u0259 \u0259m\u0259kda\u015fl\u0131q haqq\u0131nda Sazi\u015f\u201d t\u0259sdiq olunub. Bu s\u0259n\u0259d 2021-ci il dekabr\u0131n 22-d\u0259 Bak\u0131 \u015f\u0259h\u0259rind\u0259 imzalan\u0131b.<\/p>\n","protected":false},"author":2,"featured_media":446117,"comment_status":"closed","ping_status":"closed","sticky":false,"template":"","format":"standard","meta":{"om_disable_all_campaigns":false,"_monsterinsights_skip_tracking":false,"_monsterinsights_sitenote_active":false,"_monsterinsights_sitenote_note":"","_monsterinsights_sitenote_category":0},"categories":[4],"tags":[],"aioseo_notices":[],"gutentor_comment":0,"rttpg_featured_image_url":{"full":["https:\/\/arantv.az\/wp-content\/uploads\/2022\/03\/1594814467.jpg",620,413,false],"landscape":["https:\/\/arantv.az\/wp-content\/uploads\/2022\/03\/1594814467.jpg",620,413,false],"portraits":["https:\/\/arantv.az\/wp-content\/uploads\/2022\/03\/1594814467.jpg",620,413,false],"thumbnail":["https:\/\/arantv.az\/wp-content\/uploads\/2022\/03\/1594814467-500x280.jpg",500,280,true],"medium":["https:\/\/arantv.az\/wp-content\/uploads\/2022\/03\/1594814467-548x365.jpg",548,365,true],"large":["https:\/\/arantv.az\/wp-content\/uploads\/2022\/03\/1594814467.jpg",620,413,false],"1536x1536":["https:\/\/arantv.az\/wp-content\/uploads\/2022\/03\/1594814467.jpg",620,413,false],"2048x2048":["https:\/\/arantv.az\/wp-content\/uploads\/2022\/03\/1594814467.jpg",620,413,false],"post-thumbnail":["https:\/\/arantv.az\/wp-content\/uploads\/2022\/03\/1594814467-240x172.jpg",240,172,true],"advps-thumb-one":["https:\/\/arantv.az\/wp-content\/uploads\/2022\/03\/1594814467.jpg",620,413,false]},"rttpg_author":{"display_name":"V\u00fcsal Rafiqo\u011flu","author_link":"https:\/\/arantv.az\/?author=2"},"rttpg_comment":0,"rttpg_category":"<a href=\"https:\/\/arantv.az\/?cat=4\" rel=\"category\">Siyas\u0259t<\/a>","rttpg_excerpt":"Az\u0259rbaycanla T\u00fcrkiy\u0259 aras\u0131nda imzalanm\u0131\u015f iki sazi\u015f t\u0259sdiql\u0259nib. Prezident.az x\u0259b\u0259r verir ki, bununla ba\u011fl\u0131 Prezident \u0130lham \u018fliyev f\u0259rmanlar imzalay\u0131b. Birinci\u00a0f\u0259rmanla\u00a0\u201cAz\u0259rbaycan Respublikas\u0131 H\u00f6kum\u0259ti il\u0259 T\u00fcrkiy\u0259 Respublikas\u0131 H\u00f6kum\u0259ti aras\u0131nda bal\u0131q\u00e7\u0131l\u0131q sah\u0259sind\u0259 \u0259m\u0259kda\u015fl\u0131\u011fa dair Sazi\u015f\u201d t\u0259sdiql\u0259nib. Bu s\u0259n\u0259d 2021-ci il noyabr\u0131n 11-d\u0259 Ankara \u015f\u0259h\u0259rind\u0259 imzalan\u0131b. \u0130kinci\u00a0f\u0259rmanla\u00a0\u201cAz\u0259rbaycan Respublikas\u0131 H\u00f6kum\u0259ti il\u0259 T\u00fcrkiy\u0259 Respublikas\u0131 H\u00f6kum\u0259ti aras\u0131nda m\u0259d\u0259n\u00e7ilik sah\u0259sind\u0259 \u0259m\u0259kda\u015fl\u0131q haqq\u0131nda Sazi\u015f\u201d t\u0259sdiq&hellip;","_links":{"self":[{"href":"https:\/\/arantv.az\/index.php?rest_route=\/wp\/v2\/posts\/446116"}],"collection":[{"href":"https:\/\/arantv.az\/index.php?rest_route=\/wp\/v2\/posts"}],"about":[{"href":"https:\/\/arantv.az\/index.php?rest_route=\/wp\/v2\/types\/post"}],"author":[{"embeddable":true,"href":"https:\/\/arantv.az\/index.php?rest_route=\/wp\/v2\/users\/2"}],"replies":[{"embeddable":true,"href":"https:\/\/arantv.az\/index.php?rest_route=%2Fwp%2Fv2%2Fcomments&post=446116"}],"version-history":[{"count":0,"href":"https:\/\/arantv.az\/index.php?rest_route=\/wp\/v2\/posts\/446116\/revisions"}],"wp:featuredmedia":[{"embeddable":true,"href":"https:\/\/arantv.az\/index.php?rest_route=\/wp\/v2\/media\/446117"}],"wp:attachment":[{"href":"https:\/\/arantv.az\/index.php?rest_route=%2Fwp%2Fv2%2Fmedia&parent=446116"}],"wp:term":[{"taxonomy":"category","embeddable":true,"href":"https:\/\/arantv.az\/index.php?rest_route=%2Fwp%2Fv2%2Fcategories&post=446116"},{"taxonomy":"post_tag","embeddable":true,"href":"https:\/\/arantv.az\/index.php?rest_route=%2Fwp%2Fv2%2Ftags&post=446116"}],"curies":[{"name":"wp","href":"https:\/\/api.w.org\/{rel}","templated":true}]}}