{"id":446125,"date":"2022-03-01T14:31:46","date_gmt":"2022-03-01T11:31:46","guid":{"rendered":"http:\/\/arantv.az\/?p=446125"},"modified":"2022-03-01T14:31:46","modified_gmt":"2022-03-01T11:31:46","slug":"s%c9%99firlik-ukraynadan-misir-kurortlarina-getmis-az%c9%99rbaycanlilara-muraci%c9%99t-edib","status":"publish","type":"post","link":"https:\/\/arantv.az\/?p=446125","title":{"rendered":"S\u0259firlik Ukraynadan Misir kurortlar\u0131na getmi\u015f az\u0259rbaycanl\u0131lara m\u00fcraci\u0259t edib"},"content":{"rendered":"<p>Az\u0259rbaycan\u0131n Misird\u0259ki s\u0259firliyi Ukrayna \u0259razisind\u0259n \u015earm \u0259l-\u015eeyx v\u0259 Hurqada kurort m\u0259rk\u0259zl\u0259rin\u0259 istirah\u0259t\u0259 getmi\u015f Az\u0259rbaycan v\u0259t\u0259nda\u015flar\u0131na m\u00fcraci\u0259t edib.<\/p>\n<div class=\"AdviadNativeVideo\"><\/div>\n<p>Bu bar\u0259d\u0259 \u201cReport\u201da s\u0259firliyin konsulluq \u015f\u00f6b\u0259sind\u0259n m\u0259lumat verilib.<\/p>\n<p>Bildirilib ki, Ukraynadan getmi\u015f v\u0259 h\u0259min \u00f6lk\u0259y\u0259 qay\u0131tmaq imkan\u0131 olmayan Az\u0259rbaycan v\u0259t\u0259nda\u015flar\u0131n\u0131n V\u0259t\u0259n\u0259 qay\u0131tmas\u0131 \u00fc\u00e7\u00fcn b\u00fct\u00fcn t\u0259dbirl\u0259r g\u00f6r\u00fcl\u0259c\u0259k.<\/p>\n<p>Diplomatik n\u00fcmay\u0259nd\u0259lik onlardan konsulluq \u015f\u00f6b\u0259sind\u0259 f\u0259aliyy\u0259t g\u00f6st\u0259r\u0259n \u201cqaynar x\u0259tt\u201d\u0259 m\u00fcraci\u0259t etm\u0259yi xahi\u015f edib.<\/p>\n","protected":false},"excerpt":{"rendered":"<p>Az\u0259rbaycan\u0131n Misird\u0259ki s\u0259firliyi Ukrayna \u0259razisind\u0259n \u015earm \u0259l-\u015eeyx v\u0259 Hurqada kurort m\u0259rk\u0259zl\u0259rin\u0259 istirah\u0259t\u0259 getmi\u015f Az\u0259rbaycan v\u0259t\u0259nda\u015flar\u0131na m\u00fcraci\u0259t edib. Bu bar\u0259d\u0259 \u201cReport\u201da s\u0259firliyin konsulluq \u015f\u00f6b\u0259sind\u0259n m\u0259lumat verilib. Bildirilib ki, Ukraynadan getmi\u015f v\u0259 h\u0259min \u00f6lk\u0259y\u0259 qay\u0131tmaq imkan\u0131 olmayan Az\u0259rbaycan v\u0259t\u0259nda\u015flar\u0131n\u0131n V\u0259t\u0259n\u0259 qay\u0131tmas\u0131 \u00fc\u00e7\u00fcn b\u00fct\u00fcn t\u0259dbirl\u0259r g\u00f6r\u00fcl\u0259c\u0259k. Diplomatik n\u00fcmay\u0259nd\u0259lik onlardan konsulluq \u015f\u00f6b\u0259sind\u0259 f\u0259aliyy\u0259t g\u00f6st\u0259r\u0259n \u201cqaynar x\u0259tt\u201d\u0259 m\u00fcraci\u0259t etm\u0259yi xahi\u015f edib.<\/p>\n","protected":false},"author":2,"featured_media":446126,"comment_status":"closed","ping_status":"closed","sticky":false,"template":"","format":"standard","meta":{"om_disable_all_campaigns":false,"_monsterinsights_skip_tracking":false,"_monsterinsights_sitenote_active":false,"_monsterinsights_sitenote_note":"","_monsterinsights_sitenote_category":0},"categories":[7],"tags":[],"aioseo_notices":[],"gutentor_comment":0,"rttpg_featured_image_url":{"full":["https:\/\/arantv.az\/wp-content\/uploads\/2022\/03\/FotoJet-18.jpg",620,431,false],"landscape":["https:\/\/arantv.az\/wp-content\/uploads\/2022\/03\/FotoJet-18.jpg",620,431,false],"portraits":["https:\/\/arantv.az\/wp-content\/uploads\/2022\/03\/FotoJet-18.jpg",620,431,false],"thumbnail":["https:\/\/arantv.az\/wp-content\/uploads\/2022\/03\/FotoJet-18-500x280.jpg",500,280,true],"medium":["https:\/\/arantv.az\/wp-content\/uploads\/2022\/03\/FotoJet-18-525x365.jpg",525,365,true],"large":["https:\/\/arantv.az\/wp-content\/uploads\/2022\/03\/FotoJet-18.jpg",620,431,false],"1536x1536":["https:\/\/arantv.az\/wp-content\/uploads\/2022\/03\/FotoJet-18.jpg",620,431,false],"2048x2048":["https:\/\/arantv.az\/wp-content\/uploads\/2022\/03\/FotoJet-18.jpg",620,431,false],"post-thumbnail":["https:\/\/arantv.az\/wp-content\/uploads\/2022\/03\/FotoJet-18-240x172.jpg",240,172,true],"advps-thumb-one":["https:\/\/arantv.az\/wp-content\/uploads\/2022\/03\/FotoJet-18.jpg",620,431,false]},"rttpg_author":{"display_name":"V\u00fcsal Rafiqo\u011flu","author_link":"https:\/\/arantv.az\/?author=2"},"rttpg_comment":0,"rttpg_category":"<a href=\"https:\/\/arantv.az\/?cat=7\" rel=\"category\">D\u00fcnya<\/a>","rttpg_excerpt":"Az\u0259rbaycan\u0131n Misird\u0259ki s\u0259firliyi Ukrayna \u0259razisind\u0259n \u015earm \u0259l-\u015eeyx v\u0259 Hurqada kurort m\u0259rk\u0259zl\u0259rin\u0259 istirah\u0259t\u0259 getmi\u015f Az\u0259rbaycan v\u0259t\u0259nda\u015flar\u0131na m\u00fcraci\u0259t edib. Bu bar\u0259d\u0259 \u201cReport\u201da s\u0259firliyin konsulluq \u015f\u00f6b\u0259sind\u0259n m\u0259lumat verilib. Bildirilib ki, Ukraynadan getmi\u015f v\u0259 h\u0259min \u00f6lk\u0259y\u0259 qay\u0131tmaq imkan\u0131 olmayan Az\u0259rbaycan v\u0259t\u0259nda\u015flar\u0131n\u0131n V\u0259t\u0259n\u0259 qay\u0131tmas\u0131 \u00fc\u00e7\u00fcn b\u00fct\u00fcn t\u0259dbirl\u0259r g\u00f6r\u00fcl\u0259c\u0259k. Diplomatik n\u00fcmay\u0259nd\u0259lik onlardan konsulluq \u015f\u00f6b\u0259sind\u0259 f\u0259aliyy\u0259t g\u00f6st\u0259r\u0259n \u201cqaynar x\u0259tt\u201d\u0259 m\u00fcraci\u0259t etm\u0259yi xahi\u015f&hellip;","_links":{"self":[{"href":"https:\/\/arantv.az\/index.php?rest_route=\/wp\/v2\/posts\/446125"}],"collection":[{"href":"https:\/\/arantv.az\/index.php?rest_route=\/wp\/v2\/posts"}],"about":[{"href":"https:\/\/arantv.az\/index.php?rest_route=\/wp\/v2\/types\/post"}],"author":[{"embeddable":true,"href":"https:\/\/arantv.az\/index.php?rest_route=\/wp\/v2\/users\/2"}],"replies":[{"embeddable":true,"href":"https:\/\/arantv.az\/index.php?rest_route=%2Fwp%2Fv2%2Fcomments&post=446125"}],"version-history":[{"count":0,"href":"https:\/\/arantv.az\/index.php?rest_route=\/wp\/v2\/posts\/446125\/revisions"}],"wp:featuredmedia":[{"embeddable":true,"href":"https:\/\/arantv.az\/index.php?rest_route=\/wp\/v2\/media\/446126"}],"wp:attachment":[{"href":"https:\/\/arantv.az\/index.php?rest_route=%2Fwp%2Fv2%2Fmedia&parent=446125"}],"wp:term":[{"taxonomy":"category","embeddable":true,"href":"https:\/\/arantv.az\/index.php?rest_route=%2Fwp%2Fv2%2Fcategories&post=446125"},{"taxonomy":"post_tag","embeddable":true,"href":"https:\/\/arantv.az\/index.php?rest_route=%2Fwp%2Fv2%2Ftags&post=446125"}],"curies":[{"name":"wp","href":"https:\/\/api.w.org\/{rel}","templated":true}]}}