{"id":446131,"date":"2022-03-01T14:35:48","date_gmt":"2022-03-01T11:35:48","guid":{"rendered":"http:\/\/arantv.az\/?p=446131"},"modified":"2022-03-01T14:35:48","modified_gmt":"2022-03-01T11:35:48","slug":"ukrayna-prezidenti-qirgizistan-v%c9%99-gurcustan-s%c9%99firl%c9%99rini-geri-cagirdi","status":"publish","type":"post","link":"https:\/\/arantv.az\/?p=446131","title":{"rendered":"Ukrayna prezidenti Q\u0131r\u011f\u0131z\u0131stan v\u0259 G\u00fcrc\u00fcstan s\u0259firl\u0259rini geri \u00e7a\u011f\u0131rd\u0131"},"content":{"rendered":"<p>Ukraynan\u0131n G\u00fcrc\u00fcstan v\u0259 Q\u0131r\u011f\u0131z\u0131stan s\u0259firl\u0259ri geri \u00e7a\u011f\u0131r\u0131l\u0131b.<\/p>\n<p>Bu bar\u0259d\u0259 \u00f6lk\u0259 prezidenti Volodimir Zelenski xalqa son m\u00fcraci\u0259tind\u0259 bildirib.<\/p>\n<div class=\"AdviadNativeVideo\"><\/div>\n<p>O, buna s\u0259b\u0259b kimi ad\u0131 \u00e7\u0259kil\u0259n \u00f6lk\u0259l\u0259rin Ukrayna b\u00f6hran\u0131 il\u0259 ba\u011fl\u0131 m\u00f6vqeyini g\u00f6st\u0259rib. D\u00f6vl\u0259t ba\u015f\u00e7\u0131s\u0131n\u0131n s\u00f6zl\u0259rin\u0259 g\u00f6r\u0259, diplomatlar\u0131n f\u0259aliyy\u0259t g\u00f6st\u0259rdiyi \u00f6lk\u0259l\u0259r susma\u011fa v\u0259 ya Rusiya Federasiyas\u0131n\u0131n Ukraynadak\u0131 i\u015f\u011fal\u00e7\u0131 h\u0259r\u0259k\u0259tl\u0259rini d\u0259st\u0259kl\u0259m\u0259y\u0259 q\u0259rar verdiyi \u00fc\u00e7\u00fcn onlar\u0131 v\u0259t\u0259nl\u0259rin\u0259 geri \u00e7a\u011f\u0131rmaq q\u0259rar\u0131na g\u0259lib.<\/p>\n<p>Ukraynan\u0131n G\u00fcrc\u00fcstandak\u0131 s\u0259firi \u0130van Dolqovdur (2017-ci ild\u0259n). Prezidentin s\u00f6zl\u0259rin\u0259 g\u00f6r\u0259, G\u00fcrc\u00fcstan haz\u0131rda Ukrayna ordusuna d\u0259st\u0259k verm\u0259y\u0259 haz\u0131r olan k\u00f6n\u00fcll\u00fcl\u0259rin\u0259 \u0259ng\u0259ll\u0259r yarad\u0131r, h\u0259m\u00e7inin Rusiya Federasiyas\u0131na qar\u015f\u0131\u00a0<strong><a href=\"https:\/\/oxu.az\/world\/577939\" target=\"_blank\" rel=\"noopener\">sanksiyalarla ba\u011fl\u0131<\/a><\/strong>\u00a0\u201cqeyri-\u0259xlaqi\u00a0m\u00f6vqe\u201d ortaya qoyur.<\/p>\n<p>Q\u0131r\u011f\u0131z\u0131standa Ukraynan\u0131n m\u00f6vqeyini Valeriy Jovtenko t\u0259msil edir. O, bu v\u0259zif\u0259y\u0259 2018-ci ild\u0259 t\u0259yin edilib. Rusiyan\u0131n m\u00fcdaxil\u0259si ba\u015flayandan sonra Q\u0131r\u011f\u0131z\u0131stan Kremlin h\u0259r\u0259k\u0259tl\u0259ri il\u0259 raz\u0131la\u015fd\u0131\u011f\u0131n\u0131 bildirib. Ukrayna h\u00fccuma haqq qazand\u0131rd\u0131\u011f\u0131 \u00fc\u00e7\u00fcn diplomat\u0131n\u0131 geri \u00e7a\u011f\u0131r\u0131r.<\/p>\n<p>M\u0259nb\u0259: teleqraf.com.ua<\/p>\n","protected":false},"excerpt":{"rendered":"<p>Ukraynan\u0131n G\u00fcrc\u00fcstan v\u0259 Q\u0131r\u011f\u0131z\u0131stan s\u0259firl\u0259ri geri \u00e7a\u011f\u0131r\u0131l\u0131b. Bu bar\u0259d\u0259 \u00f6lk\u0259 prezidenti Volodimir Zelenski xalqa son m\u00fcraci\u0259tind\u0259 bildirib. O, buna s\u0259b\u0259b kimi ad\u0131 \u00e7\u0259kil\u0259n \u00f6lk\u0259l\u0259rin Ukrayna b\u00f6hran\u0131 il\u0259 ba\u011fl\u0131 m\u00f6vqeyini g\u00f6st\u0259rib. D\u00f6vl\u0259t ba\u015f\u00e7\u0131s\u0131n\u0131n s\u00f6zl\u0259rin\u0259 g\u00f6r\u0259, diplomatlar\u0131n f\u0259aliyy\u0259t g\u00f6st\u0259rdiyi \u00f6lk\u0259l\u0259r susma\u011fa v\u0259 ya Rusiya Federasiyas\u0131n\u0131n Ukraynadak\u0131 i\u015f\u011fal\u00e7\u0131 h\u0259r\u0259k\u0259tl\u0259rini d\u0259st\u0259kl\u0259m\u0259y\u0259 q\u0259rar verdiyi \u00fc\u00e7\u00fcn onlar\u0131 v\u0259t\u0259nl\u0259rin\u0259 geri \u00e7a\u011f\u0131rmaq q\u0259rar\u0131na g\u0259lib. Ukraynan\u0131n G\u00fcrc\u00fcstandak\u0131 s\u0259firi \u0130van Dolqovdur (2017-ci ild\u0259n). Prezidentin s\u00f6zl\u0259rin\u0259 g\u00f6r\u0259, G\u00fcrc\u00fcstan haz\u0131rda Ukrayna ordusuna d\u0259st\u0259k verm\u0259y\u0259 haz\u0131r olan k\u00f6n\u00fcll\u00fcl\u0259rin\u0259 \u0259ng\u0259ll\u0259r yarad\u0131r, h\u0259m\u00e7inin Rusiya Federasiyas\u0131na qar\u015f\u0131\u00a0sanksiyalarla ba\u011fl\u0131\u00a0\u201cqeyri-\u0259xlaqi\u00a0m\u00f6vqe\u201d ortaya qoyur. Q\u0131r\u011f\u0131z\u0131standa Ukraynan\u0131n m\u00f6vqeyini Valeriy Jovtenko t\u0259msil&hellip;<\/p>\n","protected":false},"author":2,"featured_media":446132,"comment_status":"closed","ping_status":"closed","sticky":false,"template":"","format":"standard","meta":{"om_disable_all_campaigns":false,"_monsterinsights_skip_tracking":false,"_monsterinsights_sitenote_active":false,"_monsterinsights_sitenote_note":"","_monsterinsights_sitenote_category":0},"categories":[7],"tags":[],"aioseo_notices":[],"gutentor_comment":0,"rttpg_featured_image_url":{"full":["https:\/\/arantv.az\/wp-content\/uploads\/2022\/03\/1200x-1.jpg",620,416,false],"landscape":["https:\/\/arantv.az\/wp-content\/uploads\/2022\/03\/1200x-1.jpg",620,416,false],"portraits":["https:\/\/arantv.az\/wp-content\/uploads\/2022\/03\/1200x-1.jpg",620,416,false],"thumbnail":["https:\/\/arantv.az\/wp-content\/uploads\/2022\/03\/1200x-1-500x280.jpg",500,280,true],"medium":["https:\/\/arantv.az\/wp-content\/uploads\/2022\/03\/1200x-1-544x365.jpg",544,365,true],"large":["https:\/\/arantv.az\/wp-content\/uploads\/2022\/03\/1200x-1.jpg",620,416,false],"1536x1536":["https:\/\/arantv.az\/wp-content\/uploads\/2022\/03\/1200x-1.jpg",620,416,false],"2048x2048":["https:\/\/arantv.az\/wp-content\/uploads\/2022\/03\/1200x-1.jpg",620,416,false],"post-thumbnail":["https:\/\/arantv.az\/wp-content\/uploads\/2022\/03\/1200x-1-240x172.jpg",240,172,true],"advps-thumb-one":["https:\/\/arantv.az\/wp-content\/uploads\/2022\/03\/1200x-1.jpg",620,416,false]},"rttpg_author":{"display_name":"V\u00fcsal Rafiqo\u011flu","author_link":"https:\/\/arantv.az\/?author=2"},"rttpg_comment":0,"rttpg_category":"<a href=\"https:\/\/arantv.az\/?cat=7\" rel=\"category\">D\u00fcnya<\/a>","rttpg_excerpt":"Ukraynan\u0131n G\u00fcrc\u00fcstan v\u0259 Q\u0131r\u011f\u0131z\u0131stan s\u0259firl\u0259ri geri \u00e7a\u011f\u0131r\u0131l\u0131b. Bu bar\u0259d\u0259 \u00f6lk\u0259 prezidenti Volodimir Zelenski xalqa son m\u00fcraci\u0259tind\u0259 bildirib. O, buna s\u0259b\u0259b kimi ad\u0131 \u00e7\u0259kil\u0259n \u00f6lk\u0259l\u0259rin Ukrayna b\u00f6hran\u0131 il\u0259 ba\u011fl\u0131 m\u00f6vqeyini g\u00f6st\u0259rib. D\u00f6vl\u0259t ba\u015f\u00e7\u0131s\u0131n\u0131n s\u00f6zl\u0259rin\u0259 g\u00f6r\u0259, diplomatlar\u0131n f\u0259aliyy\u0259t g\u00f6st\u0259rdiyi \u00f6lk\u0259l\u0259r susma\u011fa v\u0259 ya Rusiya Federasiyas\u0131n\u0131n Ukraynadak\u0131 i\u015f\u011fal\u00e7\u0131 h\u0259r\u0259k\u0259tl\u0259rini d\u0259st\u0259kl\u0259m\u0259y\u0259 q\u0259rar verdiyi \u00fc\u00e7\u00fcn onlar\u0131 v\u0259t\u0259nl\u0259rin\u0259 geri \u00e7a\u011f\u0131rmaq q\u0259rar\u0131na&hellip;","_links":{"self":[{"href":"https:\/\/arantv.az\/index.php?rest_route=\/wp\/v2\/posts\/446131"}],"collection":[{"href":"https:\/\/arantv.az\/index.php?rest_route=\/wp\/v2\/posts"}],"about":[{"href":"https:\/\/arantv.az\/index.php?rest_route=\/wp\/v2\/types\/post"}],"author":[{"embeddable":true,"href":"https:\/\/arantv.az\/index.php?rest_route=\/wp\/v2\/users\/2"}],"replies":[{"embeddable":true,"href":"https:\/\/arantv.az\/index.php?rest_route=%2Fwp%2Fv2%2Fcomments&post=446131"}],"version-history":[{"count":0,"href":"https:\/\/arantv.az\/index.php?rest_route=\/wp\/v2\/posts\/446131\/revisions"}],"wp:featuredmedia":[{"embeddable":true,"href":"https:\/\/arantv.az\/index.php?rest_route=\/wp\/v2\/media\/446132"}],"wp:attachment":[{"href":"https:\/\/arantv.az\/index.php?rest_route=%2Fwp%2Fv2%2Fmedia&parent=446131"}],"wp:term":[{"taxonomy":"category","embeddable":true,"href":"https:\/\/arantv.az\/index.php?rest_route=%2Fwp%2Fv2%2Fcategories&post=446131"},{"taxonomy":"post_tag","embeddable":true,"href":"https:\/\/arantv.az\/index.php?rest_route=%2Fwp%2Fv2%2Ftags&post=446131"}],"curies":[{"name":"wp","href":"https:\/\/api.w.org\/{rel}","templated":true}]}}