{"id":446137,"date":"2022-03-01T14:39:07","date_gmt":"2022-03-01T11:39:07","guid":{"rendered":"http:\/\/arantv.az\/?p=446137"},"modified":"2022-03-01T14:39:07","modified_gmt":"2022-03-01T11:39:07","slug":"zelenski-kiyevi-mudafi%c9%99-etm%c9%99liyik-ki-dovl%c9%99timizi-qoruyaq","status":"publish","type":"post","link":"https:\/\/arantv.az\/?p=446137","title":{"rendered":"Zelenski: \u201cKiyevi m\u00fcdafi\u0259 etm\u0259liyik ki, d\u00f6vl\u0259timizi qoruyaq\u201d"},"content":{"rendered":"<p>Ukrayna Prezidenti Volodimir Zelenski general Nikolay Jernovu m\u00fcharib\u0259 m\u00fcdd\u0259tind\u0259 Kiyev \u015f\u0259h\u0259r h\u0259rbi administrasiyas\u0131n\u0131n r\u0259hb\u0259ri t\u0259yin edib.<\/p>\n<p>Ukrayna Prezidenti Volodimir Zelenski bu bar\u0259d\u0259 xalqa m\u00fcraci\u0259ti zaman\u0131 m\u0259lumat verib.<\/p>\n<div class=\"AdviadNativeVideo\"><\/div>\n<p>\u201cKiyev \u00f6lk\u0259mizin \u00fcr\u0259yidir v\u0259 o, d\u00f6y\u00fcnm\u0259lidir. V\u0259 h\u0259yat\u0131n z\u0259f\u0259r \u00e7almas\u0131 \u00fc\u00e7\u00fcn o d\u00f6y\u00fcnm\u0259kd\u0259 davam ed\u0259c\u0259k\u201d, &#8211; dey\u0259 Prezident vur\u011fulay\u0131b.<\/p>\n<p>V. Zelenski bildirib ki, o, \u015f\u0259h\u0259rin m\u00fcdafi\u0259sini z\u0259man\u0259t alt\u0131na almaq, d\u00fc\u015fm\u0259nin paytaxta yax\u0131nla\u015fmas\u0131n\u0131 \u0259ng\u0259ll\u0259m\u0259k \u00fc\u00e7\u00fcn bu postda pe\u015f\u0259kar h\u0259rb\u00e7ini t\u0259yin edib.<\/p>\n<p>V.Zelenski eyni zamanda vur\u011fulay\u0131b ki, Vitali Kli\u00e7ko Kiyevin meri olaraq qal\u0131r:<\/p>\n<p>\u201cKiyevi qorumal\u0131y\u0131q ki, d\u00f6vl\u0259timizi qoruyaq. M\u00fcharib\u0259d\u0259n sonra biz ham\u0131m\u0131z paytaxtdak\u0131 yerl\u0259rimiz\u0259 qay\u0131daca\u011f\u0131q\u201d.<\/p>\n<p>M\u0259nb\u0259: Segodnya.ua<\/p>\n","protected":false},"excerpt":{"rendered":"<p>Ukrayna Prezidenti Volodimir Zelenski general Nikolay Jernovu m\u00fcharib\u0259 m\u00fcdd\u0259tind\u0259 Kiyev \u015f\u0259h\u0259r h\u0259rbi administrasiyas\u0131n\u0131n r\u0259hb\u0259ri t\u0259yin edib. Ukrayna Prezidenti Volodimir Zelenski bu bar\u0259d\u0259 xalqa m\u00fcraci\u0259ti zaman\u0131 m\u0259lumat verib. \u201cKiyev \u00f6lk\u0259mizin \u00fcr\u0259yidir v\u0259 o, d\u00f6y\u00fcnm\u0259lidir. V\u0259 h\u0259yat\u0131n z\u0259f\u0259r \u00e7almas\u0131 \u00fc\u00e7\u00fcn o d\u00f6y\u00fcnm\u0259kd\u0259 davam ed\u0259c\u0259k\u201d, &#8211; dey\u0259 Prezident vur\u011fulay\u0131b. V. Zelenski bildirib ki, o, \u015f\u0259h\u0259rin m\u00fcdafi\u0259sini z\u0259man\u0259t alt\u0131na almaq, d\u00fc\u015fm\u0259nin paytaxta yax\u0131nla\u015fmas\u0131n\u0131 \u0259ng\u0259ll\u0259m\u0259k \u00fc\u00e7\u00fcn bu postda pe\u015f\u0259kar h\u0259rb\u00e7ini t\u0259yin edib. V.Zelenski eyni zamanda vur\u011fulay\u0131b ki, Vitali Kli\u00e7ko Kiyevin meri olaraq qal\u0131r: \u201cKiyevi qorumal\u0131y\u0131q ki, d\u00f6vl\u0259timizi qoruyaq. M\u00fcharib\u0259d\u0259n sonra biz ham\u0131m\u0131z paytaxtdak\u0131 yerl\u0259rimiz\u0259 qay\u0131daca\u011f\u0131q\u201d.&hellip;<\/p>\n","protected":false},"author":2,"featured_media":446138,"comment_status":"closed","ping_status":"closed","sticky":false,"template":"","format":"standard","meta":{"om_disable_all_campaigns":false,"_monsterinsights_skip_tracking":false,"_monsterinsights_sitenote_active":false,"_monsterinsights_sitenote_note":"","_monsterinsights_sitenote_category":0},"categories":[7],"tags":[],"aioseo_notices":[],"gutentor_comment":0,"rttpg_featured_image_url":{"full":["https:\/\/arantv.az\/wp-content\/uploads\/2022\/03\/274667230_504536341039592_7154602302644046133_n.jpg",620,414,false],"landscape":["https:\/\/arantv.az\/wp-content\/uploads\/2022\/03\/274667230_504536341039592_7154602302644046133_n.jpg",620,414,false],"portraits":["https:\/\/arantv.az\/wp-content\/uploads\/2022\/03\/274667230_504536341039592_7154602302644046133_n.jpg",620,414,false],"thumbnail":["https:\/\/arantv.az\/wp-content\/uploads\/2022\/03\/274667230_504536341039592_7154602302644046133_n-500x280.jpg",500,280,true],"medium":["https:\/\/arantv.az\/wp-content\/uploads\/2022\/03\/274667230_504536341039592_7154602302644046133_n-547x365.jpg",547,365,true],"large":["https:\/\/arantv.az\/wp-content\/uploads\/2022\/03\/274667230_504536341039592_7154602302644046133_n.jpg",620,414,false],"1536x1536":["https:\/\/arantv.az\/wp-content\/uploads\/2022\/03\/274667230_504536341039592_7154602302644046133_n.jpg",620,414,false],"2048x2048":["https:\/\/arantv.az\/wp-content\/uploads\/2022\/03\/274667230_504536341039592_7154602302644046133_n.jpg",620,414,false],"post-thumbnail":["https:\/\/arantv.az\/wp-content\/uploads\/2022\/03\/274667230_504536341039592_7154602302644046133_n-240x172.jpg",240,172,true],"advps-thumb-one":["https:\/\/arantv.az\/wp-content\/uploads\/2022\/03\/274667230_504536341039592_7154602302644046133_n.jpg",620,414,false]},"rttpg_author":{"display_name":"V\u00fcsal Rafiqo\u011flu","author_link":"https:\/\/arantv.az\/?author=2"},"rttpg_comment":0,"rttpg_category":"<a href=\"https:\/\/arantv.az\/?cat=7\" rel=\"category\">D\u00fcnya<\/a>","rttpg_excerpt":"Ukrayna Prezidenti Volodimir Zelenski general Nikolay Jernovu m\u00fcharib\u0259 m\u00fcdd\u0259tind\u0259 Kiyev \u015f\u0259h\u0259r h\u0259rbi administrasiyas\u0131n\u0131n r\u0259hb\u0259ri t\u0259yin edib. Ukrayna Prezidenti Volodimir Zelenski bu bar\u0259d\u0259 xalqa m\u00fcraci\u0259ti zaman\u0131 m\u0259lumat verib. \u201cKiyev \u00f6lk\u0259mizin \u00fcr\u0259yidir v\u0259 o, d\u00f6y\u00fcnm\u0259lidir. V\u0259 h\u0259yat\u0131n z\u0259f\u0259r \u00e7almas\u0131 \u00fc\u00e7\u00fcn o d\u00f6y\u00fcnm\u0259kd\u0259 davam ed\u0259c\u0259k\u201d, &#8211; dey\u0259 Prezident vur\u011fulay\u0131b. V. Zelenski bildirib ki, o, \u015f\u0259h\u0259rin m\u00fcdafi\u0259sini z\u0259man\u0259t alt\u0131na&hellip;","_links":{"self":[{"href":"https:\/\/arantv.az\/index.php?rest_route=\/wp\/v2\/posts\/446137"}],"collection":[{"href":"https:\/\/arantv.az\/index.php?rest_route=\/wp\/v2\/posts"}],"about":[{"href":"https:\/\/arantv.az\/index.php?rest_route=\/wp\/v2\/types\/post"}],"author":[{"embeddable":true,"href":"https:\/\/arantv.az\/index.php?rest_route=\/wp\/v2\/users\/2"}],"replies":[{"embeddable":true,"href":"https:\/\/arantv.az\/index.php?rest_route=%2Fwp%2Fv2%2Fcomments&post=446137"}],"version-history":[{"count":0,"href":"https:\/\/arantv.az\/index.php?rest_route=\/wp\/v2\/posts\/446137\/revisions"}],"wp:featuredmedia":[{"embeddable":true,"href":"https:\/\/arantv.az\/index.php?rest_route=\/wp\/v2\/media\/446138"}],"wp:attachment":[{"href":"https:\/\/arantv.az\/index.php?rest_route=%2Fwp%2Fv2%2Fmedia&parent=446137"}],"wp:term":[{"taxonomy":"category","embeddable":true,"href":"https:\/\/arantv.az\/index.php?rest_route=%2Fwp%2Fv2%2Fcategories&post=446137"},{"taxonomy":"post_tag","embeddable":true,"href":"https:\/\/arantv.az\/index.php?rest_route=%2Fwp%2Fv2%2Ftags&post=446137"}],"curies":[{"name":"wp","href":"https:\/\/api.w.org\/{rel}","templated":true}]}}