{"id":446143,"date":"2022-03-01T14:44:15","date_gmt":"2022-03-01T11:44:15","guid":{"rendered":"http:\/\/arantv.az\/?p=446143"},"modified":"2022-03-01T14:44:15","modified_gmt":"2022-03-01T11:44:15","slug":"nazir-turkiy%c9%99-az%c9%99rbaycan-universitetinin-yaradilmasindan-danisdi","status":"publish","type":"post","link":"https:\/\/arantv.az\/?p=446143","title":{"rendered":"Nazir T\u00fcrkiy\u0259-Az\u0259rbaycan universitetinin yarad\u0131lmas\u0131ndan dan\u0131\u015fd\u0131"},"content":{"rendered":"<p>T\u00fcrkiy\u0259-Az\u0259rbaycan universitetinin yarad\u0131lmas\u0131 il\u0259 ba\u011fl\u0131 m\u00fczakir\u0259l\u0259r davam edir.<\/p>\n<p><strong>ARANTV.AZ<\/strong>\u00a0 <a href=\"https:\/\/az.trend.az\/\" target=\"_blank\" rel=\"noopener\">Trend<\/a>-\u0259 istinad\u0259n x\u0259b\u0259r verir ki,\u00a0bunu t\u0259hsil naziri Emin \u018fmrullayev xaricd\u0259 t\u0259hsil\u0259 dair 2022-2026-c\u0131 ill\u0259r \u00fc\u00e7\u00fcn D\u00f6vl\u0259t Proqram\u0131 il\u0259 ba\u011fl\u0131 ke\u00e7irdiyi brifinq zaman\u0131 deyib.<\/p>\n<p>Onun s\u00f6zl\u0259rin\u0259 g\u00f6r\u0259, universitetin yarad\u0131lmas\u0131 q\u0131sa bir proses deyil.<\/p>\n<p>&#8220;\u00dcmid edirik ki, bu il v\u0259 ya g\u0259l\u0259n ill\u0259rd\u0259n bu universitet\u0259 t\u0259l\u0259b\u0259 q\u0259bulunu planla\u015fd\u0131r\u0131r\u0131q&#8221;, &#8211; dey\u0259 nazir \u0259lav\u0259 edib.<\/p>\n","protected":false},"excerpt":{"rendered":"<p>T\u00fcrkiy\u0259-Az\u0259rbaycan universitetinin yarad\u0131lmas\u0131 il\u0259 ba\u011fl\u0131 m\u00fczakir\u0259l\u0259r davam edir. ARANTV.AZ\u00a0 Trend-\u0259 istinad\u0259n x\u0259b\u0259r verir ki,\u00a0bunu t\u0259hsil naziri Emin \u018fmrullayev xaricd\u0259 t\u0259hsil\u0259 dair 2022-2026-c\u0131 ill\u0259r \u00fc\u00e7\u00fcn D\u00f6vl\u0259t Proqram\u0131 il\u0259 ba\u011fl\u0131 ke\u00e7irdiyi brifinq zaman\u0131 deyib. Onun s\u00f6zl\u0259rin\u0259 g\u00f6r\u0259, universitetin yarad\u0131lmas\u0131 q\u0131sa bir proses deyil. &#8220;\u00dcmid edirik ki, bu il v\u0259 ya g\u0259l\u0259n ill\u0259rd\u0259n bu universitet\u0259 t\u0259l\u0259b\u0259 q\u0259bulunu planla\u015fd\u0131r\u0131r\u0131q&#8221;, &#8211; dey\u0259 nazir \u0259lav\u0259 edib.<\/p>\n","protected":false},"author":2,"featured_media":446144,"comment_status":"closed","ping_status":"closed","sticky":false,"template":"","format":"standard","meta":{"om_disable_all_campaigns":false,"_monsterinsights_skip_tracking":false,"_monsterinsights_sitenote_active":false,"_monsterinsights_sitenote_note":"","_monsterinsights_sitenote_category":0},"categories":[23],"tags":[],"aioseo_notices":[],"gutentor_comment":0,"rttpg_featured_image_url":{"full":["https:\/\/arantv.az\/wp-content\/uploads\/2022\/03\/emin_emrullayev_0471.jpg",800,600,false],"landscape":["https:\/\/arantv.az\/wp-content\/uploads\/2022\/03\/emin_emrullayev_0471.jpg",800,600,false],"portraits":["https:\/\/arantv.az\/wp-content\/uploads\/2022\/03\/emin_emrullayev_0471.jpg",800,600,false],"thumbnail":["https:\/\/arantv.az\/wp-content\/uploads\/2022\/03\/emin_emrullayev_0471-500x280.jpg",500,280,true],"medium":["https:\/\/arantv.az\/wp-content\/uploads\/2022\/03\/emin_emrullayev_0471-487x365.jpg",487,365,true],"large":["https:\/\/arantv.az\/wp-content\/uploads\/2022\/03\/emin_emrullayev_0471.jpg",640,480,false],"1536x1536":["https:\/\/arantv.az\/wp-content\/uploads\/2022\/03\/emin_emrullayev_0471.jpg",800,600,false],"2048x2048":["https:\/\/arantv.az\/wp-content\/uploads\/2022\/03\/emin_emrullayev_0471.jpg",800,600,false],"post-thumbnail":["https:\/\/arantv.az\/wp-content\/uploads\/2022\/03\/emin_emrullayev_0471-240x172.jpg",240,172,true],"advps-thumb-one":["https:\/\/arantv.az\/wp-content\/uploads\/2022\/03\/emin_emrullayev_0471.jpg",800,600,false]},"rttpg_author":{"display_name":"V\u00fcsal Rafiqo\u011flu","author_link":"https:\/\/arantv.az\/?author=2"},"rttpg_comment":0,"rttpg_category":"<a href=\"https:\/\/arantv.az\/?cat=23\" rel=\"category\">T\u0259hsil<\/a>","rttpg_excerpt":"T\u00fcrkiy\u0259-Az\u0259rbaycan universitetinin yarad\u0131lmas\u0131 il\u0259 ba\u011fl\u0131 m\u00fczakir\u0259l\u0259r davam edir. ARANTV.AZ\u00a0 Trend-\u0259 istinad\u0259n x\u0259b\u0259r verir ki,\u00a0bunu t\u0259hsil naziri Emin \u018fmrullayev xaricd\u0259 t\u0259hsil\u0259 dair 2022-2026-c\u0131 ill\u0259r \u00fc\u00e7\u00fcn D\u00f6vl\u0259t Proqram\u0131 il\u0259 ba\u011fl\u0131 ke\u00e7irdiyi brifinq zaman\u0131 deyib. Onun s\u00f6zl\u0259rin\u0259 g\u00f6r\u0259, universitetin yarad\u0131lmas\u0131 q\u0131sa bir proses deyil. &#8220;\u00dcmid edirik ki, bu il v\u0259 ya g\u0259l\u0259n ill\u0259rd\u0259n bu universitet\u0259 t\u0259l\u0259b\u0259 q\u0259bulunu planla\u015fd\u0131r\u0131r\u0131q&#8221;,&hellip;","_links":{"self":[{"href":"https:\/\/arantv.az\/index.php?rest_route=\/wp\/v2\/posts\/446143"}],"collection":[{"href":"https:\/\/arantv.az\/index.php?rest_route=\/wp\/v2\/posts"}],"about":[{"href":"https:\/\/arantv.az\/index.php?rest_route=\/wp\/v2\/types\/post"}],"author":[{"embeddable":true,"href":"https:\/\/arantv.az\/index.php?rest_route=\/wp\/v2\/users\/2"}],"replies":[{"embeddable":true,"href":"https:\/\/arantv.az\/index.php?rest_route=%2Fwp%2Fv2%2Fcomments&post=446143"}],"version-history":[{"count":0,"href":"https:\/\/arantv.az\/index.php?rest_route=\/wp\/v2\/posts\/446143\/revisions"}],"wp:featuredmedia":[{"embeddable":true,"href":"https:\/\/arantv.az\/index.php?rest_route=\/wp\/v2\/media\/446144"}],"wp:attachment":[{"href":"https:\/\/arantv.az\/index.php?rest_route=%2Fwp%2Fv2%2Fmedia&parent=446143"}],"wp:term":[{"taxonomy":"category","embeddable":true,"href":"https:\/\/arantv.az\/index.php?rest_route=%2Fwp%2Fv2%2Fcategories&post=446143"},{"taxonomy":"post_tag","embeddable":true,"href":"https:\/\/arantv.az\/index.php?rest_route=%2Fwp%2Fv2%2Ftags&post=446143"}],"curies":[{"name":"wp","href":"https:\/\/api.w.org\/{rel}","templated":true}]}}