{"id":446146,"date":"2022-03-01T14:44:48","date_gmt":"2022-03-01T11:44:48","guid":{"rendered":"http:\/\/arantv.az\/?p=446146"},"modified":"2022-03-01T14:44:48","modified_gmt":"2022-03-01T11:44:48","slug":"mu%c9%99lliml%c9%99rin-is-yuku-azaldila-bil%c9%99r","status":"publish","type":"post","link":"https:\/\/arantv.az\/?p=446146","title":{"rendered":"M\u00fc\u0259lliml\u0259rin i\u015f y\u00fck\u00fc azald\u0131la bil\u0259r"},"content":{"rendered":"<p>M\u00fc\u0259llimin i\u015fi 45 d\u0259qiq\u0259d\u0259n ibar\u0259t deyil.<\/p>\n<p><strong>ARANTV.AZ<\/strong> <a href=\"https:\/\/az.trend.az\/\" target=\"_blank\" rel=\"noopener\">Trend<\/a>-\u0259 istinad\u0259n x\u0259b\u0259r verir ki,\u00a0bunu t\u0259hsil naziri Emin \u018fmrullayev xaricd\u0259 t\u0259hsil\u0259 dair 2022-2026-c\u0131 ill\u0259r \u00fc\u00e7\u00fcn D\u00f6vl\u0259t Proqram\u0131 il\u0259 ba\u011fl\u0131 ke\u00e7irdiyi brifinq zaman\u0131 deyib.<\/p>\n<p>&#8220;Bel\u0259 d\u00fc\u015f\u00fcn\u00fcr\u0259m ki, b\u0259zi m\u00fc\u0259lliml\u0259rimiz d\u0259rs prosesind\u0259n \u015fagirdl\u0259rin t\u0259drisi il\u0259 ba\u011fl\u0131 olan prosesd\u0259n daha \u00e7ox dig\u0259r texniki i\u015fl\u0259rl\u0259 m\u0259\u015f\u011ful olurlar. Bir qisim m\u00fc\u0259lliml\u0259rimizin zaman\u0131 idar\u0259 etm\u0259 il\u0259 ba\u011fl\u0131 t\u0259liml\u0259r\u0259 c\u0259lb olunmas\u0131na ehtiyac var. &#8220;, &#8211; dey\u0259 nazir \u0259lav\u0259 edib.<\/p>\n","protected":false},"excerpt":{"rendered":"<p>M\u00fc\u0259llimin i\u015fi 45 d\u0259qiq\u0259d\u0259n ibar\u0259t deyil. ARANTV.AZ Trend-\u0259 istinad\u0259n x\u0259b\u0259r verir ki,\u00a0bunu t\u0259hsil naziri Emin \u018fmrullayev xaricd\u0259 t\u0259hsil\u0259 dair 2022-2026-c\u0131 ill\u0259r \u00fc\u00e7\u00fcn D\u00f6vl\u0259t Proqram\u0131 il\u0259 ba\u011fl\u0131 ke\u00e7irdiyi brifinq zaman\u0131 deyib. &#8220;Bel\u0259 d\u00fc\u015f\u00fcn\u00fcr\u0259m ki, b\u0259zi m\u00fc\u0259lliml\u0259rimiz d\u0259rs prosesind\u0259n \u015fagirdl\u0259rin t\u0259drisi il\u0259 ba\u011fl\u0131 olan prosesd\u0259n daha \u00e7ox dig\u0259r texniki i\u015fl\u0259rl\u0259 m\u0259\u015f\u011ful olurlar. Bir qisim m\u00fc\u0259lliml\u0259rimizin zaman\u0131 idar\u0259 etm\u0259 il\u0259 ba\u011fl\u0131 t\u0259liml\u0259r\u0259 c\u0259lb olunmas\u0131na ehtiyac var. &#8220;, &#8211; dey\u0259 nazir \u0259lav\u0259 edib.<\/p>\n","protected":false},"author":2,"featured_media":446147,"comment_status":"closed","ping_status":"closed","sticky":false,"template":"","format":"standard","meta":{"om_disable_all_campaigns":false,"_monsterinsights_skip_tracking":false,"_monsterinsights_sitenote_active":false,"_monsterinsights_sitenote_note":"","_monsterinsights_sitenote_category":0},"categories":[23],"tags":[],"aioseo_notices":[],"gutentor_comment":0,"rttpg_featured_image_url":{"full":["https:\/\/arantv.az\/wp-content\/uploads\/2022\/03\/muellim_28347858677.jpg",800,600,false],"landscape":["https:\/\/arantv.az\/wp-content\/uploads\/2022\/03\/muellim_28347858677.jpg",800,600,false],"portraits":["https:\/\/arantv.az\/wp-content\/uploads\/2022\/03\/muellim_28347858677.jpg",800,600,false],"thumbnail":["https:\/\/arantv.az\/wp-content\/uploads\/2022\/03\/muellim_28347858677-500x280.jpg",500,280,true],"medium":["https:\/\/arantv.az\/wp-content\/uploads\/2022\/03\/muellim_28347858677-487x365.jpg",487,365,true],"large":["https:\/\/arantv.az\/wp-content\/uploads\/2022\/03\/muellim_28347858677.jpg",640,480,false],"1536x1536":["https:\/\/arantv.az\/wp-content\/uploads\/2022\/03\/muellim_28347858677.jpg",800,600,false],"2048x2048":["https:\/\/arantv.az\/wp-content\/uploads\/2022\/03\/muellim_28347858677.jpg",800,600,false],"post-thumbnail":["https:\/\/arantv.az\/wp-content\/uploads\/2022\/03\/muellim_28347858677-240x172.jpg",240,172,true],"advps-thumb-one":["https:\/\/arantv.az\/wp-content\/uploads\/2022\/03\/muellim_28347858677.jpg",800,600,false]},"rttpg_author":{"display_name":"V\u00fcsal Rafiqo\u011flu","author_link":"https:\/\/arantv.az\/?author=2"},"rttpg_comment":0,"rttpg_category":"<a href=\"https:\/\/arantv.az\/?cat=23\" rel=\"category\">T\u0259hsil<\/a>","rttpg_excerpt":"M\u00fc\u0259llimin i\u015fi 45 d\u0259qiq\u0259d\u0259n ibar\u0259t deyil. ARANTV.AZ Trend-\u0259 istinad\u0259n x\u0259b\u0259r verir ki,\u00a0bunu t\u0259hsil naziri Emin \u018fmrullayev xaricd\u0259 t\u0259hsil\u0259 dair 2022-2026-c\u0131 ill\u0259r \u00fc\u00e7\u00fcn D\u00f6vl\u0259t Proqram\u0131 il\u0259 ba\u011fl\u0131 ke\u00e7irdiyi brifinq zaman\u0131 deyib. &#8220;Bel\u0259 d\u00fc\u015f\u00fcn\u00fcr\u0259m ki, b\u0259zi m\u00fc\u0259lliml\u0259rimiz d\u0259rs prosesind\u0259n \u015fagirdl\u0259rin t\u0259drisi il\u0259 ba\u011fl\u0131 olan prosesd\u0259n daha \u00e7ox dig\u0259r texniki i\u015fl\u0259rl\u0259 m\u0259\u015f\u011ful olurlar. Bir qisim m\u00fc\u0259lliml\u0259rimizin zaman\u0131 idar\u0259&hellip;","_links":{"self":[{"href":"https:\/\/arantv.az\/index.php?rest_route=\/wp\/v2\/posts\/446146"}],"collection":[{"href":"https:\/\/arantv.az\/index.php?rest_route=\/wp\/v2\/posts"}],"about":[{"href":"https:\/\/arantv.az\/index.php?rest_route=\/wp\/v2\/types\/post"}],"author":[{"embeddable":true,"href":"https:\/\/arantv.az\/index.php?rest_route=\/wp\/v2\/users\/2"}],"replies":[{"embeddable":true,"href":"https:\/\/arantv.az\/index.php?rest_route=%2Fwp%2Fv2%2Fcomments&post=446146"}],"version-history":[{"count":0,"href":"https:\/\/arantv.az\/index.php?rest_route=\/wp\/v2\/posts\/446146\/revisions"}],"wp:featuredmedia":[{"embeddable":true,"href":"https:\/\/arantv.az\/index.php?rest_route=\/wp\/v2\/media\/446147"}],"wp:attachment":[{"href":"https:\/\/arantv.az\/index.php?rest_route=%2Fwp%2Fv2%2Fmedia&parent=446146"}],"wp:term":[{"taxonomy":"category","embeddable":true,"href":"https:\/\/arantv.az\/index.php?rest_route=%2Fwp%2Fv2%2Fcategories&post=446146"},{"taxonomy":"post_tag","embeddable":true,"href":"https:\/\/arantv.az\/index.php?rest_route=%2Fwp%2Fv2%2Ftags&post=446146"}],"curies":[{"name":"wp","href":"https:\/\/api.w.org\/{rel}","templated":true}]}}