{"id":446149,"date":"2022-03-01T14:47:25","date_gmt":"2022-03-01T11:47:25","guid":{"rendered":"http:\/\/arantv.az\/?p=446149"},"modified":"2022-03-01T14:47:25","modified_gmt":"2022-03-01T11:47:25","slug":"dunyanin-%c9%99n-yuks%c9%99k-reytinqli-universitetl%c9%99ri-dovl%c9%99t-proqramina-daxil-edil%c9%99c%c9%99k","status":"publish","type":"post","link":"https:\/\/arantv.az\/?p=446149","title":{"rendered":"D\u00fcnyan\u0131n \u0259n y\u00fcks\u0259k reytinqli universitetl\u0259ri d\u00f6vl\u0259t proqram\u0131na daxil edil\u0259c\u0259k"},"content":{"rendered":"<p>Bu il d\u00fcnyan\u0131n \u0259n y\u00fcks\u0259k reytinq\u0259 sahib universitetl\u0259ri d\u00f6vl\u0259t proqram\u0131na daxil edil\u0259c\u0259k.<\/p>\n<p><strong>ARANTV.AZ<\/strong> <a href=\"https:\/\/az.trend.az\/\" target=\"_blank\" rel=\"noopener\">Trend<\/a>-\u0259 istinad\u0259n x\u0259b\u0259r verir ki,\u00a0bunu t\u0259hsil naziri Emin \u018fmrullayev ke\u00e7irdiyi brifinq zaman\u0131 deyib.<\/p>\n<p>O qeyd edib ki, bu il m\u0259rh\u0259l\u0259li se\u00e7im ed\u0259c\u0259yik.<\/p>\n<p>\u0130lkin m\u0259rh\u0259l\u0259d\u0259 universitetl\u0259rin geni\u015f siyah\u0131s\u0131 olacaq. Daha sonra is\u0259 may\u0131n sonu iyunun axr\u0131nda is\u0259 k\u0259narda qalanlar t\u0259l\u0259b\u0259l\u0259r d\u0259 hans\u0131 ki meyarlara uy\u011fun \u015f\u0259xsl\u0259rdir, onlar\u0131nda proqram \u00fczr\u0259 t\u0259hsil almas\u0131 i\u015fin\u0259 bax\u0131lacaq.<\/p>\n","protected":false},"excerpt":{"rendered":"<p>Bu il d\u00fcnyan\u0131n \u0259n y\u00fcks\u0259k reytinq\u0259 sahib universitetl\u0259ri d\u00f6vl\u0259t proqram\u0131na daxil edil\u0259c\u0259k. ARANTV.AZ Trend-\u0259 istinad\u0259n x\u0259b\u0259r verir ki,\u00a0bunu t\u0259hsil naziri Emin \u018fmrullayev ke\u00e7irdiyi brifinq zaman\u0131 deyib. O qeyd edib ki, bu il m\u0259rh\u0259l\u0259li se\u00e7im ed\u0259c\u0259yik. \u0130lkin m\u0259rh\u0259l\u0259d\u0259 universitetl\u0259rin geni\u015f siyah\u0131s\u0131 olacaq. Daha sonra is\u0259 may\u0131n sonu iyunun axr\u0131nda is\u0259 k\u0259narda qalanlar t\u0259l\u0259b\u0259l\u0259r d\u0259 hans\u0131 ki meyarlara uy\u011fun \u015f\u0259xsl\u0259rdir, onlar\u0131nda proqram \u00fczr\u0259 t\u0259hsil almas\u0131 i\u015fin\u0259 bax\u0131lacaq.<\/p>\n","protected":false},"author":2,"featured_media":446150,"comment_status":"closed","ping_status":"closed","sticky":false,"template":"","format":"standard","meta":{"om_disable_all_campaigns":false,"_monsterinsights_skip_tracking":false,"_monsterinsights_sitenote_active":false,"_monsterinsights_sitenote_note":"","_monsterinsights_sitenote_category":0},"categories":[23],"tags":[],"aioseo_notices":[],"gutentor_comment":0,"rttpg_featured_image_url":{"full":["https:\/\/arantv.az\/wp-content\/uploads\/2022\/03\/1023473.jpg",800,600,false],"landscape":["https:\/\/arantv.az\/wp-content\/uploads\/2022\/03\/1023473.jpg",800,600,false],"portraits":["https:\/\/arantv.az\/wp-content\/uploads\/2022\/03\/1023473.jpg",800,600,false],"thumbnail":["https:\/\/arantv.az\/wp-content\/uploads\/2022\/03\/1023473-500x280.jpg",500,280,true],"medium":["https:\/\/arantv.az\/wp-content\/uploads\/2022\/03\/1023473-487x365.jpg",487,365,true],"large":["https:\/\/arantv.az\/wp-content\/uploads\/2022\/03\/1023473.jpg",640,480,false],"1536x1536":["https:\/\/arantv.az\/wp-content\/uploads\/2022\/03\/1023473.jpg",800,600,false],"2048x2048":["https:\/\/arantv.az\/wp-content\/uploads\/2022\/03\/1023473.jpg",800,600,false],"post-thumbnail":["https:\/\/arantv.az\/wp-content\/uploads\/2022\/03\/1023473-240x172.jpg",240,172,true],"advps-thumb-one":["https:\/\/arantv.az\/wp-content\/uploads\/2022\/03\/1023473.jpg",800,600,false]},"rttpg_author":{"display_name":"V\u00fcsal Rafiqo\u011flu","author_link":"https:\/\/arantv.az\/?author=2"},"rttpg_comment":0,"rttpg_category":"<a href=\"https:\/\/arantv.az\/?cat=23\" rel=\"category\">T\u0259hsil<\/a>","rttpg_excerpt":"Bu il d\u00fcnyan\u0131n \u0259n y\u00fcks\u0259k reytinq\u0259 sahib universitetl\u0259ri d\u00f6vl\u0259t proqram\u0131na daxil edil\u0259c\u0259k. ARANTV.AZ Trend-\u0259 istinad\u0259n x\u0259b\u0259r verir ki,\u00a0bunu t\u0259hsil naziri Emin \u018fmrullayev ke\u00e7irdiyi brifinq zaman\u0131 deyib. O qeyd edib ki, bu il m\u0259rh\u0259l\u0259li se\u00e7im ed\u0259c\u0259yik. \u0130lkin m\u0259rh\u0259l\u0259d\u0259 universitetl\u0259rin geni\u015f siyah\u0131s\u0131 olacaq. Daha sonra is\u0259 may\u0131n sonu iyunun axr\u0131nda is\u0259 k\u0259narda qalanlar t\u0259l\u0259b\u0259l\u0259r d\u0259 hans\u0131 ki&hellip;","_links":{"self":[{"href":"https:\/\/arantv.az\/index.php?rest_route=\/wp\/v2\/posts\/446149"}],"collection":[{"href":"https:\/\/arantv.az\/index.php?rest_route=\/wp\/v2\/posts"}],"about":[{"href":"https:\/\/arantv.az\/index.php?rest_route=\/wp\/v2\/types\/post"}],"author":[{"embeddable":true,"href":"https:\/\/arantv.az\/index.php?rest_route=\/wp\/v2\/users\/2"}],"replies":[{"embeddable":true,"href":"https:\/\/arantv.az\/index.php?rest_route=%2Fwp%2Fv2%2Fcomments&post=446149"}],"version-history":[{"count":0,"href":"https:\/\/arantv.az\/index.php?rest_route=\/wp\/v2\/posts\/446149\/revisions"}],"wp:featuredmedia":[{"embeddable":true,"href":"https:\/\/arantv.az\/index.php?rest_route=\/wp\/v2\/media\/446150"}],"wp:attachment":[{"href":"https:\/\/arantv.az\/index.php?rest_route=%2Fwp%2Fv2%2Fmedia&parent=446149"}],"wp:term":[{"taxonomy":"category","embeddable":true,"href":"https:\/\/arantv.az\/index.php?rest_route=%2Fwp%2Fv2%2Fcategories&post=446149"},{"taxonomy":"post_tag","embeddable":true,"href":"https:\/\/arantv.az\/index.php?rest_route=%2Fwp%2Fv2%2Ftags&post=446149"}],"curies":[{"name":"wp","href":"https:\/\/api.w.org\/{rel}","templated":true}]}}