{"id":446155,"date":"2022-03-01T14:49:11","date_gmt":"2022-03-01T11:49:11","guid":{"rendered":"http:\/\/arantv.az\/?p=446155"},"modified":"2022-03-01T14:49:11","modified_gmt":"2022-03-01T11:49:11","slug":"21-az%c9%99rbaycan-v%c9%99t%c9%99ndasi-ukraynadan-macaristana-daxil-oldu","status":"publish","type":"post","link":"https:\/\/arantv.az\/?p=446155","title":{"rendered":"21 Az\u0259rbaycan v\u0259t\u0259nda\u015f\u0131 Ukraynadan Macar\u0131stana daxil oldu"},"content":{"rendered":"<p>Ukraynada yaranm\u0131\u015f m\u00f6vcud v\u0259ziyy\u0259tl\u0259 \u0259laq\u0259dar son iki g\u00fcnd\u0259 21 Az\u0259rbaycan v\u0259t\u0259nda\u015f\u0131 Ukrayna il\u0259 Macar\u0131stan aras\u0131ndak\u0131 s\u0259rh\u0259d-ke\u00e7id m\u0259nt\u0259q\u0259l\u0259ri vasit\u0259sil\u0259 Macar\u0131stan \u0259razisin\u0259\u00a0daxil olub.<\/p>\n<p>Budape\u015ftd\u0259 f\u0259aliyy\u0259t g\u00f6st\u0259r\u0259n Az\u0259rbaycan Evinin r\u0259hb\u0259ri \u0130brahim S\u0259f\u0259rlinin verdiyi m\u0259lumata g\u00f6r\u0259, h\u0259mv\u0259t\u0259nl\u0259rimiz s\u0259rh\u0259d-ke\u00e7id m\u0259nt\u0259q\u0259l\u0259rinin oldu\u011fu \u015f\u0259h\u0259rl\u0259rd\u0259n paytaxt Budape\u015ft\u0259 apar\u0131l\u0131b.<\/p>\n<div class=\"AdviadNativeVideo\"><\/div>\n<p>Onlar Budape\u015ftd\u0259 f\u0259aliyy\u0259t g\u00f6st\u0259r\u0259n Az\u0259rbaycan Evind\u0259, bu \u015f\u0259h\u0259rd\u0259 ya\u015fayan h\u0259mv\u0259t\u0259nl\u0259rimizin evl\u0259rind\u0259, el\u0259c\u0259 d\u0259 mehmanxanalarda yerl\u0259\u015fdirilibl\u0259r. Diaspor t\u0259\u015fkilatlar\u0131n\u0131n n\u00fcmay\u0259nd\u0259l\u0259ri onlarla m\u00fct\u0259madi \u0259laq\u0259 saxlayaraq, ehtiyaclar\u0131 il\u0259 maraqlan\u0131rlar.<\/p>\n<p>Qeyd ed\u0259k ki, s\u0259rh\u0259d-ke\u00e7id m\u0259nt\u0259q\u0259l\u0259rind\u0259 Az\u0259rbaycan v\u0259t\u0259nda\u015flar\u0131 \u00fc\u00e7\u00fcn r\u00fcsumsuz 15 g\u00fcnl\u00fck viza r\u0259smil\u0259\u015fdirilib v\u0259 onlar\u0131n yax\u0131n g\u00fcnl\u0259rd\u0259 Az\u0259rbaycana g\u0259tirilm\u0259si planla\u015fd\u0131r\u0131l\u0131r.<\/p>\n<p>D\u00f6vl\u0259t Komit\u0259si Ukraynadan Pol\u015fa v\u0259 Macar\u0131stana ke\u00e7\u0259 bil\u0259n az\u0259rbaycanl\u0131lara m\u00fcraci\u0259t ed\u0259r\u0259k bildirir ki, Az\u0259rbaycana t\u0259xliy\u0259 olunana q\u0259d\u0259r bu \u00f6lk\u0259l\u0259rd\u0259 f\u0259aliyy\u0259t g\u00f6st\u0259r\u0259n Az\u0259rbaycan evl\u0259rind\u0259 qala bil\u0259rl\u0259r.<\/p>\n<p>Pol\u015fadak\u0131 Az\u0259rbaycan Evin\u0259 +48 732 858\u00a0585, Macar\u0131standak\u0131 Az\u0259rbaycan Evin\u0259 +994 50 662 19 89 telefon n\u00f6mr\u0259l\u0259ri vasit\u0259sil\u0259 m\u00fcraci\u0259t etm\u0259k olar. Telefon n\u00f6mr\u0259l\u0259ri 24 saat aktivdir.<\/p>\n<p>M\u00fcraci\u0259t ed\u0259nl\u0259rin Ukrayna il\u0259 h\u0259ms\u0259rh\u0259d \u00f6lk\u0259l\u0259r vasit\u0259sil\u0259 Az\u0259rbaycana g\u0259tirilm\u0259si planla\u015fd\u0131r\u0131l\u0131r.<\/p>\n<p>Az\u0259rbaycan h\u00f6kum\u0259tinin tap\u015f\u0131r\u0131\u011f\u0131 il\u0259 Diasporla \u0130\u015f \u00fczr\u0259 D\u00f6vl\u0259t Komit\u0259si Ukraynada ya\u015fayan soyda\u015flar\u0131m\u0131z\u0131n Bak\u0131ya t\u0259xliy\u0259si istiqam\u0259tind\u0259 f\u0259aliyy\u0259tini m\u00fcvafiq d\u00f6vl\u0259t qurumlar\u0131 il\u0259 koordinasiyal\u0131 \u015f\u0259kild\u0259 davam etdirir.<\/p>\n","protected":false},"excerpt":{"rendered":"<p>Ukraynada yaranm\u0131\u015f m\u00f6vcud v\u0259ziyy\u0259tl\u0259 \u0259laq\u0259dar son iki g\u00fcnd\u0259 21 Az\u0259rbaycan v\u0259t\u0259nda\u015f\u0131 Ukrayna il\u0259 Macar\u0131stan aras\u0131ndak\u0131 s\u0259rh\u0259d-ke\u00e7id m\u0259nt\u0259q\u0259l\u0259ri vasit\u0259sil\u0259 Macar\u0131stan \u0259razisin\u0259\u00a0daxil olub. Budape\u015ftd\u0259 f\u0259aliyy\u0259t g\u00f6st\u0259r\u0259n Az\u0259rbaycan Evinin r\u0259hb\u0259ri \u0130brahim S\u0259f\u0259rlinin verdiyi m\u0259lumata g\u00f6r\u0259, h\u0259mv\u0259t\u0259nl\u0259rimiz s\u0259rh\u0259d-ke\u00e7id m\u0259nt\u0259q\u0259l\u0259rinin oldu\u011fu \u015f\u0259h\u0259rl\u0259rd\u0259n paytaxt Budape\u015ft\u0259 apar\u0131l\u0131b. Onlar Budape\u015ftd\u0259 f\u0259aliyy\u0259t g\u00f6st\u0259r\u0259n Az\u0259rbaycan Evind\u0259, bu \u015f\u0259h\u0259rd\u0259 ya\u015fayan h\u0259mv\u0259t\u0259nl\u0259rimizin evl\u0259rind\u0259, el\u0259c\u0259 d\u0259 mehmanxanalarda yerl\u0259\u015fdirilibl\u0259r. Diaspor t\u0259\u015fkilatlar\u0131n\u0131n n\u00fcmay\u0259nd\u0259l\u0259ri onlarla m\u00fct\u0259madi \u0259laq\u0259 saxlayaraq, ehtiyaclar\u0131 il\u0259 maraqlan\u0131rlar. Qeyd ed\u0259k ki, s\u0259rh\u0259d-ke\u00e7id m\u0259nt\u0259q\u0259l\u0259rind\u0259 Az\u0259rbaycan v\u0259t\u0259nda\u015flar\u0131 \u00fc\u00e7\u00fcn r\u00fcsumsuz 15 g\u00fcnl\u00fck viza r\u0259smil\u0259\u015fdirilib v\u0259 onlar\u0131n yax\u0131n g\u00fcnl\u0259rd\u0259 Az\u0259rbaycana g\u0259tirilm\u0259si planla\u015fd\u0131r\u0131l\u0131r. D\u00f6vl\u0259t Komit\u0259si Ukraynadan Pol\u015fa v\u0259&hellip;<\/p>\n","protected":false},"author":2,"featured_media":446156,"comment_status":"closed","ping_status":"closed","sticky":false,"template":"","format":"standard","meta":{"om_disable_all_campaigns":false,"_monsterinsights_skip_tracking":false,"_monsterinsights_sitenote_active":false,"_monsterinsights_sitenote_note":"","_monsterinsights_sitenote_category":0},"categories":[1],"tags":[],"aioseo_notices":[],"gutentor_comment":0,"rttpg_featured_image_url":{"full":["https:\/\/arantv.az\/wp-content\/uploads\/2022\/03\/FotoJet-2022-03-01T153251.240.jpg",620,413,false],"landscape":["https:\/\/arantv.az\/wp-content\/uploads\/2022\/03\/FotoJet-2022-03-01T153251.240.jpg",620,413,false],"portraits":["https:\/\/arantv.az\/wp-content\/uploads\/2022\/03\/FotoJet-2022-03-01T153251.240.jpg",620,413,false],"thumbnail":["https:\/\/arantv.az\/wp-content\/uploads\/2022\/03\/FotoJet-2022-03-01T153251.240-500x280.jpg",500,280,true],"medium":["https:\/\/arantv.az\/wp-content\/uploads\/2022\/03\/FotoJet-2022-03-01T153251.240-548x365.jpg",548,365,true],"large":["https:\/\/arantv.az\/wp-content\/uploads\/2022\/03\/FotoJet-2022-03-01T153251.240.jpg",620,413,false],"1536x1536":["https:\/\/arantv.az\/wp-content\/uploads\/2022\/03\/FotoJet-2022-03-01T153251.240.jpg",620,413,false],"2048x2048":["https:\/\/arantv.az\/wp-content\/uploads\/2022\/03\/FotoJet-2022-03-01T153251.240.jpg",620,413,false],"post-thumbnail":["https:\/\/arantv.az\/wp-content\/uploads\/2022\/03\/FotoJet-2022-03-01T153251.240-240x172.jpg",240,172,true],"advps-thumb-one":["https:\/\/arantv.az\/wp-content\/uploads\/2022\/03\/FotoJet-2022-03-01T153251.240.jpg",620,413,false]},"rttpg_author":{"display_name":"V\u00fcsal Rafiqo\u011flu","author_link":"https:\/\/arantv.az\/?author=2"},"rttpg_comment":0,"rttpg_category":"<a href=\"https:\/\/arantv.az\/?cat=1\" rel=\"category\">C\u0259miyy\u0259t<\/a>","rttpg_excerpt":"Ukraynada yaranm\u0131\u015f m\u00f6vcud v\u0259ziyy\u0259tl\u0259 \u0259laq\u0259dar son iki g\u00fcnd\u0259 21 Az\u0259rbaycan v\u0259t\u0259nda\u015f\u0131 Ukrayna il\u0259 Macar\u0131stan aras\u0131ndak\u0131 s\u0259rh\u0259d-ke\u00e7id m\u0259nt\u0259q\u0259l\u0259ri vasit\u0259sil\u0259 Macar\u0131stan \u0259razisin\u0259\u00a0daxil olub. Budape\u015ftd\u0259 f\u0259aliyy\u0259t g\u00f6st\u0259r\u0259n Az\u0259rbaycan Evinin r\u0259hb\u0259ri \u0130brahim S\u0259f\u0259rlinin verdiyi m\u0259lumata g\u00f6r\u0259, h\u0259mv\u0259t\u0259nl\u0259rimiz s\u0259rh\u0259d-ke\u00e7id m\u0259nt\u0259q\u0259l\u0259rinin oldu\u011fu \u015f\u0259h\u0259rl\u0259rd\u0259n paytaxt Budape\u015ft\u0259 apar\u0131l\u0131b. Onlar Budape\u015ftd\u0259 f\u0259aliyy\u0259t g\u00f6st\u0259r\u0259n Az\u0259rbaycan Evind\u0259, bu \u015f\u0259h\u0259rd\u0259 ya\u015fayan h\u0259mv\u0259t\u0259nl\u0259rimizin evl\u0259rind\u0259, el\u0259c\u0259 d\u0259 mehmanxanalarda yerl\u0259\u015fdirilibl\u0259r.&hellip;","_links":{"self":[{"href":"https:\/\/arantv.az\/index.php?rest_route=\/wp\/v2\/posts\/446155"}],"collection":[{"href":"https:\/\/arantv.az\/index.php?rest_route=\/wp\/v2\/posts"}],"about":[{"href":"https:\/\/arantv.az\/index.php?rest_route=\/wp\/v2\/types\/post"}],"author":[{"embeddable":true,"href":"https:\/\/arantv.az\/index.php?rest_route=\/wp\/v2\/users\/2"}],"replies":[{"embeddable":true,"href":"https:\/\/arantv.az\/index.php?rest_route=%2Fwp%2Fv2%2Fcomments&post=446155"}],"version-history":[{"count":0,"href":"https:\/\/arantv.az\/index.php?rest_route=\/wp\/v2\/posts\/446155\/revisions"}],"wp:featuredmedia":[{"embeddable":true,"href":"https:\/\/arantv.az\/index.php?rest_route=\/wp\/v2\/media\/446156"}],"wp:attachment":[{"href":"https:\/\/arantv.az\/index.php?rest_route=%2Fwp%2Fv2%2Fmedia&parent=446155"}],"wp:term":[{"taxonomy":"category","embeddable":true,"href":"https:\/\/arantv.az\/index.php?rest_route=%2Fwp%2Fv2%2Fcategories&post=446155"},{"taxonomy":"post_tag","embeddable":true,"href":"https:\/\/arantv.az\/index.php?rest_route=%2Fwp%2Fv2%2Ftags&post=446155"}],"curies":[{"name":"wp","href":"https:\/\/api.w.org\/{rel}","templated":true}]}}