{"id":446158,"date":"2022-03-01T15:00:50","date_gmt":"2022-03-01T12:00:50","guid":{"rendered":"http:\/\/arantv.az\/?p=446158"},"modified":"2022-03-01T15:00:50","modified_gmt":"2022-03-01T12:00:50","slug":"kiv-rusiya-ukrayna-danisiqlarinin-ikinci-raundu-sabah-ola-bil%c9%99r","status":"publish","type":"post","link":"https:\/\/arantv.az\/?p=446158","title":{"rendered":"K\u0130V: Rusiya-Ukrayna dan\u0131\u015f\u0131qlar\u0131n\u0131n ikinci raundu sabah ola bil\u0259r"},"content":{"rendered":"<p>Rusiya v\u0259 Ukrayna aras\u0131nda dan\u0131\u015f\u0131qlar\u0131n ikinci raundu mart\u0131n 2-d\u0259 ba\u015flaya bil\u0259r.<\/p>\n<p>Bu bar\u0259d\u0259 Ukrayna K\u0130V-i diplomatik m\u0259nb\u0259l\u0259r\u0259 istinad\u0259n bildiribl\u0259r.<\/p>\n<p>Birinci tur fevral\u0131n 28-d\u0259 ba\u015fa \u00e7at\u0131b. Bundan sonra i\u015ftirak\u00e7\u0131lar r\u0259hb\u0259rlikl\u0259 m\u0259sl\u0259h\u0259tl\u0259\u015fm\u0259y\u0259 gedibl\u0259r.<\/p>\n<p>Ukrayna n\u0259\u015frl\u0259ri diplomatik m\u0259nb\u0259y\u0259 istinad\u0259n iddia edirl\u0259r ki, Rusiya dan\u0131\u015f\u0131qlar zaman\u0131 Ukraynan\u0131n neytral statusunu parlament s\u0259viyy\u0259sind\u0259 m\u00f6hk\u0259ml\u0259ndirm\u0259yi\u00a0v\u0259 referendum ke\u00e7irm\u0259yi, Donetsk v\u0259 Luqansk vilay\u0259tl\u0259ri daxilind\u0259 \u201cDXR\u201d v\u0259 \u201cLXR\u201di tan\u0131ma\u011f\u0131, Ukraynan\u0131n denazifikasiyas\u0131n\u0131 h\u0259yata ke\u00e7irm\u0259yi t\u0259l\u0259b edib.<\/p>\n<p>M\u0259nb\u0259: R\u0130A Novosti<\/p>\n","protected":false},"excerpt":{"rendered":"<p>Rusiya v\u0259 Ukrayna aras\u0131nda dan\u0131\u015f\u0131qlar\u0131n ikinci raundu mart\u0131n 2-d\u0259 ba\u015flaya bil\u0259r. Bu bar\u0259d\u0259 Ukrayna K\u0130V-i diplomatik m\u0259nb\u0259l\u0259r\u0259 istinad\u0259n bildiribl\u0259r. Birinci tur fevral\u0131n 28-d\u0259 ba\u015fa \u00e7at\u0131b. Bundan sonra i\u015ftirak\u00e7\u0131lar r\u0259hb\u0259rlikl\u0259 m\u0259sl\u0259h\u0259tl\u0259\u015fm\u0259y\u0259 gedibl\u0259r. Ukrayna n\u0259\u015frl\u0259ri diplomatik m\u0259nb\u0259y\u0259 istinad\u0259n iddia edirl\u0259r ki, Rusiya dan\u0131\u015f\u0131qlar zaman\u0131 Ukraynan\u0131n neytral statusunu parlament s\u0259viyy\u0259sind\u0259 m\u00f6hk\u0259ml\u0259ndirm\u0259yi\u00a0v\u0259 referendum ke\u00e7irm\u0259yi, Donetsk v\u0259 Luqansk vilay\u0259tl\u0259ri daxilind\u0259 \u201cDXR\u201d v\u0259 \u201cLXR\u201di tan\u0131ma\u011f\u0131, Ukraynan\u0131n denazifikasiyas\u0131n\u0131 h\u0259yata ke\u00e7irm\u0259yi t\u0259l\u0259b edib. M\u0259nb\u0259: R\u0130A Novosti<\/p>\n","protected":false},"author":2,"featured_media":446159,"comment_status":"closed","ping_status":"closed","sticky":false,"template":"","format":"standard","meta":{"om_disable_all_campaigns":false,"_monsterinsights_skip_tracking":false,"_monsterinsights_sitenote_active":false,"_monsterinsights_sitenote_note":"","_monsterinsights_sitenote_category":0},"categories":[7],"tags":[],"aioseo_notices":[],"gutentor_comment":0,"rttpg_featured_image_url":{"full":["https:\/\/arantv.az\/wp-content\/uploads\/2022\/03\/page-2.jpg",620,413,false],"landscape":["https:\/\/arantv.az\/wp-content\/uploads\/2022\/03\/page-2.jpg",620,413,false],"portraits":["https:\/\/arantv.az\/wp-content\/uploads\/2022\/03\/page-2.jpg",620,413,false],"thumbnail":["https:\/\/arantv.az\/wp-content\/uploads\/2022\/03\/page-2-500x280.jpg",500,280,true],"medium":["https:\/\/arantv.az\/wp-content\/uploads\/2022\/03\/page-2-548x365.jpg",548,365,true],"large":["https:\/\/arantv.az\/wp-content\/uploads\/2022\/03\/page-2.jpg",620,413,false],"1536x1536":["https:\/\/arantv.az\/wp-content\/uploads\/2022\/03\/page-2.jpg",620,413,false],"2048x2048":["https:\/\/arantv.az\/wp-content\/uploads\/2022\/03\/page-2.jpg",620,413,false],"post-thumbnail":["https:\/\/arantv.az\/wp-content\/uploads\/2022\/03\/page-2-240x172.jpg",240,172,true],"advps-thumb-one":["https:\/\/arantv.az\/wp-content\/uploads\/2022\/03\/page-2.jpg",620,413,false]},"rttpg_author":{"display_name":"V\u00fcsal Rafiqo\u011flu","author_link":"https:\/\/arantv.az\/?author=2"},"rttpg_comment":0,"rttpg_category":"<a href=\"https:\/\/arantv.az\/?cat=7\" rel=\"category\">D\u00fcnya<\/a>","rttpg_excerpt":"Rusiya v\u0259 Ukrayna aras\u0131nda dan\u0131\u015f\u0131qlar\u0131n ikinci raundu mart\u0131n 2-d\u0259 ba\u015flaya bil\u0259r. Bu bar\u0259d\u0259 Ukrayna K\u0130V-i diplomatik m\u0259nb\u0259l\u0259r\u0259 istinad\u0259n bildiribl\u0259r. Birinci tur fevral\u0131n 28-d\u0259 ba\u015fa \u00e7at\u0131b. Bundan sonra i\u015ftirak\u00e7\u0131lar r\u0259hb\u0259rlikl\u0259 m\u0259sl\u0259h\u0259tl\u0259\u015fm\u0259y\u0259 gedibl\u0259r. Ukrayna n\u0259\u015frl\u0259ri diplomatik m\u0259nb\u0259y\u0259 istinad\u0259n iddia edirl\u0259r ki, Rusiya dan\u0131\u015f\u0131qlar zaman\u0131 Ukraynan\u0131n neytral statusunu parlament s\u0259viyy\u0259sind\u0259 m\u00f6hk\u0259ml\u0259ndirm\u0259yi\u00a0v\u0259 referendum ke\u00e7irm\u0259yi, Donetsk v\u0259 Luqansk vilay\u0259tl\u0259ri daxilind\u0259&hellip;","_links":{"self":[{"href":"https:\/\/arantv.az\/index.php?rest_route=\/wp\/v2\/posts\/446158"}],"collection":[{"href":"https:\/\/arantv.az\/index.php?rest_route=\/wp\/v2\/posts"}],"about":[{"href":"https:\/\/arantv.az\/index.php?rest_route=\/wp\/v2\/types\/post"}],"author":[{"embeddable":true,"href":"https:\/\/arantv.az\/index.php?rest_route=\/wp\/v2\/users\/2"}],"replies":[{"embeddable":true,"href":"https:\/\/arantv.az\/index.php?rest_route=%2Fwp%2Fv2%2Fcomments&post=446158"}],"version-history":[{"count":0,"href":"https:\/\/arantv.az\/index.php?rest_route=\/wp\/v2\/posts\/446158\/revisions"}],"wp:featuredmedia":[{"embeddable":true,"href":"https:\/\/arantv.az\/index.php?rest_route=\/wp\/v2\/media\/446159"}],"wp:attachment":[{"href":"https:\/\/arantv.az\/index.php?rest_route=%2Fwp%2Fv2%2Fmedia&parent=446158"}],"wp:term":[{"taxonomy":"category","embeddable":true,"href":"https:\/\/arantv.az\/index.php?rest_route=%2Fwp%2Fv2%2Fcategories&post=446158"},{"taxonomy":"post_tag","embeddable":true,"href":"https:\/\/arantv.az\/index.php?rest_route=%2Fwp%2Fv2%2Ftags&post=446158"}],"curies":[{"name":"wp","href":"https:\/\/api.w.org\/{rel}","templated":true}]}}