{"id":44618,"date":"2019-03-12T08:39:11","date_gmt":"2019-03-12T05:39:11","guid":{"rendered":"http:\/\/arantv.az\/?p=44618"},"modified":"2019-03-12T08:39:11","modified_gmt":"2019-03-12T05:39:11","slug":"az%c9%99rbaycandaqadin-mug%c9%99nni-q%c9%99zaya-dusub-oldu-video","status":"publish","type":"post","link":"https:\/\/arantv.az\/?p=44618","title":{"rendered":"Az\u0259rbaycandaqad\u0131n m\u00fc\u011f\u0259nni q\u0259zaya d\u00fc\u015f\u00fcb \u00f6ld\u00fc (V\u0130DEO)"},"content":{"rendered":"<div class=\"news-content\">\n<div>\n<p>Bak\u0131-Sumqay\u0131t yolunda \u00f6l\u00fcml\u0259 n\u0259tic\u0259l\u0259n\u0259n avtoq\u0259za ba\u015f verib.<\/p>\n<p><strong>ARANTV.AZ<\/strong>-\u0131n m\u0259lumat\u0131na g\u00f6r\u0259, Quba rayon sakini Pa\u015fayeva \u015e\u0259hla Nadir q\u0131z\u0131 \u201cKia\u201d markal\u0131 avtomobill\u0259 paytaxtdan Ab\u015feron rayonunun Masaz\u0131r q\u0259s\u0259b\u0259si istiqam\u0259tind\u0259 h\u0259r\u0259k\u0259td\u0259 olark\u0259n idar\u0259etm\u0259ni itirib.<\/p>\n<p>N\u0259tic\u0259d\u0259 avtomobil yol k\u0259nar\u0131ndak\u0131 beton arak\u0259sm\u0259y\u0259 v\u0259 a\u011faca \u00e7\u0131rp\u0131l\u0131b. Deformasiyaya u\u011fram\u0131\u015f avtomobild\u0259 a\u011f\u0131r x\u0259sar\u0259tl\u0259r alan \u015e.Pa\u015fayeva yerind\u0259 ke\u00e7inib.<\/p>\n<p>Hadis\u0259 yerin\u0259 Ab\u015feron rayon Polis \u0130dar\u0259sinin \u0259m\u0259kda\u015flar\u0131 c\u0259lb edilib. M\u00fc\u0259yy\u0259n olunub ki, s\u00fcr\u00fcc\u00fc spirtli i\u00e7kinin t\u0259siri alt\u0131nda avtomobili idar\u0259 edirmi\u015f.<\/p>\n<p>M\u0259lumata g\u00f6r\u0259, \u015e.Pa\u015fayeva m\u00fc\u011f\u0259nni kimi f\u0259aliyy\u0259t g\u00f6st\u0259rirmi\u015f.<\/p>\n<p><iframe loading=\"lazy\" src=\"http:\/\/www.youtube.com\/embed\/aLWlSzi1VZ0\" width=\"300\" height=\"150\" allowfullscreen=\"allowfullscreen\" data-mce-fragment=\"1\"><\/iframe><\/p>\n<\/div>\n<\/div>\n<div class=\"clearfix\">\u00a0ona<\/div>\n<ul class=\"breadcrumb under-news-breadcrumb\">\n<li class=\"path-none\">\n<div class=\"input-group under-news-date\"><\/div>\n<\/li>\n<\/ul>\n","protected":false},"excerpt":{"rendered":"<p>Bak\u0131-Sumqay\u0131t yolunda \u00f6l\u00fcml\u0259 n\u0259tic\u0259l\u0259n\u0259n avtoq\u0259za ba\u015f verib. ARANTV.AZ-\u0131n m\u0259lumat\u0131na g\u00f6r\u0259, Quba rayon sakini Pa\u015fayeva \u015e\u0259hla Nadir q\u0131z\u0131 \u201cKia\u201d markal\u0131 avtomobill\u0259 paytaxtdan Ab\u015feron rayonunun Masaz\u0131r q\u0259s\u0259b\u0259si istiqam\u0259tind\u0259 h\u0259r\u0259k\u0259td\u0259 olark\u0259n idar\u0259etm\u0259ni itirib. N\u0259tic\u0259d\u0259 avtomobil yol k\u0259nar\u0131ndak\u0131 beton arak\u0259sm\u0259y\u0259 v\u0259 a\u011faca \u00e7\u0131rp\u0131l\u0131b. Deformasiyaya u\u011fram\u0131\u015f avtomobild\u0259 a\u011f\u0131r x\u0259sar\u0259tl\u0259r alan \u015e.Pa\u015fayeva yerind\u0259 ke\u00e7inib. Hadis\u0259 yerin\u0259 Ab\u015feron rayon Polis \u0130dar\u0259sinin \u0259m\u0259kda\u015flar\u0131 c\u0259lb edilib. M\u00fc\u0259yy\u0259n olunub ki, s\u00fcr\u00fcc\u00fc spirtli i\u00e7kinin t\u0259siri alt\u0131nda avtomobili idar\u0259 edirmi\u015f. M\u0259lumata g\u00f6r\u0259, \u015e.Pa\u015fayeva m\u00fc\u011f\u0259nni kimi f\u0259aliyy\u0259t g\u00f6st\u0259rirmi\u015f. \u00a0ona<\/p>\n","protected":false},"author":2,"featured_media":44619,"comment_status":"closed","ping_status":"closed","sticky":false,"template":"","format":"standard","meta":{"om_disable_all_campaigns":false,"_monsterinsights_skip_tracking":false,"_monsterinsights_sitenote_active":false,"_monsterinsights_sitenote_note":"","_monsterinsights_sitenote_category":0},"categories":[5],"tags":[],"aioseo_notices":[],"gutentor_comment":0,"rttpg_featured_image_url":{"full":["https:\/\/arantv.az\/wp-content\/uploads\/2019\/03\/5365566e4e8145e6272185cec481a794.jpg",450,300,false],"landscape":["https:\/\/arantv.az\/wp-content\/uploads\/2019\/03\/5365566e4e8145e6272185cec481a794.jpg",450,300,false],"portraits":["https:\/\/arantv.az\/wp-content\/uploads\/2019\/03\/5365566e4e8145e6272185cec481a794.jpg",450,300,false],"thumbnail":["https:\/\/arantv.az\/wp-content\/uploads\/2019\/03\/5365566e4e8145e6272185cec481a794-150x150.jpg",150,150,true],"medium":["https:\/\/arantv.az\/wp-content\/uploads\/2019\/03\/5365566e4e8145e6272185cec481a794-300x200.jpg",300,200,true],"large":["https:\/\/arantv.az\/wp-content\/uploads\/2019\/03\/5365566e4e8145e6272185cec481a794.jpg",450,300,false],"1536x1536":["https:\/\/arantv.az\/wp-content\/uploads\/2019\/03\/5365566e4e8145e6272185cec481a794.jpg",450,300,false],"2048x2048":["https:\/\/arantv.az\/wp-content\/uploads\/2019\/03\/5365566e4e8145e6272185cec481a794.jpg",450,300,false],"post-thumbnail":["https:\/\/arantv.az\/wp-content\/uploads\/2019\/03\/5365566e4e8145e6272185cec481a794-240x172.jpg",240,172,true],"advps-thumb-one":["https:\/\/arantv.az\/wp-content\/uploads\/2019\/03\/5365566e4e8145e6272185cec481a794.jpg",450,300,false]},"rttpg_author":{"display_name":"V\u00fcsal Rafiqo\u011flu","author_link":"https:\/\/arantv.az\/?author=2"},"rttpg_comment":0,"rttpg_category":"<a href=\"https:\/\/arantv.az\/?cat=5\" rel=\"category\">Hadis\u0259<\/a>","rttpg_excerpt":"Bak\u0131-Sumqay\u0131t yolunda \u00f6l\u00fcml\u0259 n\u0259tic\u0259l\u0259n\u0259n avtoq\u0259za ba\u015f verib. ARANTV.AZ-\u0131n m\u0259lumat\u0131na g\u00f6r\u0259, Quba rayon sakini Pa\u015fayeva \u015e\u0259hla Nadir q\u0131z\u0131 \u201cKia\u201d markal\u0131 avtomobill\u0259 paytaxtdan Ab\u015feron rayonunun Masaz\u0131r q\u0259s\u0259b\u0259si istiqam\u0259tind\u0259 h\u0259r\u0259k\u0259td\u0259 olark\u0259n idar\u0259etm\u0259ni itirib. N\u0259tic\u0259d\u0259 avtomobil yol k\u0259nar\u0131ndak\u0131 beton arak\u0259sm\u0259y\u0259 v\u0259 a\u011faca \u00e7\u0131rp\u0131l\u0131b. Deformasiyaya u\u011fram\u0131\u015f avtomobild\u0259 a\u011f\u0131r x\u0259sar\u0259tl\u0259r alan \u015e.Pa\u015fayeva yerind\u0259 ke\u00e7inib. Hadis\u0259 yerin\u0259 Ab\u015feron rayon Polis \u0130dar\u0259sinin \u0259m\u0259kda\u015flar\u0131&hellip;","_links":{"self":[{"href":"https:\/\/arantv.az\/index.php?rest_route=\/wp\/v2\/posts\/44618"}],"collection":[{"href":"https:\/\/arantv.az\/index.php?rest_route=\/wp\/v2\/posts"}],"about":[{"href":"https:\/\/arantv.az\/index.php?rest_route=\/wp\/v2\/types\/post"}],"author":[{"embeddable":true,"href":"https:\/\/arantv.az\/index.php?rest_route=\/wp\/v2\/users\/2"}],"replies":[{"embeddable":true,"href":"https:\/\/arantv.az\/index.php?rest_route=%2Fwp%2Fv2%2Fcomments&post=44618"}],"version-history":[{"count":0,"href":"https:\/\/arantv.az\/index.php?rest_route=\/wp\/v2\/posts\/44618\/revisions"}],"wp:featuredmedia":[{"embeddable":true,"href":"https:\/\/arantv.az\/index.php?rest_route=\/wp\/v2\/media\/44619"}],"wp:attachment":[{"href":"https:\/\/arantv.az\/index.php?rest_route=%2Fwp%2Fv2%2Fmedia&parent=44618"}],"wp:term":[{"taxonomy":"category","embeddable":true,"href":"https:\/\/arantv.az\/index.php?rest_route=%2Fwp%2Fv2%2Fcategories&post=44618"},{"taxonomy":"post_tag","embeddable":true,"href":"https:\/\/arantv.az\/index.php?rest_route=%2Fwp%2Fv2%2Ftags&post=44618"}],"curies":[{"name":"wp","href":"https:\/\/api.w.org\/{rel}","templated":true}]}}