{"id":446249,"date":"2022-03-01T19:11:50","date_gmt":"2022-03-01T16:11:50","guid":{"rendered":"http:\/\/arantv.az\/?p=446249"},"modified":"2022-03-01T19:11:50","modified_gmt":"2022-03-01T16:11:50","slug":"kutl%c9%99vi-m%c9%99zarliqda-15-20-az%c9%99rbaycanlinin-basdirildigi-m%c9%99lum-oldu-foto","status":"publish","type":"post","link":"https:\/\/arantv.az\/?p=446249","title":{"rendered":"K\u00fctl\u0259vi m\u0259zarl\u0131qda 15-20 az\u0259rbaycanl\u0131n\u0131n basd\u0131r\u0131ld\u0131\u011f\u0131 m\u0259lum oldu \u2013 FOTO"},"content":{"rendered":"<p>Erm\u0259nistan t\u0259r\u0259find\u0259n Birinci Qaraba\u011f m\u00fcharib\u0259si d\u00f6vr\u00fcnd\u0259 \u0259sir v\u0259 girov g\u00f6t\u00fcr\u00fclm\u00fc\u015f az\u0259rbaycanl\u0131lar amans\u0131z i\u015fg\u0259nc\u0259l\u0259r\u0259 m\u0259ruz qoyulmaqla q\u0259tl\u0259 yetirilib, daha sonra onlar\u0131n n\u0259\u015fl\u0259ri k\u00fctl\u0259vi \u015f\u0259kild\u0259 basd\u0131r\u0131l\u0131b.<\/p>\n<p>Bu bar\u0259d\u0259 Ombudsman Aparat\u0131 m\u0259lumat yay\u0131b.<\/p>\n<p>Bildirilib ki, \u018fsir v\u0259 itkin d\u00fc\u015fm\u00fc\u015f, girov g\u00f6t\u00fcr\u00fclm\u00fc\u015f v\u0259t\u0259nda\u015flarla \u0259laq\u0259dar D\u00f6vl\u0259t Komissiyas\u0131n\u0131n \u0130\u015f\u00e7i qrupunun toplad\u0131\u011f\u0131 \u015fahid ifad\u0259l\u0259ri v\u0259 materiallar \u0259sas\u0131nda daha bir k\u00fctl\u0259vi m\u0259zarl\u0131q Xocav\u0259nd rayonunun Edilli k\u0259ndind\u0259 a\u015fkar edilib:<\/p>\n<p>\u201cBurada Erm\u0259nistan silahl\u0131 q\u00fcvv\u0259l\u0259ri t\u0259r\u0259find\u0259n i\u015f\u011fal d\u00f6vr\u00fcnd\u0259 girovluqda saxlan\u0131lark\u0259n q\u0259tl\u0259 yetirilmi\u015f 15-20 n\u0259f\u0259r az\u0259rbaycanl\u0131 m\u00fclki \u015f\u0259xsl\u0259rin n\u0259\u015finin 3 metr d\u0259rinlikd\u0259 basd\u0131r\u0131ld\u0131\u011f\u0131 m\u0259lum olub. Bu k\u0259ndin \u0259razisind\u0259 ba\u015fqa k\u00fctl\u0259vi m\u0259zarl\u0131qlar\u0131n da olmas\u0131 ehtimal edilir.<\/p>\n<p>Bu is\u0259 beyn\u0259lxalq h\u00fcquq v\u0259 beyn\u0259lxalq humanitar h\u00fcquq normalar\u0131n\u0131n, o c\u00fcml\u0259d\u0259n, \u201cM\u00fcharib\u0259 qurbanlar\u0131n\u0131n m\u00fcdafi\u0259si haqq\u0131nda\u201d 1949-cu il tarixli Cenevr\u0259 Konvensiyalar\u0131n\u0131n, x\u00fcsusil\u0259 d\u0259 \u201cM\u00fcharib\u0259 zaman\u0131 m\u00fclki \u0259halinin m\u00fcdafi\u0259si haqq\u0131nda\u201d Konvensiyan\u0131n v\u0259 ona dair 1977-ci il tarixli I \u018flav\u0259 Protokolun m\u00fcdd\u0259alar\u0131n\u0131n Erm\u0259nistan t\u0259r\u0259find\u0259n kobud \u015f\u0259kild\u0259 pozulmas\u0131d\u0131r.<\/p>\n<p>\u0130\u015f\u011faldan azad edilmi\u015f \u0259razil\u0259rimizd\u0259, x\u00fcsus\u0259n Xocav\u0259nd, K\u0259lb\u0259c\u0259r, A\u011fdam v\u0259 F\u00fczuli rayonlar\u0131nda, el\u0259c\u0259 d\u0259 \u015eu\u015fa \u015f\u0259h\u0259rinin \u0259traf\u0131nda bir \u00e7ox k\u00fctl\u0259vi v\u0259 f\u0259rdi m\u0259zarlar\u0131n olmas\u0131 il\u0259 ba\u011fl\u0131 m\u0259lumatlar var.<\/p>\n<p>Bu \u0259razil\u0259r minalardan t\u0259mizl\u0259ndikc\u0259 a\u015fkara \u00e7\u0131xan k\u00fctl\u0259vi m\u0259zarl\u0131qlar Erm\u0259nistan\u0131n Az\u0259rbaycanl\u0131lara qar\u015f\u0131 etnik t\u0259mizl\u0259m\u0259 v\u0259 soyq\u0131r\u0131m siyas\u0259tini, dinc insanlara qar\u015f\u0131 t\u00f6r\u0259tmi\u015f oldu\u011fu m\u00fcharib\u0259 cinay\u0259tl\u0259rini bir daha s\u00fcbut edir. B\u00fct\u00fcn bu faktlar Erm\u0259nistan\u0131n beyn\u0259lxalq h\u00fcquqi m\u0259suliyy\u0259t\u0259 c\u0259lb olunmas\u0131 \u00fc\u00e7\u00fcn \u0259sasd\u0131r.<\/p>\n<p>&nbsp;<\/p>\n<div class=\"gallery\">\n<div class=\"gallery-i\"><img src=\"https:\/\/cdn.oxu.az\/uploads\/W1siZiIsIjIwMjIvMDMvMDEvMTgvNDEvMjkvNDNlYmZmNDUtYmE0Yy00MDBiLThhZTgtMmU2OTg1ZDg5OWQzL0ZPVE8gMy5qcGciXSxbInAiLCJlbmNvZGUiLCJqcGciLCItcXVhbGl0eSA4MCJdLFsicCIsInRodW1iIiwiNTkweDU5MFx1MDAzZSJdXQ?sha=451b4b8f3d87d1c5\" alt=\"\" \/><\/p>\n<div class=\"gallery-i-caption\"><\/div>\n<\/div>\n<div class=\"gallery-i\"><img src=\"https:\/\/cdn.oxu.az\/uploads\/W1siZiIsIjIwMjIvMDMvMDEvMTgvNDEvMjkvNGEzMWNkZmItYzk4YS00MDgxLTk4M2MtNDA5ZWZkNjBlYjc0L0ZPVE8gMi5qcGciXSxbInAiLCJlbmNvZGUiLCJqcGciLCItcXVhbGl0eSA4MCJdLFsicCIsInRodW1iIiwiNTkweDU5MFx1MDAzZSJdXQ?sha=89dd3532702ad0de\" alt=\"\" \/><\/div>\n<\/div>\n","protected":false},"excerpt":{"rendered":"<p>Erm\u0259nistan t\u0259r\u0259find\u0259n Birinci Qaraba\u011f m\u00fcharib\u0259si d\u00f6vr\u00fcnd\u0259 \u0259sir v\u0259 girov g\u00f6t\u00fcr\u00fclm\u00fc\u015f az\u0259rbaycanl\u0131lar amans\u0131z i\u015fg\u0259nc\u0259l\u0259r\u0259 m\u0259ruz qoyulmaqla q\u0259tl\u0259 yetirilib, daha sonra onlar\u0131n n\u0259\u015fl\u0259ri k\u00fctl\u0259vi \u015f\u0259kild\u0259 basd\u0131r\u0131l\u0131b. Bu bar\u0259d\u0259 Ombudsman Aparat\u0131 m\u0259lumat yay\u0131b. Bildirilib ki, \u018fsir v\u0259 itkin d\u00fc\u015fm\u00fc\u015f, girov g\u00f6t\u00fcr\u00fclm\u00fc\u015f v\u0259t\u0259nda\u015flarla \u0259laq\u0259dar D\u00f6vl\u0259t Komissiyas\u0131n\u0131n \u0130\u015f\u00e7i qrupunun toplad\u0131\u011f\u0131 \u015fahid ifad\u0259l\u0259ri v\u0259 materiallar \u0259sas\u0131nda daha bir k\u00fctl\u0259vi m\u0259zarl\u0131q Xocav\u0259nd rayonunun Edilli k\u0259ndind\u0259 a\u015fkar edilib: \u201cBurada Erm\u0259nistan silahl\u0131 q\u00fcvv\u0259l\u0259ri t\u0259r\u0259find\u0259n i\u015f\u011fal d\u00f6vr\u00fcnd\u0259 girovluqda saxlan\u0131lark\u0259n q\u0259tl\u0259 yetirilmi\u015f 15-20 n\u0259f\u0259r az\u0259rbaycanl\u0131 m\u00fclki \u015f\u0259xsl\u0259rin n\u0259\u015finin 3 metr d\u0259rinlikd\u0259 basd\u0131r\u0131ld\u0131\u011f\u0131 m\u0259lum olub. Bu k\u0259ndin \u0259razisind\u0259 ba\u015fqa k\u00fctl\u0259vi m\u0259zarl\u0131qlar\u0131n da&hellip;<\/p>\n","protected":false},"author":2,"featured_media":446250,"comment_status":"closed","ping_status":"closed","sticky":false,"template":"","format":"standard","meta":{"om_disable_all_campaigns":false,"_monsterinsights_skip_tracking":false,"_monsterinsights_sitenote_active":false,"_monsterinsights_sitenote_note":"","_monsterinsights_sitenote_category":0},"categories":[1],"tags":[],"aioseo_notices":[],"gutentor_comment":0,"rttpg_featured_image_url":{"full":["https:\/\/arantv.az\/wp-content\/uploads\/2022\/03\/FotoJet-58.jpg",620,413,false],"landscape":["https:\/\/arantv.az\/wp-content\/uploads\/2022\/03\/FotoJet-58.jpg",620,413,false],"portraits":["https:\/\/arantv.az\/wp-content\/uploads\/2022\/03\/FotoJet-58.jpg",620,413,false],"thumbnail":["https:\/\/arantv.az\/wp-content\/uploads\/2022\/03\/FotoJet-58-500x280.jpg",500,280,true],"medium":["https:\/\/arantv.az\/wp-content\/uploads\/2022\/03\/FotoJet-58-548x365.jpg",548,365,true],"large":["https:\/\/arantv.az\/wp-content\/uploads\/2022\/03\/FotoJet-58.jpg",620,413,false],"1536x1536":["https:\/\/arantv.az\/wp-content\/uploads\/2022\/03\/FotoJet-58.jpg",620,413,false],"2048x2048":["https:\/\/arantv.az\/wp-content\/uploads\/2022\/03\/FotoJet-58.jpg",620,413,false],"post-thumbnail":["https:\/\/arantv.az\/wp-content\/uploads\/2022\/03\/FotoJet-58-240x172.jpg",240,172,true],"advps-thumb-one":["https:\/\/arantv.az\/wp-content\/uploads\/2022\/03\/FotoJet-58.jpg",620,413,false]},"rttpg_author":{"display_name":"V\u00fcsal Rafiqo\u011flu","author_link":"https:\/\/arantv.az\/?author=2"},"rttpg_comment":0,"rttpg_category":"<a href=\"https:\/\/arantv.az\/?cat=1\" rel=\"category\">C\u0259miyy\u0259t<\/a>","rttpg_excerpt":"Erm\u0259nistan t\u0259r\u0259find\u0259n Birinci Qaraba\u011f m\u00fcharib\u0259si d\u00f6vr\u00fcnd\u0259 \u0259sir v\u0259 girov g\u00f6t\u00fcr\u00fclm\u00fc\u015f az\u0259rbaycanl\u0131lar amans\u0131z i\u015fg\u0259nc\u0259l\u0259r\u0259 m\u0259ruz qoyulmaqla q\u0259tl\u0259 yetirilib, daha sonra onlar\u0131n n\u0259\u015fl\u0259ri k\u00fctl\u0259vi \u015f\u0259kild\u0259 basd\u0131r\u0131l\u0131b. Bu bar\u0259d\u0259 Ombudsman Aparat\u0131 m\u0259lumat yay\u0131b. Bildirilib ki, \u018fsir v\u0259 itkin d\u00fc\u015fm\u00fc\u015f, girov g\u00f6t\u00fcr\u00fclm\u00fc\u015f v\u0259t\u0259nda\u015flarla \u0259laq\u0259dar D\u00f6vl\u0259t Komissiyas\u0131n\u0131n \u0130\u015f\u00e7i qrupunun toplad\u0131\u011f\u0131 \u015fahid ifad\u0259l\u0259ri v\u0259 materiallar \u0259sas\u0131nda daha bir k\u00fctl\u0259vi m\u0259zarl\u0131q Xocav\u0259nd&hellip;","_links":{"self":[{"href":"https:\/\/arantv.az\/index.php?rest_route=\/wp\/v2\/posts\/446249"}],"collection":[{"href":"https:\/\/arantv.az\/index.php?rest_route=\/wp\/v2\/posts"}],"about":[{"href":"https:\/\/arantv.az\/index.php?rest_route=\/wp\/v2\/types\/post"}],"author":[{"embeddable":true,"href":"https:\/\/arantv.az\/index.php?rest_route=\/wp\/v2\/users\/2"}],"replies":[{"embeddable":true,"href":"https:\/\/arantv.az\/index.php?rest_route=%2Fwp%2Fv2%2Fcomments&post=446249"}],"version-history":[{"count":0,"href":"https:\/\/arantv.az\/index.php?rest_route=\/wp\/v2\/posts\/446249\/revisions"}],"wp:featuredmedia":[{"embeddable":true,"href":"https:\/\/arantv.az\/index.php?rest_route=\/wp\/v2\/media\/446250"}],"wp:attachment":[{"href":"https:\/\/arantv.az\/index.php?rest_route=%2Fwp%2Fv2%2Fmedia&parent=446249"}],"wp:term":[{"taxonomy":"category","embeddable":true,"href":"https:\/\/arantv.az\/index.php?rest_route=%2Fwp%2Fv2%2Fcategories&post=446249"},{"taxonomy":"post_tag","embeddable":true,"href":"https:\/\/arantv.az\/index.php?rest_route=%2Fwp%2Fv2%2Ftags&post=446249"}],"curies":[{"name":"wp","href":"https:\/\/api.w.org\/{rel}","templated":true}]}}