{"id":446252,"date":"2022-03-01T19:13:16","date_gmt":"2022-03-01T16:13:16","guid":{"rendered":"http:\/\/arantv.az\/?p=446252"},"modified":"2022-03-01T19:13:16","modified_gmt":"2022-03-01T16:13:16","slug":"kiyevd%c9%99n-cixarilan-az%c9%99rbaycanli-t%c9%99l%c9%99b%c9%99l%c9%99r-moldovaya-yola-salinib-video","status":"publish","type":"post","link":"https:\/\/arantv.az\/?p=446252","title":{"rendered":"Kiyevd\u0259n \u00e7\u0131xar\u0131lan az\u0259rbaycanl\u0131 t\u0259l\u0259b\u0259l\u0259r Moldovaya yola sal\u0131n\u0131b &#8211; V\u0130DEO"},"content":{"rendered":"<article class=\"news\">\n<div class=\"news-inner\">\n<p>Ukraynan\u0131n paytaxt\u0131 Kiyevd\u0259 \u00e7\u0259tin v\u0259ziyy\u0259td\u0259 qalm\u0131\u015f az\u0259rbaycanl\u0131 t\u0259l\u0259b\u0259l\u0259r Vinnitsa \u015f\u0259h\u0259rin\u0259 apar\u0131l\u0131b v\u0259 orada olan bir qrup h\u0259myerlimizl\u0259 birg\u0259 Moldovaya yola sal\u0131n\u0131b.<\/p>\n<div class=\"AdviadNativeVideo\"><\/div>\n<p>Diasporla \u0130\u015f \u00fczr\u0259 D\u00f6vl\u0259t Komit\u0259sind\u0259n veril\u0259n m\u0259lumata g\u00f6r\u0259, komendant saat\u0131 oldu\u011funa g\u00f6r\u0259 Ukraynadak\u0131 Az\u0259rbaycan diasporu t\u0259xliy\u0259 prosesinin polis ma\u015f\u0131nlar\u0131n\u0131n m\u00fc\u015fayi\u0259ti il\u0259 t\u0259hl\u00fck\u0259siz yollarla h\u0259yata ke\u00e7irilm\u0259sini t\u0259min edib.<\/p>\n<p>Soyda\u015flar\u0131m\u0131z\u0131n yax\u0131n g\u00fcnl\u0259rd\u0259 v\u0259t\u0259n\u0259 g\u0259l\u0259c\u0259yi g\u00f6zl\u0259nilir.<\/p>\n<p>Xat\u0131rladaq ki, bir ne\u00e7\u0259 g\u00fcn Kiyevd\u0259ki ya\u015fay\u0131\u015f binalar\u0131ndan birinin yeralt\u0131 avtodayanaca\u011f\u0131nda s\u0131\u011f\u0131nacaq tapan 9 az\u0259rbaycanl\u0131 t\u0259l\u0259b\u0259 t\u0259xliy\u0259 olunmalar\u0131 xahi\u015fi il\u0259 Az\u0259rbaycan d\u00f6vl\u0259tin\u0259 m\u00fcraci\u0259t edib. T\u0259l\u0259b\u0259l\u0259rl\u0259 daim \u0259laq\u0259d\u0259 olan Diasporla \u0130\u015f \u00fczr\u0259 D\u00f6vl\u0259t Komit\u0259si g\u0259ncl\u0259rin yax\u0131nlar\u0131ndan narahat olmama\u011f\u0131 xahi\u015f edir.<\/p>\n<p>Ukraynada ya\u015fayan soyda\u015flar\u0131m\u0131z\u0131n \u00f6lk\u0259y\u0259 g\u0259tirilm\u0259si f\u0259aliyy\u0259ti m\u00fcvafiq d\u00f6vl\u0259t qurumlar\u0131 il\u0259 koordinasiyal\u0131 \u015f\u0259kild\u0259 davam etdirilir.<\/p>\n<div><iframe loading=\"lazy\" src=\"https:\/\/player.baku.tv\/embed\/51089\" width=\"560\" height=\"315\" frameborder=\"0\" allowfullscreen=\"allowfullscreen\" data-mce-fragment=\"1\"><\/iframe><\/div>\n<\/div>\n<\/article>\n","protected":false},"excerpt":{"rendered":"<p>Ukraynan\u0131n paytaxt\u0131 Kiyevd\u0259 \u00e7\u0259tin v\u0259ziyy\u0259td\u0259 qalm\u0131\u015f az\u0259rbaycanl\u0131 t\u0259l\u0259b\u0259l\u0259r Vinnitsa \u015f\u0259h\u0259rin\u0259 apar\u0131l\u0131b v\u0259 orada olan bir qrup h\u0259myerlimizl\u0259 birg\u0259 Moldovaya yola sal\u0131n\u0131b. Diasporla \u0130\u015f \u00fczr\u0259 D\u00f6vl\u0259t Komit\u0259sind\u0259n veril\u0259n m\u0259lumata g\u00f6r\u0259, komendant saat\u0131 oldu\u011funa g\u00f6r\u0259 Ukraynadak\u0131 Az\u0259rbaycan diasporu t\u0259xliy\u0259 prosesinin polis ma\u015f\u0131nlar\u0131n\u0131n m\u00fc\u015fayi\u0259ti il\u0259 t\u0259hl\u00fck\u0259siz yollarla h\u0259yata ke\u00e7irilm\u0259sini t\u0259min edib. Soyda\u015flar\u0131m\u0131z\u0131n yax\u0131n g\u00fcnl\u0259rd\u0259 v\u0259t\u0259n\u0259 g\u0259l\u0259c\u0259yi g\u00f6zl\u0259nilir. Xat\u0131rladaq ki, bir ne\u00e7\u0259 g\u00fcn Kiyevd\u0259ki ya\u015fay\u0131\u015f binalar\u0131ndan birinin yeralt\u0131 avtodayanaca\u011f\u0131nda s\u0131\u011f\u0131nacaq tapan 9 az\u0259rbaycanl\u0131 t\u0259l\u0259b\u0259 t\u0259xliy\u0259 olunmalar\u0131 xahi\u015fi il\u0259 Az\u0259rbaycan d\u00f6vl\u0259tin\u0259 m\u00fcraci\u0259t edib. T\u0259l\u0259b\u0259l\u0259rl\u0259 daim \u0259laq\u0259d\u0259 olan Diasporla \u0130\u015f \u00fczr\u0259 D\u00f6vl\u0259t Komit\u0259si g\u0259ncl\u0259rin yax\u0131nlar\u0131ndan narahat&hellip;<\/p>\n","protected":false},"author":2,"featured_media":446253,"comment_status":"closed","ping_status":"closed","sticky":false,"template":"","format":"standard","meta":{"om_disable_all_campaigns":false,"_monsterinsights_skip_tracking":false,"_monsterinsights_sitenote_active":false,"_monsterinsights_sitenote_note":"","_monsterinsights_sitenote_category":0},"categories":[1],"tags":[],"aioseo_notices":[],"gutentor_comment":0,"rttpg_featured_image_url":{"full":["https:\/\/arantv.az\/wp-content\/uploads\/2022\/03\/FotoJet-61.jpg",620,413,false],"landscape":["https:\/\/arantv.az\/wp-content\/uploads\/2022\/03\/FotoJet-61.jpg",620,413,false],"portraits":["https:\/\/arantv.az\/wp-content\/uploads\/2022\/03\/FotoJet-61.jpg",620,413,false],"thumbnail":["https:\/\/arantv.az\/wp-content\/uploads\/2022\/03\/FotoJet-61-500x280.jpg",500,280,true],"medium":["https:\/\/arantv.az\/wp-content\/uploads\/2022\/03\/FotoJet-61-548x365.jpg",548,365,true],"large":["https:\/\/arantv.az\/wp-content\/uploads\/2022\/03\/FotoJet-61.jpg",620,413,false],"1536x1536":["https:\/\/arantv.az\/wp-content\/uploads\/2022\/03\/FotoJet-61.jpg",620,413,false],"2048x2048":["https:\/\/arantv.az\/wp-content\/uploads\/2022\/03\/FotoJet-61.jpg",620,413,false],"post-thumbnail":["https:\/\/arantv.az\/wp-content\/uploads\/2022\/03\/FotoJet-61-240x172.jpg",240,172,true],"advps-thumb-one":["https:\/\/arantv.az\/wp-content\/uploads\/2022\/03\/FotoJet-61.jpg",620,413,false]},"rttpg_author":{"display_name":"V\u00fcsal Rafiqo\u011flu","author_link":"https:\/\/arantv.az\/?author=2"},"rttpg_comment":0,"rttpg_category":"<a href=\"https:\/\/arantv.az\/?cat=1\" rel=\"category\">C\u0259miyy\u0259t<\/a>","rttpg_excerpt":"Ukraynan\u0131n paytaxt\u0131 Kiyevd\u0259 \u00e7\u0259tin v\u0259ziyy\u0259td\u0259 qalm\u0131\u015f az\u0259rbaycanl\u0131 t\u0259l\u0259b\u0259l\u0259r Vinnitsa \u015f\u0259h\u0259rin\u0259 apar\u0131l\u0131b v\u0259 orada olan bir qrup h\u0259myerlimizl\u0259 birg\u0259 Moldovaya yola sal\u0131n\u0131b. Diasporla \u0130\u015f \u00fczr\u0259 D\u00f6vl\u0259t Komit\u0259sind\u0259n veril\u0259n m\u0259lumata g\u00f6r\u0259, komendant saat\u0131 oldu\u011funa g\u00f6r\u0259 Ukraynadak\u0131 Az\u0259rbaycan diasporu t\u0259xliy\u0259 prosesinin polis ma\u015f\u0131nlar\u0131n\u0131n m\u00fc\u015fayi\u0259ti il\u0259 t\u0259hl\u00fck\u0259siz yollarla h\u0259yata ke\u00e7irilm\u0259sini t\u0259min edib. Soyda\u015flar\u0131m\u0131z\u0131n yax\u0131n g\u00fcnl\u0259rd\u0259 v\u0259t\u0259n\u0259 g\u0259l\u0259c\u0259yi g\u00f6zl\u0259nilir. Xat\u0131rladaq&hellip;","_links":{"self":[{"href":"https:\/\/arantv.az\/index.php?rest_route=\/wp\/v2\/posts\/446252"}],"collection":[{"href":"https:\/\/arantv.az\/index.php?rest_route=\/wp\/v2\/posts"}],"about":[{"href":"https:\/\/arantv.az\/index.php?rest_route=\/wp\/v2\/types\/post"}],"author":[{"embeddable":true,"href":"https:\/\/arantv.az\/index.php?rest_route=\/wp\/v2\/users\/2"}],"replies":[{"embeddable":true,"href":"https:\/\/arantv.az\/index.php?rest_route=%2Fwp%2Fv2%2Fcomments&post=446252"}],"version-history":[{"count":0,"href":"https:\/\/arantv.az\/index.php?rest_route=\/wp\/v2\/posts\/446252\/revisions"}],"wp:featuredmedia":[{"embeddable":true,"href":"https:\/\/arantv.az\/index.php?rest_route=\/wp\/v2\/media\/446253"}],"wp:attachment":[{"href":"https:\/\/arantv.az\/index.php?rest_route=%2Fwp%2Fv2%2Fmedia&parent=446252"}],"wp:term":[{"taxonomy":"category","embeddable":true,"href":"https:\/\/arantv.az\/index.php?rest_route=%2Fwp%2Fv2%2Fcategories&post=446252"},{"taxonomy":"post_tag","embeddable":true,"href":"https:\/\/arantv.az\/index.php?rest_route=%2Fwp%2Fv2%2Ftags&post=446252"}],"curies":[{"name":"wp","href":"https:\/\/api.w.org\/{rel}","templated":true}]}}