{"id":446259,"date":"2022-03-01T19:17:32","date_gmt":"2022-03-01T16:17:32","guid":{"rendered":"http:\/\/arantv.az\/?p=446259"},"modified":"2022-03-01T19:17:32","modified_gmt":"2022-03-01T16:17:32","slug":"kuleba-b%c9%99zi-olk%c9%99l%c9%99r-ukraynani-silahla-t%c9%99min-etm%c9%99k-bar%c9%99d%c9%99-fovq%c9%99lad%c9%99-q%c9%99rarlar-q%c9%99bul-edib","status":"publish","type":"post","link":"https:\/\/arantv.az\/?p=446259","title":{"rendered":"Kuleba: \u201cB\u0259zi \u00f6lk\u0259l\u0259r Ukraynan\u0131 silahla t\u0259min etm\u0259k bar\u0259d\u0259 f\u00f6vq\u0259lad\u0259 q\u0259rarlar q\u0259bul edib\u201d"},"content":{"rendered":"<p>Ukraynan\u0131n xarici i\u015fl\u0259r naziri Dmitri Kuleba bildirib ki, b\u0259zi \u00f6lk\u0259l\u0259r Ukraynan\u0131 silahla t\u0259min etm\u0259k \u00fc\u00e7\u00fcn misli g\u00f6r\u00fcnm\u0259mi\u015f q\u0259rarlar q\u0259bul edib. Bel\u0259 ki, h\u0259min \u00f6lk\u0259l\u0259r \u0259vv\u0259ll\u0259r he\u00e7 kim\u0259 silah verm\u0259yib.<\/p>\n<p>O, bu bar\u0259d\u0259 onlayn brifinq zaman\u0131 dan\u0131\u015f\u0131b.<\/p>\n<div class=\"AdviadNativeVideo\"><\/div>\n<p>Xarici \u0130\u015fl\u0259r Nazirliyinin r\u0259hb\u0259ri qeyd edib ki, bit\u0259r\u0259f Finlandiya \u0259vv\u0259ll\u0259r d\u00fcnyan\u0131n he\u00e7 bir \u00f6lk\u0259sin\u0259 h\u0259rbi yard\u0131m g\u00f6st\u0259rm\u0259yib. \u0130ndi is\u0259 \u00f6z tarixind\u0259 ilk d\u0259f\u0259 olaraq Ukraynaya bel\u0259 yard\u0131m g\u00f6st\u0259rm\u0259k q\u0259rar\u0131na g\u0259lib.<\/p>\n<p>\u0130sve\u00e7 v\u0259 Norve\u00e7 d\u0259 Ukraynaya k\u00f6m\u0259k ed\u0259c\u0259kl\u0259rini b\u0259yan edib.<\/p>\n<p>\u201cKi\u00e7ik, lakin q\u00fcrurlu \u00f6lk\u0259 olan L\u00fcksemburq Ukraynan\u0131 m\u00fcasir tank \u0259leyhin\u0259 silahlarla t\u0259min edir. Neytral Avstriya d\u0259bilq\u0259l\u0259r, qoruyucu jiletl\u0259r g\u00f6nd\u0259rir\u201d, &#8211; nazir \u0259lav\u0259 edib.<\/p>\n<p>\u201cM\u00fcbariz\u0259ni davam etdirm\u0259k \u00fc\u00e7\u00fcn h\u0259r c\u00fcr \u0259sas\u0131m\u0131z var. M\u00fcqavim\u0259ti davam etdirm\u0259liyik\u201d, &#8211; Kuleba vur\u011fulay\u0131b.<\/p>\n<p>M\u0259nb\u0259: \u201cUnian\u201d<\/p>\n","protected":false},"excerpt":{"rendered":"<p>Ukraynan\u0131n xarici i\u015fl\u0259r naziri Dmitri Kuleba bildirib ki, b\u0259zi \u00f6lk\u0259l\u0259r Ukraynan\u0131 silahla t\u0259min etm\u0259k \u00fc\u00e7\u00fcn misli g\u00f6r\u00fcnm\u0259mi\u015f q\u0259rarlar q\u0259bul edib. Bel\u0259 ki, h\u0259min \u00f6lk\u0259l\u0259r \u0259vv\u0259ll\u0259r he\u00e7 kim\u0259 silah verm\u0259yib. O, bu bar\u0259d\u0259 onlayn brifinq zaman\u0131 dan\u0131\u015f\u0131b. Xarici \u0130\u015fl\u0259r Nazirliyinin r\u0259hb\u0259ri qeyd edib ki, bit\u0259r\u0259f Finlandiya \u0259vv\u0259ll\u0259r d\u00fcnyan\u0131n he\u00e7 bir \u00f6lk\u0259sin\u0259 h\u0259rbi yard\u0131m g\u00f6st\u0259rm\u0259yib. \u0130ndi is\u0259 \u00f6z tarixind\u0259 ilk d\u0259f\u0259 olaraq Ukraynaya bel\u0259 yard\u0131m g\u00f6st\u0259rm\u0259k q\u0259rar\u0131na g\u0259lib. \u0130sve\u00e7 v\u0259 Norve\u00e7 d\u0259 Ukraynaya k\u00f6m\u0259k ed\u0259c\u0259kl\u0259rini b\u0259yan edib. \u201cKi\u00e7ik, lakin q\u00fcrurlu \u00f6lk\u0259 olan L\u00fcksemburq Ukraynan\u0131 m\u00fcasir tank \u0259leyhin\u0259 silahlarla t\u0259min edir. Neytral Avstriya&hellip;<\/p>\n","protected":false},"author":2,"featured_media":446260,"comment_status":"closed","ping_status":"closed","sticky":false,"template":"","format":"standard","meta":{"om_disable_all_campaigns":false,"_monsterinsights_skip_tracking":false,"_monsterinsights_sitenote_active":false,"_monsterinsights_sitenote_note":"","_monsterinsights_sitenote_category":0},"categories":[7],"tags":[],"aioseo_notices":[],"gutentor_comment":0,"rttpg_featured_image_url":{"full":["https:\/\/arantv.az\/wp-content\/uploads\/2022\/03\/274727143_942276296427663_8007874056378638640_n.jpg",620,413,false],"landscape":["https:\/\/arantv.az\/wp-content\/uploads\/2022\/03\/274727143_942276296427663_8007874056378638640_n.jpg",620,413,false],"portraits":["https:\/\/arantv.az\/wp-content\/uploads\/2022\/03\/274727143_942276296427663_8007874056378638640_n.jpg",620,413,false],"thumbnail":["https:\/\/arantv.az\/wp-content\/uploads\/2022\/03\/274727143_942276296427663_8007874056378638640_n-500x280.jpg",500,280,true],"medium":["https:\/\/arantv.az\/wp-content\/uploads\/2022\/03\/274727143_942276296427663_8007874056378638640_n-548x365.jpg",548,365,true],"large":["https:\/\/arantv.az\/wp-content\/uploads\/2022\/03\/274727143_942276296427663_8007874056378638640_n.jpg",620,413,false],"1536x1536":["https:\/\/arantv.az\/wp-content\/uploads\/2022\/03\/274727143_942276296427663_8007874056378638640_n.jpg",620,413,false],"2048x2048":["https:\/\/arantv.az\/wp-content\/uploads\/2022\/03\/274727143_942276296427663_8007874056378638640_n.jpg",620,413,false],"post-thumbnail":["https:\/\/arantv.az\/wp-content\/uploads\/2022\/03\/274727143_942276296427663_8007874056378638640_n-240x172.jpg",240,172,true],"advps-thumb-one":["https:\/\/arantv.az\/wp-content\/uploads\/2022\/03\/274727143_942276296427663_8007874056378638640_n.jpg",620,413,false]},"rttpg_author":{"display_name":"V\u00fcsal Rafiqo\u011flu","author_link":"https:\/\/arantv.az\/?author=2"},"rttpg_comment":0,"rttpg_category":"<a href=\"https:\/\/arantv.az\/?cat=7\" rel=\"category\">D\u00fcnya<\/a>","rttpg_excerpt":"Ukraynan\u0131n xarici i\u015fl\u0259r naziri Dmitri Kuleba bildirib ki, b\u0259zi \u00f6lk\u0259l\u0259r Ukraynan\u0131 silahla t\u0259min etm\u0259k \u00fc\u00e7\u00fcn misli g\u00f6r\u00fcnm\u0259mi\u015f q\u0259rarlar q\u0259bul edib. Bel\u0259 ki, h\u0259min \u00f6lk\u0259l\u0259r \u0259vv\u0259ll\u0259r he\u00e7 kim\u0259 silah verm\u0259yib. O, bu bar\u0259d\u0259 onlayn brifinq zaman\u0131 dan\u0131\u015f\u0131b. Xarici \u0130\u015fl\u0259r Nazirliyinin r\u0259hb\u0259ri qeyd edib ki, bit\u0259r\u0259f Finlandiya \u0259vv\u0259ll\u0259r d\u00fcnyan\u0131n he\u00e7 bir \u00f6lk\u0259sin\u0259 h\u0259rbi yard\u0131m g\u00f6st\u0259rm\u0259yib. \u0130ndi is\u0259&hellip;","_links":{"self":[{"href":"https:\/\/arantv.az\/index.php?rest_route=\/wp\/v2\/posts\/446259"}],"collection":[{"href":"https:\/\/arantv.az\/index.php?rest_route=\/wp\/v2\/posts"}],"about":[{"href":"https:\/\/arantv.az\/index.php?rest_route=\/wp\/v2\/types\/post"}],"author":[{"embeddable":true,"href":"https:\/\/arantv.az\/index.php?rest_route=\/wp\/v2\/users\/2"}],"replies":[{"embeddable":true,"href":"https:\/\/arantv.az\/index.php?rest_route=%2Fwp%2Fv2%2Fcomments&post=446259"}],"version-history":[{"count":0,"href":"https:\/\/arantv.az\/index.php?rest_route=\/wp\/v2\/posts\/446259\/revisions"}],"wp:featuredmedia":[{"embeddable":true,"href":"https:\/\/arantv.az\/index.php?rest_route=\/wp\/v2\/media\/446260"}],"wp:attachment":[{"href":"https:\/\/arantv.az\/index.php?rest_route=%2Fwp%2Fv2%2Fmedia&parent=446259"}],"wp:term":[{"taxonomy":"category","embeddable":true,"href":"https:\/\/arantv.az\/index.php?rest_route=%2Fwp%2Fv2%2Fcategories&post=446259"},{"taxonomy":"post_tag","embeddable":true,"href":"https:\/\/arantv.az\/index.php?rest_route=%2Fwp%2Fv2%2Ftags&post=446259"}],"curies":[{"name":"wp","href":"https:\/\/api.w.org\/{rel}","templated":true}]}}