{"id":446265,"date":"2022-03-01T19:19:28","date_gmt":"2022-03-01T16:19:28","guid":{"rendered":"http:\/\/arantv.az\/?p=446265"},"modified":"2022-03-01T19:19:28","modified_gmt":"2022-03-01T16:19:28","slug":"rusiya-v%c9%99-ukrayna-arasinda-ilk-d%c9%99f%c9%99-%c9%99sir-mubadil%c9%99si-olub-video","status":"publish","type":"post","link":"https:\/\/arantv.az\/?p=446265","title":{"rendered":"Rusiya v\u0259 Ukrayna aras\u0131nda ilk d\u0259f\u0259 \u0259sir m\u00fcbadil\u0259si olub &#8211; V\u0130DEO"},"content":{"rendered":"<p>Ukraynan\u0131n Sum\u0131 vilay\u0259tind\u0259 \u0259sirl\u0259rin m\u00fcbadil\u0259si \u00fc\u00e7\u00fcn \u201cya\u015f\u0131l d\u0259hliz\u201d t\u0259\u015fkil edilib.<\/p>\n<div class=\"AdviadNativeVideo\"><\/div>\n<p>Bunu Sum\u0131 Regional D\u00f6vl\u0259t Administrasiyas\u0131n\u0131n r\u0259hb\u0259ri Dmitri Jivitski deyib.<\/p>\n<p>\u201cYa\u015f\u0131l d\u0259hliz\u201din yarad\u0131lmas\u0131 il\u0259 ba\u011fl\u0131 q\u0259rar\u0131 Ukrayna prezidenti Volodimir\u00a0Zelenski verib.<\/p>\n<p>Jivitski \u201cTeleqram\u201dda ilk qaytar\u0131lan \u0259sirl\u0259ri n\u00fcmayi\u015f etdirib. Be\u015f Ukrayna \u0259sg\u0259ri bir Rusiya h\u0259rbi polisi zabiti il\u0259 d\u0259yi\u015fdirilib.<\/p>\n<div><iframe loading=\"lazy\" src=\"https:\/\/player.baku.tv\/embed\/51091\" width=\"560\" height=\"315\" frameborder=\"0\" allowfullscreen=\"allowfullscreen\" data-mce-fragment=\"1\"><\/iframe><\/div>\n<p>M\u0259nb\u0259: \u201cUnian\u201d<\/p>\n","protected":false},"excerpt":{"rendered":"<p>Ukraynan\u0131n Sum\u0131 vilay\u0259tind\u0259 \u0259sirl\u0259rin m\u00fcbadil\u0259si \u00fc\u00e7\u00fcn \u201cya\u015f\u0131l d\u0259hliz\u201d t\u0259\u015fkil edilib. Bunu Sum\u0131 Regional D\u00f6vl\u0259t Administrasiyas\u0131n\u0131n r\u0259hb\u0259ri Dmitri Jivitski deyib. \u201cYa\u015f\u0131l d\u0259hliz\u201din yarad\u0131lmas\u0131 il\u0259 ba\u011fl\u0131 q\u0259rar\u0131 Ukrayna prezidenti Volodimir\u00a0Zelenski verib. Jivitski \u201cTeleqram\u201dda ilk qaytar\u0131lan \u0259sirl\u0259ri n\u00fcmayi\u015f etdirib. Be\u015f Ukrayna \u0259sg\u0259ri bir Rusiya h\u0259rbi polisi zabiti il\u0259 d\u0259yi\u015fdirilib. M\u0259nb\u0259: \u201cUnian\u201d<\/p>\n","protected":false},"author":2,"featured_media":446266,"comment_status":"closed","ping_status":"closed","sticky":false,"template":"","format":"standard","meta":{"om_disable_all_campaigns":false,"_monsterinsights_skip_tracking":false,"_monsterinsights_sitenote_active":false,"_monsterinsights_sitenote_note":"","_monsterinsights_sitenote_category":0},"categories":[7],"tags":[],"aioseo_notices":[],"gutentor_comment":0,"rttpg_featured_image_url":{"full":["https:\/\/arantv.az\/wp-content\/uploads\/2022\/03\/FotoJet-20.jpg",620,413,false],"landscape":["https:\/\/arantv.az\/wp-content\/uploads\/2022\/03\/FotoJet-20.jpg",620,413,false],"portraits":["https:\/\/arantv.az\/wp-content\/uploads\/2022\/03\/FotoJet-20.jpg",620,413,false],"thumbnail":["https:\/\/arantv.az\/wp-content\/uploads\/2022\/03\/FotoJet-20-500x280.jpg",500,280,true],"medium":["https:\/\/arantv.az\/wp-content\/uploads\/2022\/03\/FotoJet-20-548x365.jpg",548,365,true],"large":["https:\/\/arantv.az\/wp-content\/uploads\/2022\/03\/FotoJet-20.jpg",620,413,false],"1536x1536":["https:\/\/arantv.az\/wp-content\/uploads\/2022\/03\/FotoJet-20.jpg",620,413,false],"2048x2048":["https:\/\/arantv.az\/wp-content\/uploads\/2022\/03\/FotoJet-20.jpg",620,413,false],"post-thumbnail":["https:\/\/arantv.az\/wp-content\/uploads\/2022\/03\/FotoJet-20-240x172.jpg",240,172,true],"advps-thumb-one":["https:\/\/arantv.az\/wp-content\/uploads\/2022\/03\/FotoJet-20.jpg",620,413,false]},"rttpg_author":{"display_name":"V\u00fcsal Rafiqo\u011flu","author_link":"https:\/\/arantv.az\/?author=2"},"rttpg_comment":0,"rttpg_category":"<a href=\"https:\/\/arantv.az\/?cat=7\" rel=\"category\">D\u00fcnya<\/a>","rttpg_excerpt":"Ukraynan\u0131n Sum\u0131 vilay\u0259tind\u0259 \u0259sirl\u0259rin m\u00fcbadil\u0259si \u00fc\u00e7\u00fcn \u201cya\u015f\u0131l d\u0259hliz\u201d t\u0259\u015fkil edilib. Bunu Sum\u0131 Regional D\u00f6vl\u0259t Administrasiyas\u0131n\u0131n r\u0259hb\u0259ri Dmitri Jivitski deyib. \u201cYa\u015f\u0131l d\u0259hliz\u201din yarad\u0131lmas\u0131 il\u0259 ba\u011fl\u0131 q\u0259rar\u0131 Ukrayna prezidenti Volodimir\u00a0Zelenski verib. Jivitski \u201cTeleqram\u201dda ilk qaytar\u0131lan \u0259sirl\u0259ri n\u00fcmayi\u015f etdirib. Be\u015f Ukrayna \u0259sg\u0259ri bir Rusiya h\u0259rbi polisi zabiti il\u0259 d\u0259yi\u015fdirilib. M\u0259nb\u0259: \u201cUnian\u201d","_links":{"self":[{"href":"https:\/\/arantv.az\/index.php?rest_route=\/wp\/v2\/posts\/446265"}],"collection":[{"href":"https:\/\/arantv.az\/index.php?rest_route=\/wp\/v2\/posts"}],"about":[{"href":"https:\/\/arantv.az\/index.php?rest_route=\/wp\/v2\/types\/post"}],"author":[{"embeddable":true,"href":"https:\/\/arantv.az\/index.php?rest_route=\/wp\/v2\/users\/2"}],"replies":[{"embeddable":true,"href":"https:\/\/arantv.az\/index.php?rest_route=%2Fwp%2Fv2%2Fcomments&post=446265"}],"version-history":[{"count":0,"href":"https:\/\/arantv.az\/index.php?rest_route=\/wp\/v2\/posts\/446265\/revisions"}],"wp:featuredmedia":[{"embeddable":true,"href":"https:\/\/arantv.az\/index.php?rest_route=\/wp\/v2\/media\/446266"}],"wp:attachment":[{"href":"https:\/\/arantv.az\/index.php?rest_route=%2Fwp%2Fv2%2Fmedia&parent=446265"}],"wp:term":[{"taxonomy":"category","embeddable":true,"href":"https:\/\/arantv.az\/index.php?rest_route=%2Fwp%2Fv2%2Fcategories&post=446265"},{"taxonomy":"post_tag","embeddable":true,"href":"https:\/\/arantv.az\/index.php?rest_route=%2Fwp%2Fv2%2Ftags&post=446265"}],"curies":[{"name":"wp","href":"https:\/\/api.w.org\/{rel}","templated":true}]}}