{"id":446296,"date":"2022-03-01T19:37:03","date_gmt":"2022-03-01T16:37:03","guid":{"rendered":"http:\/\/arantv.az\/?p=446296"},"modified":"2022-03-01T19:37:03","modified_gmt":"2022-03-01T16:37:03","slug":"az%c9%99rbaycan-dunyada-soz-sahibin%c9%99-etibarli-t%c9%99r%c9%99fdasa-v%c9%99-modern-dovl%c9%99t%c9%99-cevrilib","status":"publish","type":"post","link":"https:\/\/arantv.az\/?p=446296","title":{"rendered":"Az\u0259rbaycan d\u00fcnyada s\u00f6z sahibin\u0259, etibarl\u0131 t\u0259r\u0259fda\u015fa v\u0259 modern d\u00f6vl\u0259t\u0259 \u00e7evrilib"},"content":{"rendered":"<p>Fevral\u0131n 25-d\u0259 BMT Ba\u015f Assambleyas\u0131n\u0131n s\u0259drinin t\u0259\u015fkil etdiyi \u201cUniversal peyv\u0259ndl\u0259nm\u0259 \u00fc\u00e7\u00fcn s\u0259yl\u0259rin art\u0131r\u0131lmas\u0131\u201d m\u00f6vzusunda y\u00fcks\u0259k s\u0259viyy\u0259li tematik m\u00fczakir\u0259l\u0259r x\u00fcsusi \u0259h\u0259miyy\u0259t k\u0259sb ed\u0259n ali toplant\u0131 kimi d\u0259y\u0259rl\u0259ndirilm\u0259lidir. M\u0259lum oldu\u011fu kimi, bu t\u0259dbird\u0259 Az\u0259rbaycan Prezidenti c\u0259nab \u0130lham \u018fliyev h\u0259m milli kontekstd\u0259n, h\u0259m d\u0259 Qo\u015fulmama H\u0259r\u0259kat\u0131n\u0131n s\u0259dri kimi H\u0259r\u0259kata \u00fczv d\u00f6vl\u0259tl\u0259r ad\u0131ndan videoformatda \u00e7\u0131x\u0131\u015f edib.<\/p>\n<p>Diplomatik m\u00fcst\u0259vid\u0259 apar\u0131lan u\u011furlu siyas\u0259t n\u0259tic\u0259sind\u0259 Az\u0259rbaycan bir \u00e7ox d\u00f6vl\u0259tl\u0259ri \u00f6z\u00fcnd\u0259 birl\u0259\u015fdir\u0259n Qo\u015fulmama H\u0259r\u0259kat\u0131n\u0131n (QH) 2019-2022-ci ill\u0259rd\u0259 d\u0259 s\u0259dridir. Qo\u015fulmama H\u0259r\u0259kat\u0131 haz\u0131rda beyn\u0259lxalq m\u00fcnasib\u0259tl\u0259rin t\u0259nziml\u0259nm\u0259sind\u0259 i\u015ftirak ed\u0259n m\u00fch\u00fcm \u00e7oxt\u0259r\u0259fli mexanizml\u0259rd\u0259n birin\u0259 \u00e7evrilmi\u015fdir. \u018fsas m\u0259qs\u0259di beyn\u0259lxalq h\u00fcquqa h\u00f6rm\u0259t \u0259sas\u0131nda d\u00fcnyada s\u00fclh, t\u0259hl\u00fck\u0259sizlik v\u0259 inki\u015fafa yard\u0131m etm\u0259k olan Qo\u015fulmama H\u0259r\u0259kat\u0131 konkret tarixi kontekstd\u0259 yaranmas\u0131na baxmayaraq, m\u00fcasir d\u00fcnyada da \u00f6z aktuall\u0131\u011f\u0131n\u0131 itirmir v\u0259 H\u0259r\u0259kat daxilind\u0259 raz\u0131la\u015fd\u0131r\u0131lm\u0131\u015f m\u00f6vqe BMT Ba\u015f Assambleyas\u0131 \u00e7\u0259r\u00e7iv\u0259sind\u0259 q\u0259rarlar\u0131n q\u0259buluna t\u0259sir bax\u0131m\u0131ndan \u0259h\u0259miyy\u0259tli rol oynay\u0131r. Az\u0259rbaycan Respublikas\u0131 2011-ci ild\u0259n Qo\u015fulmama H\u0259r\u0259kat\u0131n\u0131n \u00fczv\u00fcd\u00fcr.<\/p>\n<p>Pandemiyan\u0131n ba\u015flad\u0131\u011f\u0131 d\u00f6vrd\u0259n Qo\u015fulmama H\u0259r\u0259kat\u0131 multilateralizm, \u0259m\u0259kda\u015fl\u0131q v\u0259 h\u0259mr\u0259ylik ruhunda geni\u015f beyn\u0259lxalq ictimaiyy\u0259tin s\u0259yl\u0259rini f\u0259al \u015f\u0259kild\u0259 s\u0259f\u0259rb\u0259r ed\u0259r\u0259k, pandemiya il\u0259 m\u00fcbariz\u0259 v\u0259 onun m\u0259nfi n\u0259tic\u0259l\u0259rinin aradan qald\u0131r\u0131lmas\u0131 bax\u0131m\u0131ndan bir s\u0131ra u\u011furlu t\u0259\u015f\u0259bb\u00fcsl\u0259r ir\u0259li s\u00fcrm\u00fc\u015fd\u00fcr. 2020-ci ilin dekabr\u0131nda BMT Ba\u015f Assambleyas\u0131n\u0131n COVID-19 pandemiyas\u0131 il\u0259 m\u00fcbariz\u0259y\u0259 h\u0259sr edilmi\u015f X\u00fcsusi Sessiyas\u0131n\u0131n ke\u00e7irilm\u0259si, habel\u0259 \u00f6t\u0259n ilin mart v\u0259 dekabr aylar\u0131nda \u0130nsan H\u00fcquqlar\u0131 \u015euras\u0131 v\u0259 Ba\u015f Assambleya t\u0259r\u0259find\u0259n q\u0259bul edilmi\u015f \u201cCOVID-19 pandemiyas\u0131 il\u0259 m\u00fcbariz\u0259d\u0259 b\u00fct\u00fcn \u00f6lk\u0259l\u0259r \u00fc\u00e7\u00fcn peyv\u0259ndl\u0259r\u0259 b\u0259rab\u0259r, m\u0259qbul qiym\u0259t\u0259, vaxt\u0131nda v\u0259 universal \u0259l\u00e7atanl\u0131\u011f\u0131n t\u0259min edilm\u0259si\u201dn\u0259 dair q\u0259tnam\u0259l\u0259r Qo\u015fulmama H\u0259r\u0259kat\u0131na \u00fczv d\u00f6vl\u0259tl\u0259r ad\u0131ndan ir\u0259li s\u00fcr\u00fclm\u00fc\u015fd\u00fcr.<\/p>\n<p>Az\u0259rbaycan pandemiya, \u201cpeyv\u0259nd mill\u0259t\u00e7iliyi\u201d v\u0259 peyv\u0259ndl\u0259rd\u0259n istifad\u0259 il\u0259 ba\u011fl\u0131 inki\u015faf etmi\u015f v\u0259 inki\u015faf etm\u0259kd\u0259 olan \u00f6lk\u0259l\u0259r aras\u0131nda qeyri-b\u0259rab\u0259rliy\u0259 qar\u015f\u0131 beyn\u0259lxalq h\u0259mr\u0259yliyin g\u00fccl\u0259ndirilm\u0259si istiqam\u0259tind\u0259 vacib qlobal t\u0259\u015f\u0259bb\u00fcsl\u0259rl\u0259 \u00e7\u0131x\u0131\u015f edib. BMT Ba\u015f Assambleyas\u0131n\u0131n X\u00fcsusi Sessiyas\u0131, peyv\u0259ndl\u0259rd\u0259n b\u0259rab\u0259r v\u0259 universal istifad\u0259nin t\u0259min edilm\u0259sin\u0259 dair q\u0259tnam\u0259l\u0259r bunun bariz n\u00fcmun\u0259sidir.<\/p>\n<p>H\u0259mr\u0259ylik \u0259lam\u0259ti olaraq, koronavirusla m\u00fcbariz\u0259ni d\u0259st\u0259kl\u0259m\u0259k m\u0259qs\u0259dil\u0259 Az\u0259rbaycan birba\u015fa v\u0259 ya \u00dcmumd\u00fcnya S\u0259hiyy\u0259 T\u0259\u015fkilat\u0131 vasit\u0259sil\u0259 80-\u0259 q\u0259d\u0259r \u00f6lk\u0259y\u0259 maliyy\u0259 v\u0259 humanitar yard\u0131m\u0131 etmi\u015fdir. Bununla yana\u015f\u0131, 5 \u00f6lk\u0259y\u0259 peyv\u0259nd ian\u0259si edilib v\u0259 bu i\u015f davam etdiril\u0259c\u0259k. Haz\u0131rda Qo\u015fulmama H\u0259r\u0259kat\u0131na \u00fczv olan 14 \u00f6lk\u0259y\u0259 t\u0259qrib\u0259n bir milyon doza peyv\u0259ndin ian\u0259 edilm\u0259si prosesi davam edir.<\/p>\n<p>COVID-19 pandemiyas\u0131 kimi qlobal f\u00f6vq\u0259lad\u0259 v\u0259ziyy\u0259t qlobal yana\u015fma t\u0259l\u0259b edir. Lakin az v\u0259 orta g\u0259lirli \u00f6lk\u0259l\u0259rd\u0259 peyv\u0259ndl\u0259rin t\u0259dar\u00fck\u00fcn\u00fcn a\u015fa\u011f\u0131 s\u0259viyy\u0259d\u0259 olmas\u0131 bu bax\u0131mdan h\u0259l\u0259 d\u0259 \u00e7ox i\u015fl\u0259rin g\u00f6r\u00fclm\u0259li oldu\u011funu g\u00f6st\u0259rir. COVID-19 peyv\u0259ndl\u0259rinin b\u00f6lg\u00fcs\u00fc bax\u0131m\u0131ndan inki\u015faf etm\u0259kd\u0259 olan \u00f6lk\u0259l\u0259rl\u0259 inki\u015faf etmi\u015f \u00f6lk\u0259l\u0259r aras\u0131nda qeyri-b\u0259rab\u0259rlik beyn\u0259lxalq ictimaiyy\u0259tin q\u0131sa zamanda pandemiyan\u0131n tamamil\u0259 aradan qald\u0131r\u0131lmas\u0131na nail olmas\u0131n\u0131n qar\u015f\u0131s\u0131n\u0131 al\u0131r.<\/p>\n<p>S\u0259hiyy\u0259 sisteminin davaml\u0131 f\u0259aliyy\u0259tinin t\u0259min edilm\u0259si v\u0259 pandemiya il\u0259 m\u00fcbariz\u0259d\u0259 s\u0259m\u0259r\u0259li add\u0131mlar\u0131n at\u0131lmas\u0131 \u00fc\u00e7\u00fcn \u0259sas s\u0259hiyy\u0259 xidm\u0259tl\u0259rinin b\u00fct\u00fcn m\u00fcvafiq aspektl\u0259rinin g\u00fccl\u0259ndirilm\u0259si vacibdir.<\/p>\n<p>Qo\u015fulmama H\u0259r\u0259kat\u0131 pandemiyan\u0131n tezlikl\u0259 aradan qald\u0131r\u0131lmas\u0131 v\u0259 effektiv b\u0259rpa prosesin\u0259 imkan yaradacaq beyn\u0259lxalq h\u0259mr\u0259yliyin g\u00fccl\u0259ndirilm\u0259si \u00fc\u00e7\u00fcn f\u0259al \u015f\u0259kild\u0259 s\u0259yl\u0259rini davam etdirm\u0259y\u0259 haz\u0131rd\u0131r. Bu m\u0259nada Qo\u015fulmama H\u0259r\u0259kat\u0131 post-COVID-19 d\u00f6vr\u00fcn\u00fcn b\u0259rpa ehtiyaclar\u0131 il\u0259 ba\u011fl\u0131 n\u0259tic\u0259y\u00f6n\u00fcml\u00fc t\u0259\u015f\u0259bb\u00fcsl\u0259rl\u0259 \u00e7\u0131x\u0131\u015f ed\u0259c\u0259k. Qo\u015fulmama H\u0259r\u0259kat\u0131 120 \u00f6lk\u0259ni birl\u0259\u015fdirm\u0259kl\u0259 BMT-d\u0259n sonra d\u00fcnya d\u00f6vl\u0259tl\u0259rinin t\u0259msil olundu\u011fu \u0259n b\u00f6y\u00fck siyasi t\u0259sisatd\u0131r. Yaln\u0131z bu fakt\u0131n \u00f6z\u00fc H\u0259r\u0259kat\u0131n m\u00fcasir beyn\u0259lxalq m\u00fcnasib\u0259tl\u0259rin t\u0259nziml\u0259nm\u0259sind\u0259 i\u015ftirak ed\u0259n nec\u0259 m\u00fch\u00fcm \u00e7oxt\u0259r\u0259fli platforma olmas\u0131n\u0131 g\u00f6st\u0259rir. D\u00fcnya d\u00f6vl\u0259tl\u0259rinin \u00fc\u00e7d\u0259 ikisini \u0259hat\u0259 ed\u0259n bir t\u0259sisat\u0131n m\u00fch\u00fcm toplant\u0131lar\u0131nda m\u00fczakir\u0259 edil\u0259n m\u0259s\u0259l\u0259l\u0259r \u015f\u00fcbh\u0259siz ki, BMT Ba\u015f Assambleyas\u0131n\u0131n g\u00fcnd\u0259liyinin formala\u015fmas\u0131na da b\u00f6y\u00fck t\u0259sir g\u00f6st\u0259rir. Az\u0259rbaycan Qo\u015fulmama H\u0259r\u0259kat\u0131na s\u0259drlik m\u00fcdd\u0259tind\u0259 t\u0259\u015fkilat\u0131n prinsipl\u0259rin\u0259 sadiq qalaraq, qurumun beyn\u0259lxalq m\u00fcnasib\u0259tl\u0259r sistemind\u0259 rolunun daha da artmas\u0131, o c\u00fcml\u0259d\u0259n Az\u0259rbaycanla \u00fczv \u00f6lk\u0259l\u0259r aras\u0131nda \u0259laq\u0259l\u0259rin daha da inki\u015faf etdirilm\u0259si, milli maraqlar\u0131n\u0131n t\u0259min olunmas\u0131 istiqam\u0259tind\u0259 ciddi add\u0131mlar at\u0131r. T\u0259bii ki, \u00f6lk\u0259mizin BMT-d\u0259n sonra d\u00fcnyan\u0131n \u0259n b\u00f6y\u00fck ikinci beyn\u0259lxalq t\u0259\u015fkilat\u0131na s\u0259drliyi \u00f6lk\u0259mizin beyn\u0259lxalq m\u00fcnasib\u0259tl\u0259r sistemind\u0259ki m\u00f6vqeyinin m\u00f6hk\u0259ml\u0259nm\u0259sin\u0259 xidm\u0259t edir. Bu g\u00fcn \u00f6lk\u0259miz Qo\u015fulmama H\u0259r\u0259kat\u0131 da daxil olmaqla, bir \u00e7ox beyn\u0259lxalq t\u0259\u015fkilatlarda u\u011furla t\u0259msil olunur. B\u00fct\u00fcn bunlara \u0259sas\u0259n dey\u0259 bil\u0259rik ki, \u0259g\u0259r \u00fc\u00e7\u00fcnc\u00fc minilliyin ba\u015flan\u011f\u0131c\u0131nda ulu \u00f6nd\u0259r Heyd\u0259r \u018fliyev \u00f6lk\u0259mizi m\u00fcst\u0259qilliyini itirm\u0259k t\u0259hl\u00fck\u0259sind\u0259n qurtararaq yeni inki\u015faf m\u0259rh\u0259l\u0259sin\u0259 \u00e7\u0131xard\u0131sa, Prezident \u0130lham \u018fliyev m\u00fcasir Az\u0259rbaycan\u0131 d\u00fcnyada s\u00f6z sahibin\u0259, etibarl\u0131 t\u0259r\u0259fda\u015fa v\u0259 modern d\u00f6vl\u0259t\u0259 \u00e7evirib.<\/p>\n<p><strong>Namiq \u018fhm\u0259dov,<\/strong><\/p>\n<p><em>YAP X\u0259z\u0259r rayon t\u0259\u015fkilat\u0131n\u0131n s\u0259dri<\/em><\/p>\n","protected":false},"excerpt":{"rendered":"<p>Fevral\u0131n 25-d\u0259 BMT Ba\u015f Assambleyas\u0131n\u0131n s\u0259drinin t\u0259\u015fkil etdiyi \u201cUniversal peyv\u0259ndl\u0259nm\u0259 \u00fc\u00e7\u00fcn s\u0259yl\u0259rin art\u0131r\u0131lmas\u0131\u201d m\u00f6vzusunda y\u00fcks\u0259k s\u0259viyy\u0259li tematik m\u00fczakir\u0259l\u0259r x\u00fcsusi \u0259h\u0259miyy\u0259t k\u0259sb ed\u0259n ali toplant\u0131 kimi d\u0259y\u0259rl\u0259ndirilm\u0259lidir. M\u0259lum oldu\u011fu kimi, bu t\u0259dbird\u0259 Az\u0259rbaycan Prezidenti c\u0259nab \u0130lham \u018fliyev h\u0259m milli kontekstd\u0259n, h\u0259m d\u0259 Qo\u015fulmama H\u0259r\u0259kat\u0131n\u0131n s\u0259dri kimi H\u0259r\u0259kata \u00fczv d\u00f6vl\u0259tl\u0259r ad\u0131ndan videoformatda \u00e7\u0131x\u0131\u015f edib. Diplomatik m\u00fcst\u0259vid\u0259 apar\u0131lan u\u011furlu siyas\u0259t n\u0259tic\u0259sind\u0259 Az\u0259rbaycan bir \u00e7ox d\u00f6vl\u0259tl\u0259ri \u00f6z\u00fcnd\u0259 birl\u0259\u015fdir\u0259n Qo\u015fulmama H\u0259r\u0259kat\u0131n\u0131n (QH) 2019-2022-ci ill\u0259rd\u0259 d\u0259 s\u0259dridir. Qo\u015fulmama H\u0259r\u0259kat\u0131 haz\u0131rda beyn\u0259lxalq m\u00fcnasib\u0259tl\u0259rin t\u0259nziml\u0259nm\u0259sind\u0259 i\u015ftirak ed\u0259n m\u00fch\u00fcm \u00e7oxt\u0259r\u0259fli mexanizml\u0259rd\u0259n birin\u0259 \u00e7evrilmi\u015fdir. \u018fsas m\u0259qs\u0259di beyn\u0259lxalq h\u00fcquqa h\u00f6rm\u0259t \u0259sas\u0131nda&hellip;<\/p>\n","protected":false},"author":2,"featured_media":446297,"comment_status":"closed","ping_status":"closed","sticky":false,"template":"","format":"standard","meta":{"om_disable_all_campaigns":false,"_monsterinsights_skip_tracking":false,"_monsterinsights_sitenote_active":false,"_monsterinsights_sitenote_note":"","_monsterinsights_sitenote_category":0},"categories":[8],"tags":[],"aioseo_notices":[],"gutentor_comment":0,"rttpg_featured_image_url":{"full":["https:\/\/arantv.az\/wp-content\/uploads\/2022\/03\/a430a730163654534829557444511074730.jpg",975,540,false],"landscape":["https:\/\/arantv.az\/wp-content\/uploads\/2022\/03\/a430a730163654534829557444511074730.jpg",975,540,false],"portraits":["https:\/\/arantv.az\/wp-content\/uploads\/2022\/03\/a430a730163654534829557444511074730.jpg",975,540,false],"thumbnail":["https:\/\/arantv.az\/wp-content\/uploads\/2022\/03\/a430a730163654534829557444511074730-500x280.jpg",500,280,true],"medium":["https:\/\/arantv.az\/wp-content\/uploads\/2022\/03\/a430a730163654534829557444511074730-660x365.jpg",660,365,true],"large":["https:\/\/arantv.az\/wp-content\/uploads\/2022\/03\/a430a730163654534829557444511074730-840x465.jpg",640,354,true],"1536x1536":["https:\/\/arantv.az\/wp-content\/uploads\/2022\/03\/a430a730163654534829557444511074730.jpg",975,540,false],"2048x2048":["https:\/\/arantv.az\/wp-content\/uploads\/2022\/03\/a430a730163654534829557444511074730.jpg",975,540,false],"post-thumbnail":["https:\/\/arantv.az\/wp-content\/uploads\/2022\/03\/a430a730163654534829557444511074730-240x172.jpg",240,172,true],"advps-thumb-one":["https:\/\/arantv.az\/wp-content\/uploads\/2022\/03\/a430a730163654534829557444511074730.jpg",975,540,false]},"rttpg_author":{"display_name":"V\u00fcsal Rafiqo\u011flu","author_link":"https:\/\/arantv.az\/?author=2"},"rttpg_comment":0,"rttpg_category":"<a href=\"https:\/\/arantv.az\/?cat=8\" rel=\"category\">\u018fsas s\u0259hif\u0259<\/a>","rttpg_excerpt":"Fevral\u0131n 25-d\u0259 BMT Ba\u015f Assambleyas\u0131n\u0131n s\u0259drinin t\u0259\u015fkil etdiyi \u201cUniversal peyv\u0259ndl\u0259nm\u0259 \u00fc\u00e7\u00fcn s\u0259yl\u0259rin art\u0131r\u0131lmas\u0131\u201d m\u00f6vzusunda y\u00fcks\u0259k s\u0259viyy\u0259li tematik m\u00fczakir\u0259l\u0259r x\u00fcsusi \u0259h\u0259miyy\u0259t k\u0259sb ed\u0259n ali toplant\u0131 kimi d\u0259y\u0259rl\u0259ndirilm\u0259lidir. M\u0259lum oldu\u011fu kimi, bu t\u0259dbird\u0259 Az\u0259rbaycan Prezidenti c\u0259nab \u0130lham \u018fliyev h\u0259m milli kontekstd\u0259n, h\u0259m d\u0259 Qo\u015fulmama H\u0259r\u0259kat\u0131n\u0131n s\u0259dri kimi H\u0259r\u0259kata \u00fczv d\u00f6vl\u0259tl\u0259r ad\u0131ndan videoformatda \u00e7\u0131x\u0131\u015f edib. Diplomatik m\u00fcst\u0259vid\u0259 apar\u0131lan&hellip;","_links":{"self":[{"href":"https:\/\/arantv.az\/index.php?rest_route=\/wp\/v2\/posts\/446296"}],"collection":[{"href":"https:\/\/arantv.az\/index.php?rest_route=\/wp\/v2\/posts"}],"about":[{"href":"https:\/\/arantv.az\/index.php?rest_route=\/wp\/v2\/types\/post"}],"author":[{"embeddable":true,"href":"https:\/\/arantv.az\/index.php?rest_route=\/wp\/v2\/users\/2"}],"replies":[{"embeddable":true,"href":"https:\/\/arantv.az\/index.php?rest_route=%2Fwp%2Fv2%2Fcomments&post=446296"}],"version-history":[{"count":0,"href":"https:\/\/arantv.az\/index.php?rest_route=\/wp\/v2\/posts\/446296\/revisions"}],"wp:featuredmedia":[{"embeddable":true,"href":"https:\/\/arantv.az\/index.php?rest_route=\/wp\/v2\/media\/446297"}],"wp:attachment":[{"href":"https:\/\/arantv.az\/index.php?rest_route=%2Fwp%2Fv2%2Fmedia&parent=446296"}],"wp:term":[{"taxonomy":"category","embeddable":true,"href":"https:\/\/arantv.az\/index.php?rest_route=%2Fwp%2Fv2%2Fcategories&post=446296"},{"taxonomy":"post_tag","embeddable":true,"href":"https:\/\/arantv.az\/index.php?rest_route=%2Fwp%2Fv2%2Ftags&post=446296"}],"curies":[{"name":"wp","href":"https:\/\/api.w.org\/{rel}","templated":true}]}}