{"id":446302,"date":"2022-03-01T19:38:57","date_gmt":"2022-03-01T16:38:57","guid":{"rendered":"http:\/\/arantv.az\/?p=446302"},"modified":"2022-03-01T19:38:57","modified_gmt":"2022-03-01T16:38:57","slug":"az%c9%99rbaycanin-beyn%c9%99lxalq-h%c9%99mr%c9%99yliyin-gucl%c9%99ndirilm%c9%99sin%c9%99-xidm%c9%99t-ed%c9%99n-t%c9%99s%c9%99bbusl%c9%99ri-boyuk-r%c9%99gb%c9%99tl%c9%99-qarsilanir","status":"publish","type":"post","link":"https:\/\/arantv.az\/?p=446302","title":{"rendered":"Az\u0259rbaycan\u0131n beyn\u0259lxalq h\u0259mr\u0259yliyin g\u00fccl\u0259ndirilm\u0259sin\u0259 xidm\u0259t ed\u0259n t\u0259\u015f\u0259bb\u00fcsl\u0259ri b\u00f6y\u00fck r\u0259\u011fb\u0259tl\u0259 qar\u015f\u0131lan\u0131r"},"content":{"rendered":"<p>COV\u0130D-19 virusu d\u00f6vl\u0259tl\u0259rin sa\u011flaml\u0131q sisteml\u0259rini, c\u0259miyy\u0259tin maarifl\u0259nm\u0259 v\u0259 kommunikasiya s\u0259viyy\u0259sini, h\u00f6kum\u0259tl\u0259rin q\u0259rar q\u0259bulunda \u00e7evikliyini, siyas\u0259t\u00e7il\u0259ri v\u0259 iqtisadiyyat\u0131 s\u0131na\u011fa \u00e7\u0259kir. Virus t\u0259hl\u00fck\u0259si h\u0259r bir d\u00f6vl\u0259tin \u00a0\u00a0\u00fcmummilli i\u015fin\u0259 \u00e7evrilib. Beyn\u0259lxalq ictimai r\u0259yd\u0259 pandemiyan\u0131n yaranmas\u0131, yay\u0131lma dinamikas\u0131, sosial s\u0259hiyy\u0259 sisteml\u0259rinin virus dal\u011fas\u0131na tab g\u0259tir\u0259 bilm\u0259si \u00fc\u00e7\u00fcn\u00a0 nec\u0259 davranmas\u0131, aliml\u0259rin vaksinl\u0259r \u00fcz\u0259rind\u0259 nec\u0259 i\u015fl\u0259m\u0259l\u0259ri, prosesl\u0259rin qlobal biznes\u0259 v\u0259 d\u00fcnya iqtisadiyyat\u0131na nec\u0259 ziyan vurmas\u0131 h\u0259ssasl\u0131qla izl\u0259nilir.<\/p>\n<p>2020-ci il d\u00fcnya d\u00f6vl\u0259tl\u0259ri \u00f6z f\u0259aliyy\u0259tl\u0259rini pandemiya il\u0259 m\u00fcbariz\u0259y\u0259 h\u0259sr etm\u0259k m\u0259cburiyy\u0259tind\u0259 qald\u0131lar. El\u0259 Az\u0259rbaycan da ilk g\u00fcnd\u0259n etibar\u0259n bu prosesi yax\u0131ndan izl\u0259di v\u0259 dem\u0259k olar ki, pandemiya d\u00f6n\u0259mini \u0259n az itki il\u0259 arxada qoya bil\u0259n d\u00f6vl\u0259tl\u0259rd\u0259n biri olmaqdad\u0131r. H\u0259tta \u00f6lk\u0259mizin pandemiya il\u0259 m\u00fcbariz\u0259d\u0259 g\u00f6st\u0259rdiyi s\u0259yl\u0259r v\u0259 h\u0259yata ke\u00e7irdiyi siyas\u0259t \u0259ks\u0259r beyn\u0259lxalq t\u0259\u015fkilatlar v\u0259 bir s\u0131ra apar\u0131c\u0131 d\u00f6vl\u0259tl\u0259r t\u0259r\u0259find\u0259n m\u00fcsb\u0259t qiym\u0259tl\u0259ndirildi. H\u0259m\u00e7inin Az\u0259rbaycan\u0131n bu istiqam\u0259td\u0259ki add\u0131mlar\u0131 n\u00fcmun\u0259vi add\u0131m olaraq q\u0259bul edildi.<\/p>\n<p>BMT Ba\u015f Assambleyas\u0131n\u0131n \u201cUniversal peyv\u0259ndl\u0259nm\u0259 \u00fc\u00e7\u00fcn s\u0259yl\u0259rin art\u0131r\u0131lmas\u0131\u201d m\u00f6vzusunda 25 fevral tarixind\u0259 ke\u00e7irilmi\u015f y\u00fcks\u0259k s\u0259viyy\u0259li tematik m\u00fczakir\u0259l\u0259rind\u0259 Az\u0259rbaycan Respublikas\u0131n\u0131n Prezidenti, Qo\u015fulmama H\u0259r\u0259kat\u0131n\u0131n s\u0259dri \u0130lham \u018fliyevin \u00e7\u0131x\u0131\u015f\u0131 bir \u00e7ox m\u0259qamlara ayd\u0131nl\u0131q g\u0259tirdi. H\u0259r zaman oldu\u011fu\u00a0 kimi dol\u011fun v\u0259 konkret olaraq fikirl\u0259rini b\u00fct\u00fcn d\u00fcnyaya \u00e7atd\u0131ran d\u00f6vl\u0259t ba\u015f\u00e7\u0131s\u0131 ilk n\u00f6vb\u0259d\u0259 d\u00fcnyada tu\u011fyan ed\u0259n pandemiya b\u0259las\u0131ndan v\u0259 d\u00f6vl\u0259timizin bu virusa qar\u015f\u0131 ald\u0131\u011f\u0131 t\u0259dbirl\u0259rd\u0259n dan\u0131\u015fm\u0131\u015fd\u0131r. Qo\u015fulmama H\u0259r\u0259kat\u0131n\u0131n s\u0259dri kimi c\u0259nab \u0130lham \u018fliyev pandemiya \u015f\u0259raitind\u0259 qlobal probleml\u0259rd\u0259n biri olan b\u00fct\u00fcn \u00f6lk\u0259l\u0259r \u00fc\u00e7\u00fcn peyv\u0259ndl\u0259r\u0259 b\u0259rab\u0259r, m\u0259qbul qiym\u0259t\u0259, vaxt\u0131nda v\u0259 universal \u0259l\u00e7atanl\u0131\u011f\u0131n t\u0259min edilm\u0259si m\u0259s\u0259l\u0259sin\u0259 toxunub.<\/p>\n<p>\u00dcmumiyy\u0259tl\u0259, COV\u0130D-19 pandemiyas\u0131na qar\u015f\u0131 m\u00fcbariz\u0259d\u0259 Az\u0259rbaycan\u00a0 t\u0259cr\u00fcb\u0259si\u00a0 d\u00fcnyada \u00f6rn\u0259k t\u0259\u015fkil edir. \u0130lk g\u00fcnl\u0259rd\u0259n, bu x\u0259st\u0259lik meydana \u00e7\u0131xandan d\u0259rhal sonra c\u0259nab Prezident \u0130lham \u018fliyevin r\u0259hb\u0259rliyi il\u0259 b\u00fct\u00fcn laz\u0131mi qabaqlay\u0131c\u0131 kompleks\u00a0 t\u0259dbirl\u0259r g\u00f6r\u00fcld\u00fc. M\u0259hz bel\u0259 operativ, \u00e7evik v\u0259 m\u0259qs\u0259d\u0259 hesablanm\u0131\u015f add\u0131mlar n\u0259tic\u0259sind\u0259 bu g\u00fcn x\u0259st\u0259lik n\u0259zar\u0259t alt\u0131ndad\u0131r. B\u00fct\u00fcn bu add\u0131mlar, \u0259lb\u0259tt\u0259, imkan verir ki, biz bu v\u0259ziyy\u0259td\u0259n \u015f\u0259r\u0259fl\u0259 \u00e7\u0131xaq, insanlar\u0131m\u0131z\u0131 qoruyaq. D\u00fcnayda ged\u0259n vaksinl\u0259\u015fm\u0259 prosessin\u0259 toxunan c\u0259nab \u0130lham \u018fliyev narahatl\u0131\u011f\u0131n\u0131 bildir\u0259r\u0259k vaksinl\u0259\u015fm\u0259nin \u0259dal\u0259tsiz apar\u0131lmas\u0131n\u0131, \u201cvarl\u0131-kas\u0131b\u201d prinsipin\u0259 uy\u011fun olaraq h\u0259yata ke\u00e7irildiyini qeyd etdi. Bir \u00e7ox kas\u0131b d\u00f6vl\u0259tl\u0259rin bu g\u00fcn vaksinl\u0259\u015fm\u0259d\u0259 \u00e7\u0259tinlik \u00e7\u0259kdiyini v\u0259 bunun g\u0259l\u0259c\u0259kd\u0259 qlobal problem do\u011furaca\u011f\u0131n\u0131 iclas i\u015ftirak\u00e7\u0131lar\u0131na ayd\u0131n \u015f\u0259kild\u0259 \u00e7atd\u0131ran \u00f6lk\u0259 ba\u015f\u00e7\u0131s\u0131 bu problemin h\u0259llind\u0259\u00a0 BMT-nin \u0259sas s\u00f6z sahibi oldu\u011funu bildirdi.<\/p>\n<p>Az\u0259rbaycan \u00f6z\u00fcn\u00fcn milli maraqlar \u00fcz\u0259rind\u0259 qurulan siyas\u0259tini daim qlobal miqyasda meydana \u00e7\u0131xan aktual \u00e7a\u011f\u0131r\u0131\u015flarla \u0259laq\u0259l\u0259ndirir. Bu bax\u0131mdan \u00f6lk\u0259mizin, \u015f\u0259xs\u0259n Prezident \u0130lham \u018fliyevin qlobal pandemiya \u015f\u0259raitind\u0259 ir\u0259li s\u00fcrd\u00fcy\u00fc bir s\u0131ra t\u0259\u015f\u0259bb\u00fcsl\u0259r d\u0259 t\u0259qdir\u0259layiqdir. \u018flam\u0259tdar hald\u0131r ki, Az\u0259rbaycan\u0131n qlobal pandemiya \u015f\u0259raitind\u0259 beyn\u0259lxalq h\u0259mr\u0259yliyin g\u00fccl\u0259ndirilm\u0259sini h\u0259d\u0259fl\u0259y\u0259n t\u0259\u015f\u0259bb\u00fcsl\u0259ri b\u00fct\u00fcn d\u00fcnyada b\u00f6y\u00fck r\u0259\u011fb\u0259tl\u0259 qar\u015f\u0131lan\u0131b. M\u0259suliyy\u0259tli d\u00f6vl\u0259t olan Az\u0259rbaycan COVID-19-a qar\u015f\u0131 milli s\u0259viyy\u0259d\u0259 ciddi m\u00fcbariz\u0259 apard\u0131\u011f\u0131 kimi, qlobal h\u0259mr\u0259yliyin g\u00fccl\u0259nm\u0259sin\u0259 d\u0259 \u00f6z t\u00f6hf\u0259l\u0259rini verdi.<\/p>\n<p>Prezident \u0130lham \u018fliyevin pandemiyaya qar\u015f\u0131 m\u00fc\u0259yy\u0259nl\u0259\u015fdirdiyi siyas\u0259t t\u0259kc\u0259 r\u0259hb\u0259ri oldu\u011fu xalq\u0131n deyil, h\u0259m d\u0259 b\u00fct\u00fcn b\u0259\u015f\u0259riyy\u0259tin xilas\u0131na y\u00f6n\u0259lmi\u015fdir. Az\u0259rbaycan koronavirusa qar\u015f\u0131 \u00fcmumb\u0259\u015f\u0259ri m\u00fcbariz\u0259y\u0259 ciddi maddi v\u0259 m\u0259n\u0259vi d\u0259st\u0259k verm\u0259kl\u0259, b\u00fct\u00f6vl\u00fckd\u0259, bu proses\u0259 qo\u015fulmaqla ortaya \u00e7ox ciddi n\u0259tic\u0259l\u0259r qoymu\u015fdur. \u00d6lk\u0259mizin pandemiya il\u0259 m\u00fcbariz\u0259 m\u0259qs\u0259di il\u0259 t\u0259klifl\u0259ri n\u0259z\u0259r\u0259 al\u0131n\u0131r. Az\u0259rbaycan\u0131n t\u0259\u015f\u0259bb\u00fcs\u00fc il\u0259 bir ne\u00e7\u0259 d\u0259f\u0259 videokonfrans format\u0131nda beyn\u0259lxalq t\u0259dbirl\u0259rin ke\u00e7irilm\u0259si g\u00f6st\u0259rdi ki, \u00f6lk\u0259miz dig\u0259r d\u00f6vl\u0259tl\u0259rl\u0259 dostluq v\u0259 \u0259m\u0259kda\u015fl\u0131\u011fa \u00f6n\u0259m verir.<\/p>\n<p><strong>V\u00fcqar N\u0259sirov,<br \/>\nYAP Pirallah\u0131 Rayon t\u0259\u015fkilat\u0131n\u0131n m\u0259sul \u0259m\u0259kda\u015f\u0131<\/strong><\/p>\n","protected":false},"excerpt":{"rendered":"<p>COV\u0130D-19 virusu d\u00f6vl\u0259tl\u0259rin sa\u011flaml\u0131q sisteml\u0259rini, c\u0259miyy\u0259tin maarifl\u0259nm\u0259 v\u0259 kommunikasiya s\u0259viyy\u0259sini, h\u00f6kum\u0259tl\u0259rin q\u0259rar q\u0259bulunda \u00e7evikliyini, siyas\u0259t\u00e7il\u0259ri v\u0259 iqtisadiyyat\u0131 s\u0131na\u011fa \u00e7\u0259kir. Virus t\u0259hl\u00fck\u0259si h\u0259r bir d\u00f6vl\u0259tin \u00a0\u00a0\u00fcmummilli i\u015fin\u0259 \u00e7evrilib. Beyn\u0259lxalq ictimai r\u0259yd\u0259 pandemiyan\u0131n yaranmas\u0131, yay\u0131lma dinamikas\u0131, sosial s\u0259hiyy\u0259 sisteml\u0259rinin virus dal\u011fas\u0131na tab g\u0259tir\u0259 bilm\u0259si \u00fc\u00e7\u00fcn\u00a0 nec\u0259 davranmas\u0131, aliml\u0259rin vaksinl\u0259r \u00fcz\u0259rind\u0259 nec\u0259 i\u015fl\u0259m\u0259l\u0259ri, prosesl\u0259rin qlobal biznes\u0259 v\u0259 d\u00fcnya iqtisadiyyat\u0131na nec\u0259 ziyan vurmas\u0131 h\u0259ssasl\u0131qla izl\u0259nilir. 2020-ci il d\u00fcnya d\u00f6vl\u0259tl\u0259ri \u00f6z f\u0259aliyy\u0259tl\u0259rini pandemiya il\u0259 m\u00fcbariz\u0259y\u0259 h\u0259sr etm\u0259k m\u0259cburiyy\u0259tind\u0259 qald\u0131lar. El\u0259 Az\u0259rbaycan da ilk g\u00fcnd\u0259n etibar\u0259n bu prosesi yax\u0131ndan izl\u0259di v\u0259 dem\u0259k olar ki, pandemiya d\u00f6n\u0259mini&hellip;<\/p>\n","protected":false},"author":2,"featured_media":446303,"comment_status":"closed","ping_status":"closed","sticky":false,"template":"","format":"standard","meta":{"om_disable_all_campaigns":false,"_monsterinsights_skip_tracking":false,"_monsterinsights_sitenote_active":false,"_monsterinsights_sitenote_note":"","_monsterinsights_sitenote_category":0},"categories":[19],"tags":[],"aioseo_notices":[],"gutentor_comment":0,"rttpg_featured_image_url":{"full":["https:\/\/arantv.az\/wp-content\/uploads\/2022\/03\/c9f029a6164135698846608741610254847.jpg",975,540,false],"landscape":["https:\/\/arantv.az\/wp-content\/uploads\/2022\/03\/c9f029a6164135698846608741610254847.jpg",975,540,false],"portraits":["https:\/\/arantv.az\/wp-content\/uploads\/2022\/03\/c9f029a6164135698846608741610254847.jpg",975,540,false],"thumbnail":["https:\/\/arantv.az\/wp-content\/uploads\/2022\/03\/c9f029a6164135698846608741610254847-500x280.jpg",500,280,true],"medium":["https:\/\/arantv.az\/wp-content\/uploads\/2022\/03\/c9f029a6164135698846608741610254847-660x365.jpg",660,365,true],"large":["https:\/\/arantv.az\/wp-content\/uploads\/2022\/03\/c9f029a6164135698846608741610254847-840x465.jpg",640,354,true],"1536x1536":["https:\/\/arantv.az\/wp-content\/uploads\/2022\/03\/c9f029a6164135698846608741610254847.jpg",975,540,false],"2048x2048":["https:\/\/arantv.az\/wp-content\/uploads\/2022\/03\/c9f029a6164135698846608741610254847.jpg",975,540,false],"post-thumbnail":["https:\/\/arantv.az\/wp-content\/uploads\/2022\/03\/c9f029a6164135698846608741610254847-240x172.jpg",240,172,true],"advps-thumb-one":["https:\/\/arantv.az\/wp-content\/uploads\/2022\/03\/c9f029a6164135698846608741610254847.jpg",975,540,false]},"rttpg_author":{"display_name":"V\u00fcsal Rafiqo\u011flu","author_link":"https:\/\/arantv.az\/?author=2"},"rttpg_comment":0,"rttpg_category":"<a href=\"https:\/\/arantv.az\/?cat=19\" rel=\"category\">G\u00fcnd\u0259m<\/a>","rttpg_excerpt":"COV\u0130D-19 virusu d\u00f6vl\u0259tl\u0259rin sa\u011flaml\u0131q sisteml\u0259rini, c\u0259miyy\u0259tin maarifl\u0259nm\u0259 v\u0259 kommunikasiya s\u0259viyy\u0259sini, h\u00f6kum\u0259tl\u0259rin q\u0259rar q\u0259bulunda \u00e7evikliyini, siyas\u0259t\u00e7il\u0259ri v\u0259 iqtisadiyyat\u0131 s\u0131na\u011fa \u00e7\u0259kir. Virus t\u0259hl\u00fck\u0259si h\u0259r bir d\u00f6vl\u0259tin \u00a0\u00a0\u00fcmummilli i\u015fin\u0259 \u00e7evrilib. Beyn\u0259lxalq ictimai r\u0259yd\u0259 pandemiyan\u0131n yaranmas\u0131, yay\u0131lma dinamikas\u0131, sosial s\u0259hiyy\u0259 sisteml\u0259rinin virus dal\u011fas\u0131na tab g\u0259tir\u0259 bilm\u0259si \u00fc\u00e7\u00fcn\u00a0 nec\u0259 davranmas\u0131, aliml\u0259rin vaksinl\u0259r \u00fcz\u0259rind\u0259 nec\u0259 i\u015fl\u0259m\u0259l\u0259ri, prosesl\u0259rin qlobal biznes\u0259 v\u0259 d\u00fcnya&hellip;","_links":{"self":[{"href":"https:\/\/arantv.az\/index.php?rest_route=\/wp\/v2\/posts\/446302"}],"collection":[{"href":"https:\/\/arantv.az\/index.php?rest_route=\/wp\/v2\/posts"}],"about":[{"href":"https:\/\/arantv.az\/index.php?rest_route=\/wp\/v2\/types\/post"}],"author":[{"embeddable":true,"href":"https:\/\/arantv.az\/index.php?rest_route=\/wp\/v2\/users\/2"}],"replies":[{"embeddable":true,"href":"https:\/\/arantv.az\/index.php?rest_route=%2Fwp%2Fv2%2Fcomments&post=446302"}],"version-history":[{"count":0,"href":"https:\/\/arantv.az\/index.php?rest_route=\/wp\/v2\/posts\/446302\/revisions"}],"wp:featuredmedia":[{"embeddable":true,"href":"https:\/\/arantv.az\/index.php?rest_route=\/wp\/v2\/media\/446303"}],"wp:attachment":[{"href":"https:\/\/arantv.az\/index.php?rest_route=%2Fwp%2Fv2%2Fmedia&parent=446302"}],"wp:term":[{"taxonomy":"category","embeddable":true,"href":"https:\/\/arantv.az\/index.php?rest_route=%2Fwp%2Fv2%2Fcategories&post=446302"},{"taxonomy":"post_tag","embeddable":true,"href":"https:\/\/arantv.az\/index.php?rest_route=%2Fwp%2Fv2%2Ftags&post=446302"}],"curies":[{"name":"wp","href":"https:\/\/api.w.org\/{rel}","templated":true}]}}