{"id":446305,"date":"2022-03-01T19:40:02","date_gmt":"2022-03-01T16:40:02","guid":{"rendered":"http:\/\/arantv.az\/?p=446305"},"modified":"2022-03-01T19:40:02","modified_gmt":"2022-03-01T16:40:02","slug":"az%c9%99rbaycanin-iqtisadi-gucu-v%c9%99-siyasi-nufuzu-artir","status":"publish","type":"post","link":"https:\/\/arantv.az\/?p=446305","title":{"rendered":"Az\u0259rbaycan\u0131n iqtisadi g\u00fcc\u00fc v\u0259 siyasi n\u00fcfuzu art\u0131r"},"content":{"rendered":"<p>D\u00fcnya birliyind\u0259 Az\u0259rbaycan\u0131n m\u00fcsb\u0259t imicinin formala\u015fmas\u0131 m\u00fctt\u0259fiql\u0259ri il\u0259 birm\u0259nal\u0131 m\u00f6vqe n\u00fcmayi\u015f etdirm\u0259sind\u0259n ir\u0259li g\u0259lir.\u00a0 Az\u0259rbaycan Respublikas\u0131n\u0131n \u00a0Prezidenti c\u0259nab \u0130lham \u018fliyev \u00f6lk\u0259mizin xarici siyas\u0259t kursunun \u0259sas\u0131n\u0131 t\u0259\u015fkil ed\u0259n ard\u0131c\u0131ll\u0131q v\u0259 birm\u0259nal\u0131 prinsipl\u0259rin\u0259 daim \u00f6z \u00e7\u0131x\u0131\u015flar\u0131nda toxunaraq, onlar\u0131 \u00e7ox a\u00e7\u0131q v\u0259 prinsipial siyas\u0259t adland\u0131r\u0131b. \u201cDeyil\u0259n s\u00f6z\u0259, veril\u0259n v\u0259d\u0259 \u0259m\u0259l etm\u0259k\u201d Az\u0259rbaycan\u0131n m\u00fctt\u0259fiql\u0259ri il\u0259 \u0259m\u0259kda\u015fl\u0131\u011f\u0131nda \u0259sas prinsipi olub. He\u00e7 bir gizli m\u0259qam olmayan v\u0259 milli maraqlara s\u00f6yk\u0259n\u0259n xarici siyas\u0259timizin bu prinsipi \u0259m\u0259kda\u015fl\u0131\u011f\u0131n m\u00f6hk\u0259ml\u0259ndirilm\u0259si \u00fc\u00e7\u00fcn n\u0259z\u0259rd\u0259 tutulur.<\/p>\n<p>Qar\u015f\u0131l\u0131ql\u0131 \u0259m\u0259kda\u015fl\u0131q zaman\u0131 beyn\u0259lxalq qanunlara \u0259m\u0259l olunmas\u0131 Az\u0259rbaycan\u0131 beyn\u0259lxalq al\u0259md\u0259ki etibarl\u0131 t\u0259r\u0259fda\u015f kimi tan\u0131tm\u0131\u015fd\u0131r. \u018fsas\u0259n iqtisadi \u0259laq\u0259l\u0259r \u00fcz\u0259rind\u0259 qurulan bu \u0259m\u0259kda\u015fl\u0131q prinsipl\u0259ri Az\u0259rbaycan\u0131n enerji resurslar\u0131na dig\u0259r d\u00f6vl\u0259tl\u0259rin ehtiyac\u0131ndan ir\u0259li g\u0259lir. Beyn\u0259lxalq enerji layih\u0259l\u0259rinin realla\u015fd\u0131r\u0131lmas\u0131, t\u0259kc\u0259 region \u00f6lk\u0259l\u0259ri deyil, Avropa d\u00f6vl\u0259tl\u0259rinin d\u0259 Az\u0259rbaycan neftin\u0259 v\u0259 qaz\u0131na olan t\u0259l\u0259bat\u0131 Az\u0259rbaycan\u0131n d\u00fcnyada liderlik qabiliyy\u0259tini art\u0131r\u0131r. D\u00fczg\u00fcn apar\u0131lan xarici iqtisadi-siyas\u0259t kursumuz n\u0259tic\u0259sind\u0259 Az\u0259rbaycan d\u00fcnya birliyi t\u0259r\u0259find\u0259n C\u0259nubi Qafqaz\u0131n \u0259n g\u00fccl\u00fc d\u00f6vl\u0259ti kimi q\u0259bul edilib. Qon\u015fu d\u00f6vl\u0259tl\u0259rl\u0259 qar\u015f\u0131l\u0131ql\u0131 anla\u015fma \u0259sas\u0131nda qurulan Az\u0259rbaycan\u0131n xarici siyas\u0259t kursu \u00f6lk\u0259miz \u00fc\u00e7\u00fcn iqtisadi inki\u015faf\u0131 il\u0259 yana\u015f\u0131 t\u0259hl\u00fck\u0259sizlik bax\u0131m\u0131ndan m\u00fch\u00fcm rol oynay\u0131r. X\u00fcsusil\u0259, d\u00fcnyan\u0131n \u0259n g\u00fccl\u00fc d\u00f6vl\u0259tl\u0259rind\u0259n olan v\u0259 iqtisadi d\u00f6vriyy\u0259y\u0259 g\u00f6r\u0259 Az\u0259rbaycan \u00fc\u00e7\u00fcn\u00a0 birinci olan Rusiya il\u0259 m\u00fcnasib\u0259tl\u0259rin dostluq v\u0259 \u0259m\u0259kda\u015fl\u0131q \u0259sas\u0131nda qurulmas\u0131 h\u0259r iki d\u00f6vl\u0259t \u00fc\u00e7\u00fcn b\u00f6y\u00fck \u0259h\u0259miyy\u0259t k\u0259sb edir. He\u00e7 kim\u0259 sirr deyil ki, 44 g\u00fcnl\u00fck V\u0259t\u0259n m\u00fcharib\u0259si d\u00f6vr\u00fcnd\u0259 Rusiyan\u0131n neytral m\u00f6vqe tutaraq strateji t\u0259r\u0259fda\u015f\u0131 olan Erm\u0259nistana h\u0259rbi yard\u0131m g\u00f6st\u0259rm\u0259m\u0259si v\u0259 Rusiya prezidentinin \u201cQaraba\u011f Az\u0259rbaycan\u0131n t\u0259rkib hiss\u0259sidir\u201d ifad\u0259si q\u0259l\u0259b\u0259nin \u0259ld\u0259 olunmas\u0131nda m\u00fch\u00fcm rol oynayan diplomatik m\u00fcnasib\u0259tl\u0259rd\u0259 Az\u0259rbaycana \u00fcst\u00fcnl\u00fck verdi.<\/p>\n<p>2022-ci il fevral\u0131n 22-d\u0259 Moskvada Az\u0259rbaycan Respublikas\u0131n\u0131n Prezidenti \u0130lham \u018fliyev v\u0259 Rusiya Prezidenti Vladimir Putin &#8220;Az\u0259rbaycan Respublikas\u0131 v\u0259 Rusiya Federasiyas\u0131 aras\u0131nda qar\u015f\u0131l\u0131ql\u0131 m\u00fctt\u0259fiqlik f\u0259aliyy\u0259ti haqq\u0131nda&#8221; imzalad\u0131qlar\u0131 B\u0259yannam\u0259\u00a0tarix\u0259n iki d\u00f6vl\u0259t v\u0259 xalq aras\u0131nda olan m\u00fcnasib\u0259tl\u0259rin inki\u015faf\u0131 kimi qiym\u0259tl\u0259ndirilm\u0259lidir. Az\u0259rbaycan Respublikas\u0131n\u0131n Prezidenti \u0130lham \u018fliyev Rusiya Federasiyas\u0131na r\u0259smi s\u0259f\u0259ri \u00e7\u0259r\u00e7iv\u0259sind\u0259 fevral\u0131n 23-d\u0259 TASS agentliyind\u0259 bu \u00f6lk\u0259nin apar\u0131c\u0131 k\u00fctl\u0259vi informasiya vasit\u0259l\u0259rinin r\u0259hb\u0259rl\u0259ri il\u0259 g\u00f6r\u00fc\u015f\u00fcnd\u0259 qon\u015fu \u00f6lk\u0259l\u0259r aras\u0131nda m\u00fcnasib\u0259tl\u0259rin inki\u015faf\u0131ndan \u0259trafl\u0131 dan\u0131\u015fm\u0131\u015fd\u0131r. Beyn\u0259lxalq \u0259laq\u0259l\u0259rin realla\u015fd\u0131r\u0131lmas\u0131 yeni layih\u0259l\u0259rin, x\u00fcsusil\u0259, n\u0259qliyyat d\u0259hlizl\u0259rinin art\u0131r\u0131lmas\u0131 istiqam\u0259tind\u0259 geni\u015f imkanlar a\u00e7\u0131r. Xarici v\u0259 daxili siyas\u0259timizin \u00f6z\u0259yi iqtisadi inki\u015faf v\u0259 bu inki\u015faf n\u0259tic\u0259sind\u0259 Az\u0259rbaycan v\u0259t\u0259nda\u015f\u0131n\u0131n rifah hal\u0131n\u0131n yax\u015f\u0131la\u015fd\u0131r\u0131lmas\u0131d\u0131r. Az\u0259rbaycan\u0131n \u00e7ox \u015fax\u0259li xarici siyas\u0259t kursundan dan\u0131\u015fark\u0259n qeyd etm\u0259k laz\u0131md\u0131r ki, \u00f6lk\u0259miz b\u00fct\u00fcn beyn\u0259lxalq qurum v\u0259 t\u0259\u015fkilatlarla qar\u015f\u0131l\u0131ql\u0131 anla\u015fma \u015f\u0259raitind\u0259 m\u00fcnasib\u0259tl\u0259rin qurulmas\u0131 v\u0259 inki\u015faf\u0131nda maraql\u0131d\u0131r.<\/p>\n<p>Az\u0259rbaycan\u0131n T\u00fcrkiy\u0259 il\u0259 \u0259laq\u0259l\u0259rind\u0259n dan\u0131\u015fark\u0259n dan\u0131\u015fark\u0259n h\u0259r bir zaman xalq\u0131m\u0131za v\u0259 d\u00f6vl\u0259timiz\u0259 \u00f6z m\u0259n\u0259vi v\u0259 siyasi d\u0259st\u0259yini \u0259sirg\u0259m\u0259y\u0259n qarda\u015f T\u00fcrkiy\u0259 il\u0259 iqtisadi, siyasi, diplomatik, h\u0259rbi \u0259m\u0259kda\u015fl\u0131\u011f\u0131n \u00f6n\u0259mini vur\u011fulamaq laz\u0131md\u0131r.\u00a0 44 g\u00fcn davam ed\u0259n v\u0259 tarixi Z\u0259f\u0259r Q\u0259l\u0259b\u0259si il\u0259 ba\u015fa \u00e7atan V\u0259t\u0259n m\u00fcharib\u0259sinin ilk g\u00fcn\u00fcnd\u0259n Az\u0259rbaycan\u0131n yan\u0131nda olmas\u0131 mesaj\u0131 il\u0259 xalq\u0131m\u0131za v\u0259 d\u00f6vl\u0259timiz\u0259 qar\u015f\u0131 t\u0259zyiq v\u0259 t\u0259hdidl\u0259r g\u00f6st\u0259r\u0259n erm\u0259nip\u0259r\u0259st d\u00f6vl\u0259tl\u0259r\u0259 v\u0259 beyn\u0259lxalq t\u0259\u015fkilatlara \u00f6s siyasi g\u00fcc\u00fcn\u00fc n\u00fcmayi\u015f etdir\u0259n T\u00fcrkiy\u0259 Q\u0259l\u0259b\u0259nin qazan\u0131lmas\u0131nda mane\u00e7ilik t\u00f6r\u0259tm\u0259k, \u0259ng\u0259llikl\u0259r yaratmaq ist\u0259y\u0259n q\u00fcvv\u0259l\u0259rin qar\u015f\u0131s\u0131n\u0131 q\u0259tiyy\u0259tl\u0259 ald\u0131.<\/p>\n<p>Az\u0259rbaycan\u0131n iqtisadi v\u0259 siyasi n\u00fcfuzu g\u00fccl\u0259ndikc\u0259 regionda v\u0259 d\u00fcnyadak\u0131 n\u00fcfuzu daha da artacaqd\u0131r. Xalq\u0131m\u0131z\u0131n \u00e7ox\u0259srlik tarixind\u0259 yeni s\u0259hif\u0259nin a\u00e7\u0131lmas\u0131 d\u00f6vl\u0259timizin Qafqaz\u0131n \u0259n lider \u00f6lk\u0259sin\u0259 \u00e7evrilm\u0259si g\u00fcnd\u0259n-g\u00fcn\u0259 artan q\u00fcdr\u0259timizd\u0259n x\u0259b\u0259r verir. Bunlar\u0131n ham\u0131s\u0131 d\u00fc\u015f\u00fcn\u00fclm\u00fc\u015f uzaqg\u00f6r\u0259n v\u0259 praqmatik daxili v\u0259 xarici siyas\u0259tin n\u0259tic\u0259sind\u0259 m\u00fcmk\u00fcn olmu\u015fdur. \u0130\u015f\u011faldan azad olunmu\u015f \u0259razil\u0259rimiz minalardan t\u0259mizl\u0259n\u0259r\u0259k yenid\u0259n g\u00fcl\u00fcstana \u00e7evril\u0259c\u0259kdir. \u015e\u0259h\u0259rl\u0259rin, q\u0259s\u0259b\u0259l\u0259rin, k\u0259ndl\u0259rin abadla\u015fd\u0131r\u0131lmas\u0131,\u201dya\u015f\u0131l enerji zolaqlar\u0131n\u0131n\u201d sal\u0131nmas\u0131 Qaraba\u011f\u0131m\u0131z\u0131n \u0259vv\u0259lki \u015f\u00f6hr\u0259tini yenid\u0259n \u00f6z\u00fcn\u0259 qaytaracaqd\u0131r. Regionda s\u00fclh\u00fcn v\u0259 t\u0259hl\u00fck\u0259sizliyin qorunmas\u0131 \u00fc\u00e7\u00fcn b\u00fct\u00fcn s\u0259yl\u0259r s\u0259f\u0259rb\u0259r olunmal\u0131, Erm\u0259nistan mina x\u0259rit\u0259l\u0259rinin Az\u0259rbaycana t\u0259hvil verilm\u0259sini l\u0259ngitm\u0259m\u0259li v\u0259 Az\u0259rbaycan \u0259razisinin s\u0259rh\u0259dl\u0259ri \u00e7\u0259r\u00e7iv\u0259sind\u0259 s\u00fclh\u0259 imza atmal\u0131d\u0131r. Az\u0259rbaycan \u00f6z s\u00fclhsev\u0259r siyas\u0259ti il\u0259 h\u0259r zaman ist\u0259r regionda, ist\u0259rs\u0259 d\u0259 d\u00fcnyada \u0259n lider \u00f6lk\u0259ldir. Rusiya v\u0259 T\u00fcrkiy\u0259 kimi b\u00f6y\u00fck\u00a0 d\u00f6vl\u0259tl\u0259rl\u0259 m\u00fctt\u0259fiqlik \u00f6lk\u0259miz\u0259 \u00e7ox b\u00f6y\u00fck t\u00f6hf\u0259l\u0259r ver\u0259c\u0259kdir.<\/p>\n<p><img src=\"https:\/\/ikisahil.az\/upload\/\/2022\/03\/01\/\/-0fc170ec164613024528823030910982136.jpg\" alt=\"\" \/><\/p>\n<p><strong>Samir H\u00fcseynov,<br \/>\nPirallah\u0131 Rayon \u0130cra Hakimiyy\u0259ti ba\u015f\u00e7\u0131s\u0131 Aparat\u0131n\u0131n H\u00fcquq \u015f\u00f6b\u0259sinin m\u00fcdiri<\/strong><\/p>\n","protected":false},"excerpt":{"rendered":"<p>D\u00fcnya birliyind\u0259 Az\u0259rbaycan\u0131n m\u00fcsb\u0259t imicinin formala\u015fmas\u0131 m\u00fctt\u0259fiql\u0259ri il\u0259 birm\u0259nal\u0131 m\u00f6vqe n\u00fcmayi\u015f etdirm\u0259sind\u0259n ir\u0259li g\u0259lir.\u00a0 Az\u0259rbaycan Respublikas\u0131n\u0131n \u00a0Prezidenti c\u0259nab \u0130lham \u018fliyev \u00f6lk\u0259mizin xarici siyas\u0259t kursunun \u0259sas\u0131n\u0131 t\u0259\u015fkil ed\u0259n ard\u0131c\u0131ll\u0131q v\u0259 birm\u0259nal\u0131 prinsipl\u0259rin\u0259 daim \u00f6z \u00e7\u0131x\u0131\u015flar\u0131nda toxunaraq, onlar\u0131 \u00e7ox a\u00e7\u0131q v\u0259 prinsipial siyas\u0259t adland\u0131r\u0131b. \u201cDeyil\u0259n s\u00f6z\u0259, veril\u0259n v\u0259d\u0259 \u0259m\u0259l etm\u0259k\u201d Az\u0259rbaycan\u0131n m\u00fctt\u0259fiql\u0259ri il\u0259 \u0259m\u0259kda\u015fl\u0131\u011f\u0131nda \u0259sas prinsipi olub. He\u00e7 bir gizli m\u0259qam olmayan v\u0259 milli maraqlara s\u00f6yk\u0259n\u0259n xarici siyas\u0259timizin bu prinsipi \u0259m\u0259kda\u015fl\u0131\u011f\u0131n m\u00f6hk\u0259ml\u0259ndirilm\u0259si \u00fc\u00e7\u00fcn n\u0259z\u0259rd\u0259 tutulur. Qar\u015f\u0131l\u0131ql\u0131 \u0259m\u0259kda\u015fl\u0131q zaman\u0131 beyn\u0259lxalq qanunlara \u0259m\u0259l olunmas\u0131 Az\u0259rbaycan\u0131 beyn\u0259lxalq al\u0259md\u0259ki etibarl\u0131 t\u0259r\u0259fda\u015f kimi tan\u0131tm\u0131\u015fd\u0131r. \u018fsas\u0259n iqtisadi \u0259laq\u0259l\u0259r&hellip;<\/p>\n","protected":false},"author":2,"featured_media":446306,"comment_status":"closed","ping_status":"closed","sticky":false,"template":"","format":"standard","meta":{"om_disable_all_campaigns":false,"_monsterinsights_skip_tracking":false,"_monsterinsights_sitenote_active":false,"_monsterinsights_sitenote_note":"","_monsterinsights_sitenote_category":0},"categories":[1],"tags":[],"aioseo_notices":[],"gutentor_comment":0,"rttpg_featured_image_url":{"full":["https:\/\/arantv.az\/wp-content\/uploads\/2022\/03\/44151de6163603458727778763810757748.jpg",975,540,false],"landscape":["https:\/\/arantv.az\/wp-content\/uploads\/2022\/03\/44151de6163603458727778763810757748.jpg",975,540,false],"portraits":["https:\/\/arantv.az\/wp-content\/uploads\/2022\/03\/44151de6163603458727778763810757748.jpg",975,540,false],"thumbnail":["https:\/\/arantv.az\/wp-content\/uploads\/2022\/03\/44151de6163603458727778763810757748-500x280.jpg",500,280,true],"medium":["https:\/\/arantv.az\/wp-content\/uploads\/2022\/03\/44151de6163603458727778763810757748-660x365.jpg",660,365,true],"large":["https:\/\/arantv.az\/wp-content\/uploads\/2022\/03\/44151de6163603458727778763810757748-840x465.jpg",640,354,true],"1536x1536":["https:\/\/arantv.az\/wp-content\/uploads\/2022\/03\/44151de6163603458727778763810757748.jpg",975,540,false],"2048x2048":["https:\/\/arantv.az\/wp-content\/uploads\/2022\/03\/44151de6163603458727778763810757748.jpg",975,540,false],"post-thumbnail":["https:\/\/arantv.az\/wp-content\/uploads\/2022\/03\/44151de6163603458727778763810757748-240x172.jpg",240,172,true],"advps-thumb-one":["https:\/\/arantv.az\/wp-content\/uploads\/2022\/03\/44151de6163603458727778763810757748.jpg",975,540,false]},"rttpg_author":{"display_name":"V\u00fcsal Rafiqo\u011flu","author_link":"https:\/\/arantv.az\/?author=2"},"rttpg_comment":0,"rttpg_category":"<a href=\"https:\/\/arantv.az\/?cat=1\" rel=\"category\">C\u0259miyy\u0259t<\/a>","rttpg_excerpt":"D\u00fcnya birliyind\u0259 Az\u0259rbaycan\u0131n m\u00fcsb\u0259t imicinin formala\u015fmas\u0131 m\u00fctt\u0259fiql\u0259ri il\u0259 birm\u0259nal\u0131 m\u00f6vqe n\u00fcmayi\u015f etdirm\u0259sind\u0259n ir\u0259li g\u0259lir.\u00a0 Az\u0259rbaycan Respublikas\u0131n\u0131n \u00a0Prezidenti c\u0259nab \u0130lham \u018fliyev \u00f6lk\u0259mizin xarici siyas\u0259t kursunun \u0259sas\u0131n\u0131 t\u0259\u015fkil ed\u0259n ard\u0131c\u0131ll\u0131q v\u0259 birm\u0259nal\u0131 prinsipl\u0259rin\u0259 daim \u00f6z \u00e7\u0131x\u0131\u015flar\u0131nda toxunaraq, onlar\u0131 \u00e7ox a\u00e7\u0131q v\u0259 prinsipial siyas\u0259t adland\u0131r\u0131b. \u201cDeyil\u0259n s\u00f6z\u0259, veril\u0259n v\u0259d\u0259 \u0259m\u0259l etm\u0259k\u201d Az\u0259rbaycan\u0131n m\u00fctt\u0259fiql\u0259ri il\u0259 \u0259m\u0259kda\u015fl\u0131\u011f\u0131nda \u0259sas prinsipi olub.&hellip;","_links":{"self":[{"href":"https:\/\/arantv.az\/index.php?rest_route=\/wp\/v2\/posts\/446305"}],"collection":[{"href":"https:\/\/arantv.az\/index.php?rest_route=\/wp\/v2\/posts"}],"about":[{"href":"https:\/\/arantv.az\/index.php?rest_route=\/wp\/v2\/types\/post"}],"author":[{"embeddable":true,"href":"https:\/\/arantv.az\/index.php?rest_route=\/wp\/v2\/users\/2"}],"replies":[{"embeddable":true,"href":"https:\/\/arantv.az\/index.php?rest_route=%2Fwp%2Fv2%2Fcomments&post=446305"}],"version-history":[{"count":0,"href":"https:\/\/arantv.az\/index.php?rest_route=\/wp\/v2\/posts\/446305\/revisions"}],"wp:featuredmedia":[{"embeddable":true,"href":"https:\/\/arantv.az\/index.php?rest_route=\/wp\/v2\/media\/446306"}],"wp:attachment":[{"href":"https:\/\/arantv.az\/index.php?rest_route=%2Fwp%2Fv2%2Fmedia&parent=446305"}],"wp:term":[{"taxonomy":"category","embeddable":true,"href":"https:\/\/arantv.az\/index.php?rest_route=%2Fwp%2Fv2%2Fcategories&post=446305"},{"taxonomy":"post_tag","embeddable":true,"href":"https:\/\/arantv.az\/index.php?rest_route=%2Fwp%2Fv2%2Ftags&post=446305"}],"curies":[{"name":"wp","href":"https:\/\/api.w.org\/{rel}","templated":true}]}}