{"id":446314,"date":"2022-03-01T19:47:31","date_gmt":"2022-03-01T16:47:31","guid":{"rendered":"http:\/\/arantv.az\/?p=446314"},"modified":"2022-03-01T19:47:31","modified_gmt":"2022-03-01T16:47:31","slug":"nato-nuv%c9%99-quvv%c9%99l%c9%99rinin-hazirliq-s%c9%99viyy%c9%99sini-artirmagi-planlasdirmir","status":"publish","type":"post","link":"https:\/\/arantv.az\/?p=446314","title":{"rendered":"NATO n\u00fcv\u0259 q\u00fcvv\u0259l\u0259rinin haz\u0131rl\u0131q s\u0259viyy\u0259sini art\u0131rma\u011f\u0131 planla\u015fd\u0131rm\u0131r"},"content":{"rendered":"<p>NATO-nun ba\u015f katibi Yens Stoltenberq bildirib ki, haz\u0131rda alyans\u0131n n\u00fcv\u0259 q\u00fcvv\u0259l\u0259rinin haz\u0131rl\u0131q s\u0259viyy\u0259sini art\u0131rmaq \u00fc\u00e7\u00fcn he\u00e7 bir s\u0259b\u0259b g\u00f6rm\u00fcr.<\/p>\n<div class=\"AdviadNativeVideo\"><\/div>\n<p>\u201cBiz h\u0259r zaman m\u00fctt\u0259fiql\u0259rimizi qorumaq v\u0259 m\u00fcdafi\u0259 etm\u0259k \u00fc\u00e7\u00fcn laz\u0131m olan h\u0259r \u015feyi ed\u0259c\u0259yik. Lakin biz hesab edirik ki, haz\u0131rda NATO n\u00fcv\u0259 q\u00fcvv\u0259l\u0259rinin haz\u0131rl\u0131q s\u0259viyy\u0259sini d\u0259yi\u015fm\u0259y\u0259 ehtiyac yoxdur\u201d, &#8211; Stoltenberq b\u0259yan edib.<\/p>\n<p>Qeyd ed\u0259k ki, bundan \u0259vv\u0259l A\u011f Evin s\u00f6z\u00e7\u00fcs\u00fc Cen Psaki d\u0259 bildirmi\u015fdi ki, Birl\u0259\u015fmi\u015f \u015etatlar \u00f6z n\u00fcv\u0259 q\u00fcvv\u0259l\u0259rinin haz\u0131rl\u0131q s\u0259viyy\u0259sini art\u0131rmaq \u00fc\u00e7\u00fcn he\u00e7 bir \u0259sas g\u00f6rm\u00fcr.<\/p>\n<p>M\u0259nb\u0259: \u201cR\u0130A Novosti\u201d<\/p>\n","protected":false},"excerpt":{"rendered":"<p>NATO-nun ba\u015f katibi Yens Stoltenberq bildirib ki, haz\u0131rda alyans\u0131n n\u00fcv\u0259 q\u00fcvv\u0259l\u0259rinin haz\u0131rl\u0131q s\u0259viyy\u0259sini art\u0131rmaq \u00fc\u00e7\u00fcn he\u00e7 bir s\u0259b\u0259b g\u00f6rm\u00fcr. \u201cBiz h\u0259r zaman m\u00fctt\u0259fiql\u0259rimizi qorumaq v\u0259 m\u00fcdafi\u0259 etm\u0259k \u00fc\u00e7\u00fcn laz\u0131m olan h\u0259r \u015feyi ed\u0259c\u0259yik. Lakin biz hesab edirik ki, haz\u0131rda NATO n\u00fcv\u0259 q\u00fcvv\u0259l\u0259rinin haz\u0131rl\u0131q s\u0259viyy\u0259sini d\u0259yi\u015fm\u0259y\u0259 ehtiyac yoxdur\u201d, &#8211; Stoltenberq b\u0259yan edib. Qeyd ed\u0259k ki, bundan \u0259vv\u0259l A\u011f Evin s\u00f6z\u00e7\u00fcs\u00fc Cen Psaki d\u0259 bildirmi\u015fdi ki, Birl\u0259\u015fmi\u015f \u015etatlar \u00f6z n\u00fcv\u0259 q\u00fcvv\u0259l\u0259rinin haz\u0131rl\u0131q s\u0259viyy\u0259sini art\u0131rmaq \u00fc\u00e7\u00fcn he\u00e7 bir \u0259sas g\u00f6rm\u00fcr. M\u0259nb\u0259: \u201cR\u0130A Novosti\u201d<\/p>\n","protected":false},"author":2,"featured_media":446315,"comment_status":"closed","ping_status":"closed","sticky":false,"template":"","format":"standard","meta":{"om_disable_all_campaigns":false,"_monsterinsights_skip_tracking":false,"_monsterinsights_sitenote_active":false,"_monsterinsights_sitenote_note":"","_monsterinsights_sitenote_category":0},"categories":[7],"tags":[],"aioseo_notices":[],"gutentor_comment":0,"rttpg_featured_image_url":{"full":["https:\/\/arantv.az\/wp-content\/uploads\/2022\/03\/274682616_314814917380563_3715730430153782097_n.jpg",620,413,false],"landscape":["https:\/\/arantv.az\/wp-content\/uploads\/2022\/03\/274682616_314814917380563_3715730430153782097_n.jpg",620,413,false],"portraits":["https:\/\/arantv.az\/wp-content\/uploads\/2022\/03\/274682616_314814917380563_3715730430153782097_n.jpg",620,413,false],"thumbnail":["https:\/\/arantv.az\/wp-content\/uploads\/2022\/03\/274682616_314814917380563_3715730430153782097_n-500x280.jpg",500,280,true],"medium":["https:\/\/arantv.az\/wp-content\/uploads\/2022\/03\/274682616_314814917380563_3715730430153782097_n-548x365.jpg",548,365,true],"large":["https:\/\/arantv.az\/wp-content\/uploads\/2022\/03\/274682616_314814917380563_3715730430153782097_n.jpg",620,413,false],"1536x1536":["https:\/\/arantv.az\/wp-content\/uploads\/2022\/03\/274682616_314814917380563_3715730430153782097_n.jpg",620,413,false],"2048x2048":["https:\/\/arantv.az\/wp-content\/uploads\/2022\/03\/274682616_314814917380563_3715730430153782097_n.jpg",620,413,false],"post-thumbnail":["https:\/\/arantv.az\/wp-content\/uploads\/2022\/03\/274682616_314814917380563_3715730430153782097_n-240x172.jpg",240,172,true],"advps-thumb-one":["https:\/\/arantv.az\/wp-content\/uploads\/2022\/03\/274682616_314814917380563_3715730430153782097_n.jpg",620,413,false]},"rttpg_author":{"display_name":"V\u00fcsal Rafiqo\u011flu","author_link":"https:\/\/arantv.az\/?author=2"},"rttpg_comment":0,"rttpg_category":"<a href=\"https:\/\/arantv.az\/?cat=7\" rel=\"category\">D\u00fcnya<\/a>","rttpg_excerpt":"NATO-nun ba\u015f katibi Yens Stoltenberq bildirib ki, haz\u0131rda alyans\u0131n n\u00fcv\u0259 q\u00fcvv\u0259l\u0259rinin haz\u0131rl\u0131q s\u0259viyy\u0259sini art\u0131rmaq \u00fc\u00e7\u00fcn he\u00e7 bir s\u0259b\u0259b g\u00f6rm\u00fcr. \u201cBiz h\u0259r zaman m\u00fctt\u0259fiql\u0259rimizi qorumaq v\u0259 m\u00fcdafi\u0259 etm\u0259k \u00fc\u00e7\u00fcn laz\u0131m olan h\u0259r \u015feyi ed\u0259c\u0259yik. Lakin biz hesab edirik ki, haz\u0131rda NATO n\u00fcv\u0259 q\u00fcvv\u0259l\u0259rinin haz\u0131rl\u0131q s\u0259viyy\u0259sini d\u0259yi\u015fm\u0259y\u0259 ehtiyac yoxdur\u201d, &#8211; Stoltenberq b\u0259yan edib. Qeyd ed\u0259k ki, bundan&hellip;","_links":{"self":[{"href":"https:\/\/arantv.az\/index.php?rest_route=\/wp\/v2\/posts\/446314"}],"collection":[{"href":"https:\/\/arantv.az\/index.php?rest_route=\/wp\/v2\/posts"}],"about":[{"href":"https:\/\/arantv.az\/index.php?rest_route=\/wp\/v2\/types\/post"}],"author":[{"embeddable":true,"href":"https:\/\/arantv.az\/index.php?rest_route=\/wp\/v2\/users\/2"}],"replies":[{"embeddable":true,"href":"https:\/\/arantv.az\/index.php?rest_route=%2Fwp%2Fv2%2Fcomments&post=446314"}],"version-history":[{"count":0,"href":"https:\/\/arantv.az\/index.php?rest_route=\/wp\/v2\/posts\/446314\/revisions"}],"wp:featuredmedia":[{"embeddable":true,"href":"https:\/\/arantv.az\/index.php?rest_route=\/wp\/v2\/media\/446315"}],"wp:attachment":[{"href":"https:\/\/arantv.az\/index.php?rest_route=%2Fwp%2Fv2%2Fmedia&parent=446314"}],"wp:term":[{"taxonomy":"category","embeddable":true,"href":"https:\/\/arantv.az\/index.php?rest_route=%2Fwp%2Fv2%2Fcategories&post=446314"},{"taxonomy":"post_tag","embeddable":true,"href":"https:\/\/arantv.az\/index.php?rest_route=%2Fwp%2Fv2%2Ftags&post=446314"}],"curies":[{"name":"wp","href":"https:\/\/api.w.org\/{rel}","templated":true}]}}