{"id":446317,"date":"2022-03-01T19:51:01","date_gmt":"2022-03-01T16:51:01","guid":{"rendered":"http:\/\/arantv.az\/?p=446317"},"modified":"2022-03-01T19:51:01","modified_gmt":"2022-03-01T16:51:01","slug":"agcab%c9%99di-rayon-icra-hakimiyy%c9%99tinin-bascisi-aparatinda-v%c9%99t%c9%99ndaslarin-q%c9%99buluna-baslanilib","status":"publish","type":"post","link":"https:\/\/arantv.az\/?p=446317","title":{"rendered":"A\u011fcab\u0259di Rayon \u0130cra Hakimiyy\u0259tinin ba\u015f\u00e7\u0131s\u0131 aparat\u0131nda v\u0259t\u0259nda\u015flar\u0131n q\u0259buluna ba\u015flan\u0131l\u0131b"},"content":{"rendered":"<p>Mart ay\u0131n\u0131n 1-d\u0259\u00a0 A\u011fcab\u0259di Rayon \u0130cra Hakimiyy\u0259tinin ba\u015f\u00e7\u0131s\u0131 aparat\u0131nda 2022-ci il \u00fc\u00e7\u00fcn\u00a0 v\u0259t\u0259nda\u015flar\u0131n\u00a0\u00a0 q\u0259buluna ba\u015flan\u0131l\u0131b. Rayon \u0130cra Hakimiyy\u0259ti Ba\u015f\u00e7\u0131s\u0131n\u0131n q\u0259bul vaxt\u0131 h\u0259ft\u0259nin ikinci g\u00fcnl\u0259ri saat 10-00-da ba\u015flan\u0131l\u0131r.\u00a0 H\u0259ft\u0259nin dig\u0259r g\u00fcnl\u0259rind\u0259 is\u0259 q\u0259bul icra ba\u015f\u00e7\u0131s\u0131n\u0131n m\u00fcavin v\u0259 \u015f\u00f6b\u0259 m\u00fcdirl\u0259ri t\u0259r\u0259find\u0259n qrafik\u0259 uy\u011fun olaraq h\u0259yata ke\u00e7irilir.<\/p>\n<p>V\u0259t\u0259nda\u015flar\u0131n q\u0259bulu A\u011fcab\u0259di rayon \u0130cra hakimiyy\u0259tind\u0259\u00a0 f\u0259aliyy\u0259t g\u00f6st\u0259r\u0259n M\u00fcraci\u0259tl\u0259r\u0259 Operativ Bax\u0131lma M\u0259rk\u0259zind\u0259 saat 10-00-dan 18-00-d\u0259k ke\u00e7irilir.<\/p>\n<p>Q\u0259bul vaxt\u0131\u00a0 bayram g\u00fcnl\u0259rin\u0259 d\u00fc\u015fd\u00fckd\u0259 v\u0259t\u0259nda\u015flar\u0131n q\u0259bulu n\u00f6vb\u0259ti i\u015f g\u00fcn\u00fcn\u0259 ke\u00e7irilir.<\/p>\n<p>Qeyd ed\u0259k ki, Milli Q\u0259hr\u0259manlar, onlar\u0131n ail\u0259 \u00fczvl\u0259ri,\u00a0 Qaraba\u011f m\u00fcharib\u0259si \u0259lill\u0259ri,\u00a0 \u015f\u0259hid ail\u0259l\u0259rinin \u00fczvl\u0259ri v\u0259 dig\u0259r\u00a0 imtiyazl\u0131 v\u0259t\u0259nda\u015flar\u00a0\u00a0 h\u0259ft\u0259nin ist\u0259nil\u0259n g\u00fcn\u00fc m\u00fcraci\u0259t etdikd\u0259 d\u0259rhal q\u0259bul olunurlar.<\/p>\n","protected":false},"excerpt":{"rendered":"<p>Mart ay\u0131n\u0131n 1-d\u0259\u00a0 A\u011fcab\u0259di Rayon \u0130cra Hakimiyy\u0259tinin ba\u015f\u00e7\u0131s\u0131 aparat\u0131nda 2022-ci il \u00fc\u00e7\u00fcn\u00a0 v\u0259t\u0259nda\u015flar\u0131n\u00a0\u00a0 q\u0259buluna ba\u015flan\u0131l\u0131b. Rayon \u0130cra Hakimiyy\u0259ti Ba\u015f\u00e7\u0131s\u0131n\u0131n q\u0259bul vaxt\u0131 h\u0259ft\u0259nin ikinci g\u00fcnl\u0259ri saat 10-00-da ba\u015flan\u0131l\u0131r.\u00a0 H\u0259ft\u0259nin dig\u0259r g\u00fcnl\u0259rind\u0259 is\u0259 q\u0259bul icra ba\u015f\u00e7\u0131s\u0131n\u0131n m\u00fcavin v\u0259 \u015f\u00f6b\u0259 m\u00fcdirl\u0259ri t\u0259r\u0259find\u0259n qrafik\u0259 uy\u011fun olaraq h\u0259yata ke\u00e7irilir. V\u0259t\u0259nda\u015flar\u0131n q\u0259bulu A\u011fcab\u0259di rayon \u0130cra hakimiyy\u0259tind\u0259\u00a0 f\u0259aliyy\u0259t g\u00f6st\u0259r\u0259n M\u00fcraci\u0259tl\u0259r\u0259 Operativ Bax\u0131lma M\u0259rk\u0259zind\u0259 saat 10-00-dan 18-00-d\u0259k ke\u00e7irilir. Q\u0259bul vaxt\u0131\u00a0 bayram g\u00fcnl\u0259rin\u0259 d\u00fc\u015fd\u00fckd\u0259 v\u0259t\u0259nda\u015flar\u0131n q\u0259bulu n\u00f6vb\u0259ti i\u015f g\u00fcn\u00fcn\u0259 ke\u00e7irilir. Qeyd ed\u0259k ki, Milli Q\u0259hr\u0259manlar, onlar\u0131n ail\u0259 \u00fczvl\u0259ri,\u00a0 Qaraba\u011f m\u00fcharib\u0259si \u0259lill\u0259ri,\u00a0 \u015f\u0259hid ail\u0259l\u0259rinin \u00fczvl\u0259ri v\u0259 dig\u0259r\u00a0 imtiyazl\u0131 v\u0259t\u0259nda\u015flar\u00a0\u00a0 h\u0259ft\u0259nin&hellip;<\/p>\n","protected":false},"author":2,"featured_media":446318,"comment_status":"closed","ping_status":"closed","sticky":false,"template":"","format":"standard","meta":{"om_disable_all_campaigns":false,"_monsterinsights_skip_tracking":false,"_monsterinsights_sitenote_active":false,"_monsterinsights_sitenote_note":"","_monsterinsights_sitenote_category":0},"categories":[2],"tags":[],"aioseo_notices":[],"gutentor_comment":0,"rttpg_featured_image_url":{"full":["https:\/\/arantv.az\/wp-content\/uploads\/2022\/03\/64e16745ffcc4d9fff199147e2896ddb.jpg",1024,683,false],"landscape":["https:\/\/arantv.az\/wp-content\/uploads\/2022\/03\/64e16745ffcc4d9fff199147e2896ddb.jpg",1024,683,false],"portraits":["https:\/\/arantv.az\/wp-content\/uploads\/2022\/03\/64e16745ffcc4d9fff199147e2896ddb.jpg",1024,683,false],"thumbnail":["https:\/\/arantv.az\/wp-content\/uploads\/2022\/03\/64e16745ffcc4d9fff199147e2896ddb-500x280.jpg",500,280,true],"medium":["https:\/\/arantv.az\/wp-content\/uploads\/2022\/03\/64e16745ffcc4d9fff199147e2896ddb-547x365.jpg",547,365,true],"large":["https:\/\/arantv.az\/wp-content\/uploads\/2022\/03\/64e16745ffcc4d9fff199147e2896ddb-840x560.jpg",640,427,true],"1536x1536":["https:\/\/arantv.az\/wp-content\/uploads\/2022\/03\/64e16745ffcc4d9fff199147e2896ddb.jpg",1024,683,false],"2048x2048":["https:\/\/arantv.az\/wp-content\/uploads\/2022\/03\/64e16745ffcc4d9fff199147e2896ddb.jpg",1024,683,false],"post-thumbnail":["https:\/\/arantv.az\/wp-content\/uploads\/2022\/03\/64e16745ffcc4d9fff199147e2896ddb-240x172.jpg",240,172,true],"advps-thumb-one":["https:\/\/arantv.az\/wp-content\/uploads\/2022\/03\/64e16745ffcc4d9fff199147e2896ddb-1024x620.jpg",1024,620,true]},"rttpg_author":{"display_name":"V\u00fcsal Rafiqo\u011flu","author_link":"https:\/\/arantv.az\/?author=2"},"rttpg_comment":0,"rttpg_category":"<a href=\"https:\/\/arantv.az\/?cat=2\" rel=\"category\">Region X\u0259b\u0259rl\u0259ri<\/a>","rttpg_excerpt":"Mart ay\u0131n\u0131n 1-d\u0259\u00a0 A\u011fcab\u0259di Rayon \u0130cra Hakimiyy\u0259tinin ba\u015f\u00e7\u0131s\u0131 aparat\u0131nda 2022-ci il \u00fc\u00e7\u00fcn\u00a0 v\u0259t\u0259nda\u015flar\u0131n\u00a0\u00a0 q\u0259buluna ba\u015flan\u0131l\u0131b. Rayon \u0130cra Hakimiyy\u0259ti Ba\u015f\u00e7\u0131s\u0131n\u0131n q\u0259bul vaxt\u0131 h\u0259ft\u0259nin ikinci g\u00fcnl\u0259ri saat 10-00-da ba\u015flan\u0131l\u0131r.\u00a0 H\u0259ft\u0259nin dig\u0259r g\u00fcnl\u0259rind\u0259 is\u0259 q\u0259bul icra ba\u015f\u00e7\u0131s\u0131n\u0131n m\u00fcavin v\u0259 \u015f\u00f6b\u0259 m\u00fcdirl\u0259ri t\u0259r\u0259find\u0259n qrafik\u0259 uy\u011fun olaraq h\u0259yata ke\u00e7irilir. V\u0259t\u0259nda\u015flar\u0131n q\u0259bulu A\u011fcab\u0259di rayon \u0130cra hakimiyy\u0259tind\u0259\u00a0 f\u0259aliyy\u0259t g\u00f6st\u0259r\u0259n M\u00fcraci\u0259tl\u0259r\u0259 Operativ Bax\u0131lma&hellip;","_links":{"self":[{"href":"https:\/\/arantv.az\/index.php?rest_route=\/wp\/v2\/posts\/446317"}],"collection":[{"href":"https:\/\/arantv.az\/index.php?rest_route=\/wp\/v2\/posts"}],"about":[{"href":"https:\/\/arantv.az\/index.php?rest_route=\/wp\/v2\/types\/post"}],"author":[{"embeddable":true,"href":"https:\/\/arantv.az\/index.php?rest_route=\/wp\/v2\/users\/2"}],"replies":[{"embeddable":true,"href":"https:\/\/arantv.az\/index.php?rest_route=%2Fwp%2Fv2%2Fcomments&post=446317"}],"version-history":[{"count":0,"href":"https:\/\/arantv.az\/index.php?rest_route=\/wp\/v2\/posts\/446317\/revisions"}],"wp:featuredmedia":[{"embeddable":true,"href":"https:\/\/arantv.az\/index.php?rest_route=\/wp\/v2\/media\/446318"}],"wp:attachment":[{"href":"https:\/\/arantv.az\/index.php?rest_route=%2Fwp%2Fv2%2Fmedia&parent=446317"}],"wp:term":[{"taxonomy":"category","embeddable":true,"href":"https:\/\/arantv.az\/index.php?rest_route=%2Fwp%2Fv2%2Fcategories&post=446317"},{"taxonomy":"post_tag","embeddable":true,"href":"https:\/\/arantv.az\/index.php?rest_route=%2Fwp%2Fv2%2Ftags&post=446317"}],"curies":[{"name":"wp","href":"https:\/\/api.w.org\/{rel}","templated":true}]}}