{"id":446326,"date":"2022-03-01T19:56:13","date_gmt":"2022-03-01T16:56:13","guid":{"rendered":"http:\/\/arantv.az\/?p=446326"},"modified":"2022-03-01T19:56:13","modified_gmt":"2022-03-01T16:56:13","slug":"susa-qafqazin-s%c9%99n%c9%99t-m%c9%99b%c9%99di-intellektual-yarisi","status":"publish","type":"post","link":"https:\/\/arantv.az\/?p=446326","title":{"rendered":"\u201c\u015eu\u015fa \u2013 Qafqaz\u0131n s\u0259n\u0259t m\u0259b\u0259di\u201d intellektual yar\u0131\u015f\u0131"},"content":{"rendered":"<p>Masall\u0131 m\u0259kt\u0259blil\u0259ri aras\u0131nda \u201c\u015eu\u015fa \u2013 Qafqaz\u0131n s\u0259n\u0259t m\u0259b\u0259di\u201d layih\u0259si \u00e7\u0259r\u00e7iv\u0259sind\u0259 intellektual yar\u0131\u015f ke\u00e7irilib.<\/p>\n<p>Mart\u0131n 1-d\u0259 Masall\u0131 rayon Heyd\u0259r \u018fliyev M\u0259rk\u0259zind\u0259 \u201c\u015eu\u015fa \u0130li\u201dn\u0259 h\u0259sr olunmu\u015f \u201c\u015eu\u015fa \u2013 Qafqaz\u0131n s\u0259n\u0259t m\u0259b\u0259di\u201d layih\u0259si \u00e7\u0259r\u00e7iv\u0259sind\u0259 m\u0259kt\u0259blil\u0259r aras\u0131nda intellektual bilik yar\u0131\u015f\u0131 t\u0259\u015fkil edilib.<\/p>\n<p>Bilik yar\u0131\u015f\u0131nda Masall\u0131 \u015f\u0259h\u0259r 1, 2, 3 sayl\u0131 tam orta m\u0259kt\u0259bl\u0259ri, Mahmudavar k\u0259nd tam orta v\u0259 D\u0259mir\u00e7i k\u0259nd \u00fcmumi orta m\u0259kt\u0259bl\u0259rin 8-11-ci sinif \u015fagirdl\u0259ri m\u00fcbariz\u0259 apar\u0131blar. H\u0259r birind\u0259 5 \u015fagird olmaqla, 5 m\u0259kt\u0259b komandas\u0131 i\u015ftirak edib. Yar\u0131\u015f 1 turdan ibar\u0259t olub.<\/p>\n<p>\u015eagirdl\u0259r aras\u0131nda ke\u00e7iril\u0259n yar\u0131\u015fa ba\u015flamazdan \u00f6nc\u0259 ulu \u00f6nd\u0259r Heyd\u0259r \u018fliyevin v\u0259 V\u0259t\u0259n u\u011frunda canlar\u0131ndan ke\u00e7\u0259n \u015f\u0259hidl\u0259rimizin ruhu bir d\u0259qiq\u0259lik s\u00fckutla yad edilib.<\/p>\n<p>Masall\u0131 rayon Heyd\u0259r \u018fliyev M\u0259rk\u0259zinin \u0259m\u0259kda\u015f\u0131 G\u00fclcahan V\u0259kilzad\u0259nin moderatorlu\u011fu il\u0259 davam ed\u0259n yar\u0131\u015fda m\u0259d\u0259niyy\u0259timizin paytaxt\u0131 \u015eu\u015fa \u015f\u0259h\u0259ri il\u0259 ba\u011fl\u0131 suallar s\u0259sl\u0259ndirilib. Masall\u0131 rayon Heyd\u0259r \u018fliyev M\u0259rk\u0259zinin direktoru Dilb\u0259r \u0130bayeva, Masall\u0131 Regional M\u0259d\u0259niyy\u0259t \u0130dar\u0259sinin n\u00fcmay\u0259nd\u0259si H\u0259bib A\u011fayev v\u0259 Masall\u0131 Tarix-Diyar\u015f\u00fcnasl\u0131q Muzeyinin direktoru \u018fntiq\u0259 Ta\u011f\u0131yevadan ibar\u0259t m\u00fcnsifl\u0259r hey\u0259ti cavablar\u0131 qiym\u0259tl\u0259ndirib.<\/p>\n<p>N\u0259tic\u0259l\u0259r\u0259 \u0259sas\u0259n, Mahmudavar k\u0259nd tam orta m\u0259kt\u0259bin komandas\u0131 qalib olub.<br \/>\nT\u0259dbirin sonunda intellektual bilik yar\u0131\u015f\u0131n\u0131n b\u00fct\u00fcn komandalar\u0131na f\u0259al i\u015ftiraklar\u0131na g\u00f6r\u0259 \u201cT\u0259\u015f\u0259kk\u00fcrnam\u0259\u201dl\u0259r t\u0259qdim olunub. Qalib komanda is\u0259 \u201cF\u0259xri F\u0259rman\u201dla t\u0259ltif edilib.<\/p>\n","protected":false},"excerpt":{"rendered":"<p>Masall\u0131 m\u0259kt\u0259blil\u0259ri aras\u0131nda \u201c\u015eu\u015fa \u2013 Qafqaz\u0131n s\u0259n\u0259t m\u0259b\u0259di\u201d layih\u0259si \u00e7\u0259r\u00e7iv\u0259sind\u0259 intellektual yar\u0131\u015f ke\u00e7irilib. Mart\u0131n 1-d\u0259 Masall\u0131 rayon Heyd\u0259r \u018fliyev M\u0259rk\u0259zind\u0259 \u201c\u015eu\u015fa \u0130li\u201dn\u0259 h\u0259sr olunmu\u015f \u201c\u015eu\u015fa \u2013 Qafqaz\u0131n s\u0259n\u0259t m\u0259b\u0259di\u201d layih\u0259si \u00e7\u0259r\u00e7iv\u0259sind\u0259 m\u0259kt\u0259blil\u0259r aras\u0131nda intellektual bilik yar\u0131\u015f\u0131 t\u0259\u015fkil edilib. Bilik yar\u0131\u015f\u0131nda Masall\u0131 \u015f\u0259h\u0259r 1, 2, 3 sayl\u0131 tam orta m\u0259kt\u0259bl\u0259ri, Mahmudavar k\u0259nd tam orta v\u0259 D\u0259mir\u00e7i k\u0259nd \u00fcmumi orta m\u0259kt\u0259bl\u0259rin 8-11-ci sinif \u015fagirdl\u0259ri m\u00fcbariz\u0259 apar\u0131blar. H\u0259r birind\u0259 5 \u015fagird olmaqla, 5 m\u0259kt\u0259b komandas\u0131 i\u015ftirak edib. Yar\u0131\u015f 1 turdan ibar\u0259t olub. \u015eagirdl\u0259r aras\u0131nda ke\u00e7iril\u0259n yar\u0131\u015fa ba\u015flamazdan \u00f6nc\u0259 ulu \u00f6nd\u0259r Heyd\u0259r \u018fliyevin v\u0259&hellip;<\/p>\n","protected":false},"author":2,"featured_media":446327,"comment_status":"closed","ping_status":"closed","sticky":false,"template":"","format":"standard","meta":{"om_disable_all_campaigns":false,"_monsterinsights_skip_tracking":false,"_monsterinsights_sitenote_active":false,"_monsterinsights_sitenote_note":"","_monsterinsights_sitenote_category":0},"categories":[2],"tags":[],"aioseo_notices":[],"gutentor_comment":0,"rttpg_featured_image_url":{"full":["https:\/\/arantv.az\/wp-content\/uploads\/2022\/03\/8a2e9268b1edb6ba24e65662b7662a6a-scaled.jpg",2560,1707,false],"landscape":["https:\/\/arantv.az\/wp-content\/uploads\/2022\/03\/8a2e9268b1edb6ba24e65662b7662a6a-scaled.jpg",2560,1707,false],"portraits":["https:\/\/arantv.az\/wp-content\/uploads\/2022\/03\/8a2e9268b1edb6ba24e65662b7662a6a-scaled.jpg",2560,1707,false],"thumbnail":["https:\/\/arantv.az\/wp-content\/uploads\/2022\/03\/8a2e9268b1edb6ba24e65662b7662a6a-500x280.jpg",500,280,true],"medium":["https:\/\/arantv.az\/wp-content\/uploads\/2022\/03\/8a2e9268b1edb6ba24e65662b7662a6a-548x365.jpg",548,365,true],"large":["https:\/\/arantv.az\/wp-content\/uploads\/2022\/03\/8a2e9268b1edb6ba24e65662b7662a6a-840x560.jpg",640,427,true],"1536x1536":["https:\/\/arantv.az\/wp-content\/uploads\/2022\/03\/8a2e9268b1edb6ba24e65662b7662a6a-1536x1024.jpg",1536,1024,true],"2048x2048":["https:\/\/arantv.az\/wp-content\/uploads\/2022\/03\/8a2e9268b1edb6ba24e65662b7662a6a-2048x1365.jpg",2048,1365,true],"post-thumbnail":["https:\/\/arantv.az\/wp-content\/uploads\/2022\/03\/8a2e9268b1edb6ba24e65662b7662a6a-240x172.jpg",240,172,true],"advps-thumb-one":["https:\/\/arantv.az\/wp-content\/uploads\/2022\/03\/8a2e9268b1edb6ba24e65662b7662a6a-1200x620.jpg",1200,620,true]},"rttpg_author":{"display_name":"V\u00fcsal Rafiqo\u011flu","author_link":"https:\/\/arantv.az\/?author=2"},"rttpg_comment":0,"rttpg_category":"<a href=\"https:\/\/arantv.az\/?cat=2\" rel=\"category\">Region X\u0259b\u0259rl\u0259ri<\/a>","rttpg_excerpt":"Masall\u0131 m\u0259kt\u0259blil\u0259ri aras\u0131nda \u201c\u015eu\u015fa \u2013 Qafqaz\u0131n s\u0259n\u0259t m\u0259b\u0259di\u201d layih\u0259si \u00e7\u0259r\u00e7iv\u0259sind\u0259 intellektual yar\u0131\u015f ke\u00e7irilib. Mart\u0131n 1-d\u0259 Masall\u0131 rayon Heyd\u0259r \u018fliyev M\u0259rk\u0259zind\u0259 \u201c\u015eu\u015fa \u0130li\u201dn\u0259 h\u0259sr olunmu\u015f \u201c\u015eu\u015fa \u2013 Qafqaz\u0131n s\u0259n\u0259t m\u0259b\u0259di\u201d layih\u0259si \u00e7\u0259r\u00e7iv\u0259sind\u0259 m\u0259kt\u0259blil\u0259r aras\u0131nda intellektual bilik yar\u0131\u015f\u0131 t\u0259\u015fkil edilib. Bilik yar\u0131\u015f\u0131nda Masall\u0131 \u015f\u0259h\u0259r 1, 2, 3 sayl\u0131 tam orta m\u0259kt\u0259bl\u0259ri, Mahmudavar k\u0259nd tam orta v\u0259 D\u0259mir\u00e7i&hellip;","_links":{"self":[{"href":"https:\/\/arantv.az\/index.php?rest_route=\/wp\/v2\/posts\/446326"}],"collection":[{"href":"https:\/\/arantv.az\/index.php?rest_route=\/wp\/v2\/posts"}],"about":[{"href":"https:\/\/arantv.az\/index.php?rest_route=\/wp\/v2\/types\/post"}],"author":[{"embeddable":true,"href":"https:\/\/arantv.az\/index.php?rest_route=\/wp\/v2\/users\/2"}],"replies":[{"embeddable":true,"href":"https:\/\/arantv.az\/index.php?rest_route=%2Fwp%2Fv2%2Fcomments&post=446326"}],"version-history":[{"count":0,"href":"https:\/\/arantv.az\/index.php?rest_route=\/wp\/v2\/posts\/446326\/revisions"}],"wp:featuredmedia":[{"embeddable":true,"href":"https:\/\/arantv.az\/index.php?rest_route=\/wp\/v2\/media\/446327"}],"wp:attachment":[{"href":"https:\/\/arantv.az\/index.php?rest_route=%2Fwp%2Fv2%2Fmedia&parent=446326"}],"wp:term":[{"taxonomy":"category","embeddable":true,"href":"https:\/\/arantv.az\/index.php?rest_route=%2Fwp%2Fv2%2Fcategories&post=446326"},{"taxonomy":"post_tag","embeddable":true,"href":"https:\/\/arantv.az\/index.php?rest_route=%2Fwp%2Fv2%2Ftags&post=446326"}],"curies":[{"name":"wp","href":"https:\/\/api.w.org\/{rel}","templated":true}]}}