{"id":446329,"date":"2022-03-01T19:59:37","date_gmt":"2022-03-01T16:59:37","guid":{"rendered":"http:\/\/arantv.az\/?p=446329"},"modified":"2022-03-01T19:59:37","modified_gmt":"2022-03-01T16:59:37","slug":"kiyev-telequll%c9%99sinin-partlamasi-n%c9%99tic%c9%99sind%c9%99-insan-itkisi-var-yenil%c9%99nib-video","status":"publish","type":"post","link":"https:\/\/arantv.az\/?p=446329","title":{"rendered":"Kiyev teleq\u00fcll\u0259sinin partlamas\u0131 n\u0259tic\u0259sind\u0259 insan itkisi var &#8211; YEN\u0130L\u018fN\u0130B + V\u0130DEO"},"content":{"rendered":"<article class=\"news\">\n<div class=\"news-inner\">\n<p>Ukraynada teleq\u00fcll\u0259nin raketl\u0259 vurulmas\u0131 itkisiz \u00f6t\u00fc\u015fm\u0259yib. \u0130lkin m\u0259lumatlara g\u00f6r\u0259, hadis\u0259 n\u0259tic\u0259sind\u0259 be\u015f n\u0259f\u0259r \u00f6l\u00fcb.<\/p>\n<p>\u00d6lk\u0259 medias\u0131nda yay\u0131lan m\u0259lumatlara g\u00f6r\u0259, insident n\u0259tic\u0259sind\u0259 daha be\u015f n\u0259f\u0259r yaralan\u0131b.<\/p>\n<div class=\"AdviadNativeVideo\"><\/div>\n<p>M\u0259nb\u0259: rbc.ua<\/p>\n<p><strong>20:04<\/strong><\/p>\n<p>Ukraynan\u0131n paytaxt\u0131 Kiyevd\u0259 teleq\u00fcll\u0259nin at\u0259\u015f\u0259 tutulmas\u0131 n\u0259tic\u0259sind\u0259 b\u0259zi telekanallar\u0131n yay\u0131m\u0131 dayan\u0131b.<\/p>\n<p>B bar\u0259d\u0259 Ukrayna Daxili \u0130\u015fl\u0259r Nazirliyi m\u0259lumat yay\u0131b.<\/p>\n<p>Bildirilib ki, yax\u0131n saatlarda kanallar\u0131n bir hiss\u0259sinin yay\u0131m\u0131 b\u0259rpa olunacaq.<\/p>\n<p><strong>19:23<\/strong><\/p>\n<p>Ukraynan\u0131n paytaxt\u0131 Kiyevin teleq\u00fcll\u0259si Rusiya q\u00fcvv\u0259l\u0259rinin at\u0259\u015fin\u0259 m\u0259ruz qal\u0131b.<\/p>\n<p>Bunu Ukrayna daxili i\u015fl\u0259r nazirinin m\u00fc\u015faviri Anton Gera\u015fenko teleqramda bildirib.<\/p>\n<p>Raket z\u0259rb\u0259si n\u0259tic\u0259sind\u0259 teleq\u00fcll\u0259d\u0259 yan\u011f\u0131n ba\u015flay\u0131b. Haz\u0131rda yan\u011f\u0131n\u0131n davam etdiyi bildirilir.<\/p>\n<div><iframe loading=\"lazy\" src=\"https:\/\/player.baku.tv\/embed\/51090\" width=\"560\" height=\"315\" frameborder=\"0\" allowfullscreen=\"allowfullscreen\" data-mce-fragment=\"1\"><\/iframe><\/div>\n<\/div>\n<\/article>\n","protected":false},"excerpt":{"rendered":"<p>Ukraynada teleq\u00fcll\u0259nin raketl\u0259 vurulmas\u0131 itkisiz \u00f6t\u00fc\u015fm\u0259yib. \u0130lkin m\u0259lumatlara g\u00f6r\u0259, hadis\u0259 n\u0259tic\u0259sind\u0259 be\u015f n\u0259f\u0259r \u00f6l\u00fcb. \u00d6lk\u0259 medias\u0131nda yay\u0131lan m\u0259lumatlara g\u00f6r\u0259, insident n\u0259tic\u0259sind\u0259 daha be\u015f n\u0259f\u0259r yaralan\u0131b. M\u0259nb\u0259: rbc.ua 20:04 Ukraynan\u0131n paytaxt\u0131 Kiyevd\u0259 teleq\u00fcll\u0259nin at\u0259\u015f\u0259 tutulmas\u0131 n\u0259tic\u0259sind\u0259 b\u0259zi telekanallar\u0131n yay\u0131m\u0131 dayan\u0131b. B bar\u0259d\u0259 Ukrayna Daxili \u0130\u015fl\u0259r Nazirliyi m\u0259lumat yay\u0131b. Bildirilib ki, yax\u0131n saatlarda kanallar\u0131n bir hiss\u0259sinin yay\u0131m\u0131 b\u0259rpa olunacaq. 19:23 Ukraynan\u0131n paytaxt\u0131 Kiyevin teleq\u00fcll\u0259si Rusiya q\u00fcvv\u0259l\u0259rinin at\u0259\u015fin\u0259 m\u0259ruz qal\u0131b. Bunu Ukrayna daxili i\u015fl\u0259r nazirinin m\u00fc\u015faviri Anton Gera\u015fenko teleqramda bildirib. Raket z\u0259rb\u0259si n\u0259tic\u0259sind\u0259 teleq\u00fcll\u0259d\u0259 yan\u011f\u0131n ba\u015flay\u0131b. Haz\u0131rda yan\u011f\u0131n\u0131n davam etdiyi bildirilir.<\/p>\n","protected":false},"author":2,"featured_media":446256,"comment_status":"closed","ping_status":"closed","sticky":false,"template":"","format":"standard","meta":{"om_disable_all_campaigns":false,"_monsterinsights_skip_tracking":false,"_monsterinsights_sitenote_active":false,"_monsterinsights_sitenote_note":"","_monsterinsights_sitenote_category":0},"categories":[7],"tags":[],"aioseo_notices":[],"gutentor_comment":0,"rttpg_featured_image_url":{"full":["https:\/\/arantv.az\/wp-content\/uploads\/2022\/03\/FotoJet-2022-03-01T192146.453.jpg",620,413,false],"landscape":["https:\/\/arantv.az\/wp-content\/uploads\/2022\/03\/FotoJet-2022-03-01T192146.453.jpg",620,413,false],"portraits":["https:\/\/arantv.az\/wp-content\/uploads\/2022\/03\/FotoJet-2022-03-01T192146.453.jpg",620,413,false],"thumbnail":["https:\/\/arantv.az\/wp-content\/uploads\/2022\/03\/FotoJet-2022-03-01T192146.453-500x280.jpg",500,280,true],"medium":["https:\/\/arantv.az\/wp-content\/uploads\/2022\/03\/FotoJet-2022-03-01T192146.453-548x365.jpg",548,365,true],"large":["https:\/\/arantv.az\/wp-content\/uploads\/2022\/03\/FotoJet-2022-03-01T192146.453.jpg",620,413,false],"1536x1536":["https:\/\/arantv.az\/wp-content\/uploads\/2022\/03\/FotoJet-2022-03-01T192146.453.jpg",620,413,false],"2048x2048":["https:\/\/arantv.az\/wp-content\/uploads\/2022\/03\/FotoJet-2022-03-01T192146.453.jpg",620,413,false],"post-thumbnail":["https:\/\/arantv.az\/wp-content\/uploads\/2022\/03\/FotoJet-2022-03-01T192146.453-240x172.jpg",240,172,true],"advps-thumb-one":["https:\/\/arantv.az\/wp-content\/uploads\/2022\/03\/FotoJet-2022-03-01T192146.453.jpg",620,413,false]},"rttpg_author":{"display_name":"V\u00fcsal Rafiqo\u011flu","author_link":"https:\/\/arantv.az\/?author=2"},"rttpg_comment":0,"rttpg_category":"<a href=\"https:\/\/arantv.az\/?cat=7\" rel=\"category\">D\u00fcnya<\/a>","rttpg_excerpt":"Ukraynada teleq\u00fcll\u0259nin raketl\u0259 vurulmas\u0131 itkisiz \u00f6t\u00fc\u015fm\u0259yib. \u0130lkin m\u0259lumatlara g\u00f6r\u0259, hadis\u0259 n\u0259tic\u0259sind\u0259 be\u015f n\u0259f\u0259r \u00f6l\u00fcb. \u00d6lk\u0259 medias\u0131nda yay\u0131lan m\u0259lumatlara g\u00f6r\u0259, insident n\u0259tic\u0259sind\u0259 daha be\u015f n\u0259f\u0259r yaralan\u0131b. M\u0259nb\u0259: rbc.ua 20:04 Ukraynan\u0131n paytaxt\u0131 Kiyevd\u0259 teleq\u00fcll\u0259nin at\u0259\u015f\u0259 tutulmas\u0131 n\u0259tic\u0259sind\u0259 b\u0259zi telekanallar\u0131n yay\u0131m\u0131 dayan\u0131b. B bar\u0259d\u0259 Ukrayna Daxili \u0130\u015fl\u0259r Nazirliyi m\u0259lumat yay\u0131b. Bildirilib ki, yax\u0131n saatlarda kanallar\u0131n bir hiss\u0259sinin yay\u0131m\u0131&hellip;","_links":{"self":[{"href":"https:\/\/arantv.az\/index.php?rest_route=\/wp\/v2\/posts\/446329"}],"collection":[{"href":"https:\/\/arantv.az\/index.php?rest_route=\/wp\/v2\/posts"}],"about":[{"href":"https:\/\/arantv.az\/index.php?rest_route=\/wp\/v2\/types\/post"}],"author":[{"embeddable":true,"href":"https:\/\/arantv.az\/index.php?rest_route=\/wp\/v2\/users\/2"}],"replies":[{"embeddable":true,"href":"https:\/\/arantv.az\/index.php?rest_route=%2Fwp%2Fv2%2Fcomments&post=446329"}],"version-history":[{"count":0,"href":"https:\/\/arantv.az\/index.php?rest_route=\/wp\/v2\/posts\/446329\/revisions"}],"wp:featuredmedia":[{"embeddable":true,"href":"https:\/\/arantv.az\/index.php?rest_route=\/wp\/v2\/media\/446256"}],"wp:attachment":[{"href":"https:\/\/arantv.az\/index.php?rest_route=%2Fwp%2Fv2%2Fmedia&parent=446329"}],"wp:term":[{"taxonomy":"category","embeddable":true,"href":"https:\/\/arantv.az\/index.php?rest_route=%2Fwp%2Fv2%2Fcategories&post=446329"},{"taxonomy":"post_tag","embeddable":true,"href":"https:\/\/arantv.az\/index.php?rest_route=%2Fwp%2Fv2%2Ftags&post=446329"}],"curies":[{"name":"wp","href":"https:\/\/api.w.org\/{rel}","templated":true}]}}