{"id":446339,"date":"2022-03-01T20:32:55","date_gmt":"2022-03-01T17:32:55","guid":{"rendered":"http:\/\/arantv.az\/?p=446339"},"modified":"2022-03-01T20:32:55","modified_gmt":"2022-03-01T17:32:55","slug":"qadin-v%c9%99-usaqlar-t%c9%99yyar%c9%99-kisil%c9%99r-avtobuslarla-ruminiyadan-az%c9%99rbaycana-yola-salinir","status":"publish","type":"post","link":"https:\/\/arantv.az\/?p=446339","title":{"rendered":"Qad\u0131n v\u0259 u\u015faqlar t\u0259yyar\u0259, ki\u015fil\u0259r avtobuslarla Rum\u0131niyadan Az\u0259rbaycana yola sal\u0131n\u0131r"},"content":{"rendered":"<p>Ukraynadan Moldovaya g\u0259l\u0259n Az\u0259rbaycan v\u0259t\u0259nda\u015flar\u0131ndan 485 n\u0259f\u0259r Rum\u0131niyaya yola sal\u0131n\u0131b.<\/p>\n<p><strong>ARANTV.AZ\u00a0 x\u0259b\u0259r verir ki,<\/strong>\u00a0\u00a0bunu\u00a0Az\u0259rbaycan\u0131n Moldovadak\u0131 s\u0259firi Q\u00fcdsi Osmanov bildirib.<\/p>\n<p>Q. Osmanov deyib ki, art\u0131q Az\u0259rbaycan v\u0259t\u0259nda\u015flar\u0131 aras\u0131nda qad\u0131nlar, u\u015faqlar v\u0259 \u0259lill\u0259r \u201cAz\u0259rbaycan Hava Yollar\u0131\u201d Qapal\u0131 S\u0259hmdar C\u0259miyy\u0259tinin (AZAL) t\u0259yyar\u0259l\u0259ri il\u0259 Buxarestd\u0259n Bakya, ki\u015fil\u0259r is\u0259 avtobuslarla Rum\u0131niya, Bolqar\u0131stan v\u0259 T\u00fcrkiy\u0259 \u00fcz\u0259rind\u0259n Az\u0259rbaycana yola sal\u0131n\u0131r. Onun s\u00f6zl\u0259rin\u0259 g\u00f6r\u0259, sabah s\u0259h\u0259r saat 08.00-da da 140 n\u0259f\u0259r qad\u0131n, u\u015faq v\u0259 \u0259lil t\u0259yyar\u0259 il\u0259 Buxarestd\u0259n Bak\u0131ya yola sal\u0131nacaq: \u201cAz\u0259rbaycan Prezidenti \u0130lham \u018fliyevin tap\u015f\u0131r\u0131\u011f\u0131na \u0259sas\u0259n, Az\u0259rbaycan v\u0259t\u0259nda\u015flar\u0131n\u0131n Buxarestd\u0259n Bak\u0131ya g\u0259tirilm\u0259si \u00fc\u00e7\u00fcn AZAL g\u00fcn \u0259rzind\u0259 bir, b\u0259z\u0259n d\u0259 iki t\u0259yyar\u0259 g\u00f6nd\u0259rir. Biz art\u0131q t\u0259yyar\u0259 il\u0259 yaln\u0131z qad\u0131nlar, u\u015faqlar v\u0259 \u0259lill\u0259rin Az\u0259rbaycana yola sal\u0131nmas\u0131na q\u0259rar vermi\u015fik. Ki\u015fil\u0259r is\u0259 avtobuslarla \u00f6lk\u0259miz\u0259 yola sal\u0131n\u0131r. Eyni zamanda d\u00f6vl\u0259t ba\u015f\u00e7\u0131s\u0131n\u0131n tap\u015f\u0131r\u0131\u011f\u0131na uy\u011fun olaraq Az\u0259rbaycan Xarici \u0130\u015fl\u0259r Nazirliyi Rum\u0131niya v\u0259 Bolqar\u0131stan xarici siyas\u0259t idar\u0259l\u0259ri il\u0259 dan\u0131\u015f\u0131qlar apar\u0131b, Ukraynadan \u00e7\u0131xan Az\u0259rbaycan v\u0259t\u0259nda\u015flar\u0131 \u015f\u0259xsi avtomobill\u0259ri il\u0259 \u00f6lk\u0259miz\u0259 ged\u0259 bil\u0259rl\u0259r. Bunun \u00fc\u00e7\u00fcn biz s\u0259firlik olaraq m\u00fcvafiq s\u0259n\u0259d d\u0259 veririk\u201d.<\/p>\n<p>S\u0259fir Ukraynadan Moldovaya ke\u00e7\u0259n Az\u0259rbaycan v\u0259t\u0259nda\u015flar\u0131 il\u0259 ba\u011fl\u0131 \u0259sas probleml\u0259ri d\u0259 a\u00e7\u0131qlay\u0131b: Birincisi, \u00e7oxsayl\u0131 v\u0259t\u0259nda\u015flar\u0131m\u0131z\u0131n u\u015faqlar\u0131n\u0131n s\u0259n\u0259dl\u0259ri qaydas\u0131nda deyil. D\u00f6vl\u0259t h\u0259r il b\u00fcdc\u0259d\u0259n Az\u0259rbaycan\u0131n konsullar\u0131na pul ay\u0131r\u0131r ki, f\u0259aliyy\u0259t g\u00f6st\u0259rdikl\u0259ri \u00f6lk\u0259l\u0259rd\u0259 b\u00f6lg\u0259l\u0259r\u0259 s\u0259yyar s\u0259f\u0259rl\u0259r etsinl\u0259r, Az\u0259rbaycan v\u0259t\u0259nda\u015flar\u0131n\u0131n s\u0259n\u0259dl\u0259rini qaydaya sals\u0131nlar. T\u0259\u0259ss\u00fcf ki, bir \u00e7ox konsullar\u0131m\u0131z bu i\u015fi g\u00f6rm\u0259yib. Ukraynada bu problem var. M\u0259n Rusiyada v\u0259ziyy\u0259tin Ukraynadan da pis oldu\u011funu bilir\u0259m. Bu g\u00fcn Ukraynadan Moldovaya ke\u00e7\u0259n Az\u0259rbaycan v\u0259t\u0259nda\u015flar\u0131 il\u0259 ba\u011fl\u0131 h\u0259min problemi biz yoluna qoymal\u0131 oluruq. O u\u015faqlar\u0131n \u015f\u0259kilini \u00e7\u0259kir, s\u0259n\u0259dl\u0259rini qaydaya sal\u0131r\u0131q ki, Moldova-Rum\u0131niya s\u0259rh\u0259dini ke\u00e7ir\u0259k, sonra da Rum\u0131niya \u00fcz\u0259rind\u0259n Az\u0259rbaycana g\u00f6nd\u0259r\u0259 bil\u0259k. B\u00fct\u00fcn bunlar da biz\u0259 \u0259lav\u0259 \u00e7\u0259tinlik yarad\u0131r. \u0130kincisi, biz Moldovadan g\u0259l\u0259n v\u0259t\u0259nda\u015flar\u0131m\u0131z\u0131 burada m\u00fcv\u0259qq\u0259ti m\u00fcxt\u0259lif m\u0259kanlarda, o c\u00fcml\u0259d\u0259n universitetl\u0259rin yataqxanalar\u0131nda da yerl\u0259\u015fdiririk. H\u0259tta m\u0259nim xahi\u015fiml\u0259 500 n\u0259f\u0259r yerl\u0259\u015f\u0259 bil\u0259n bir kazarma da ayr\u0131lm\u0131\u015fd\u0131. Bu g\u0259rgin m\u0259qamda insanlar\u0131m\u0131z\u0131 ba\u015fa d\u00fc\u015f\u00fcr\u0259m. Bir daha v\u0259t\u0259nda\u015flar\u0131m\u0131z\u0131 s\u0259brli olma\u011fa \u00e7a\u011f\u0131r\u0131ram\u201d.<\/p>\n","protected":false},"excerpt":{"rendered":"<p>Ukraynadan Moldovaya g\u0259l\u0259n Az\u0259rbaycan v\u0259t\u0259nda\u015flar\u0131ndan 485 n\u0259f\u0259r Rum\u0131niyaya yola sal\u0131n\u0131b. ARANTV.AZ\u00a0 x\u0259b\u0259r verir ki,\u00a0\u00a0bunu\u00a0Az\u0259rbaycan\u0131n Moldovadak\u0131 s\u0259firi Q\u00fcdsi Osmanov bildirib. Q. Osmanov deyib ki, art\u0131q Az\u0259rbaycan v\u0259t\u0259nda\u015flar\u0131 aras\u0131nda qad\u0131nlar, u\u015faqlar v\u0259 \u0259lill\u0259r \u201cAz\u0259rbaycan Hava Yollar\u0131\u201d Qapal\u0131 S\u0259hmdar C\u0259miyy\u0259tinin (AZAL) t\u0259yyar\u0259l\u0259ri il\u0259 Buxarestd\u0259n Bakya, ki\u015fil\u0259r is\u0259 avtobuslarla Rum\u0131niya, Bolqar\u0131stan v\u0259 T\u00fcrkiy\u0259 \u00fcz\u0259rind\u0259n Az\u0259rbaycana yola sal\u0131n\u0131r. Onun s\u00f6zl\u0259rin\u0259 g\u00f6r\u0259, sabah s\u0259h\u0259r saat 08.00-da da 140 n\u0259f\u0259r qad\u0131n, u\u015faq v\u0259 \u0259lil t\u0259yyar\u0259 il\u0259 Buxarestd\u0259n Bak\u0131ya yola sal\u0131nacaq: \u201cAz\u0259rbaycan Prezidenti \u0130lham \u018fliyevin tap\u015f\u0131r\u0131\u011f\u0131na \u0259sas\u0259n, Az\u0259rbaycan v\u0259t\u0259nda\u015flar\u0131n\u0131n Buxarestd\u0259n Bak\u0131ya g\u0259tirilm\u0259si \u00fc\u00e7\u00fcn AZAL g\u00fcn \u0259rzind\u0259 bir, b\u0259z\u0259n&hellip;<\/p>\n","protected":false},"author":2,"featured_media":446340,"comment_status":"closed","ping_status":"closed","sticky":false,"template":"","format":"standard","meta":{"om_disable_all_campaigns":false,"_monsterinsights_skip_tracking":false,"_monsterinsights_sitenote_active":false,"_monsterinsights_sitenote_note":"","_monsterinsights_sitenote_category":0},"categories":[4],"tags":[],"aioseo_notices":[],"gutentor_comment":0,"rttpg_featured_image_url":{"full":["https:\/\/arantv.az\/wp-content\/uploads\/2022\/03\/d85b63ef164615402040413131811007330.jpg",975,540,false],"landscape":["https:\/\/arantv.az\/wp-content\/uploads\/2022\/03\/d85b63ef164615402040413131811007330.jpg",975,540,false],"portraits":["https:\/\/arantv.az\/wp-content\/uploads\/2022\/03\/d85b63ef164615402040413131811007330.jpg",975,540,false],"thumbnail":["https:\/\/arantv.az\/wp-content\/uploads\/2022\/03\/d85b63ef164615402040413131811007330-500x280.jpg",500,280,true],"medium":["https:\/\/arantv.az\/wp-content\/uploads\/2022\/03\/d85b63ef164615402040413131811007330-660x365.jpg",660,365,true],"large":["https:\/\/arantv.az\/wp-content\/uploads\/2022\/03\/d85b63ef164615402040413131811007330-840x465.jpg",640,354,true],"1536x1536":["https:\/\/arantv.az\/wp-content\/uploads\/2022\/03\/d85b63ef164615402040413131811007330.jpg",975,540,false],"2048x2048":["https:\/\/arantv.az\/wp-content\/uploads\/2022\/03\/d85b63ef164615402040413131811007330.jpg",975,540,false],"post-thumbnail":["https:\/\/arantv.az\/wp-content\/uploads\/2022\/03\/d85b63ef164615402040413131811007330-240x172.jpg",240,172,true],"advps-thumb-one":["https:\/\/arantv.az\/wp-content\/uploads\/2022\/03\/d85b63ef164615402040413131811007330.jpg",975,540,false]},"rttpg_author":{"display_name":"V\u00fcsal Rafiqo\u011flu","author_link":"https:\/\/arantv.az\/?author=2"},"rttpg_comment":0,"rttpg_category":"<a href=\"https:\/\/arantv.az\/?cat=4\" rel=\"category\">Siyas\u0259t<\/a>","rttpg_excerpt":"Ukraynadan Moldovaya g\u0259l\u0259n Az\u0259rbaycan v\u0259t\u0259nda\u015flar\u0131ndan 485 n\u0259f\u0259r Rum\u0131niyaya yola sal\u0131n\u0131b. ARANTV.AZ\u00a0 x\u0259b\u0259r verir ki,\u00a0\u00a0bunu\u00a0Az\u0259rbaycan\u0131n Moldovadak\u0131 s\u0259firi Q\u00fcdsi Osmanov bildirib. Q. Osmanov deyib ki, art\u0131q Az\u0259rbaycan v\u0259t\u0259nda\u015flar\u0131 aras\u0131nda qad\u0131nlar, u\u015faqlar v\u0259 \u0259lill\u0259r \u201cAz\u0259rbaycan Hava Yollar\u0131\u201d Qapal\u0131 S\u0259hmdar C\u0259miyy\u0259tinin (AZAL) t\u0259yyar\u0259l\u0259ri il\u0259 Buxarestd\u0259n Bakya, ki\u015fil\u0259r is\u0259 avtobuslarla Rum\u0131niya, Bolqar\u0131stan v\u0259 T\u00fcrkiy\u0259 \u00fcz\u0259rind\u0259n Az\u0259rbaycana yola sal\u0131n\u0131r. Onun s\u00f6zl\u0259rin\u0259&hellip;","_links":{"self":[{"href":"https:\/\/arantv.az\/index.php?rest_route=\/wp\/v2\/posts\/446339"}],"collection":[{"href":"https:\/\/arantv.az\/index.php?rest_route=\/wp\/v2\/posts"}],"about":[{"href":"https:\/\/arantv.az\/index.php?rest_route=\/wp\/v2\/types\/post"}],"author":[{"embeddable":true,"href":"https:\/\/arantv.az\/index.php?rest_route=\/wp\/v2\/users\/2"}],"replies":[{"embeddable":true,"href":"https:\/\/arantv.az\/index.php?rest_route=%2Fwp%2Fv2%2Fcomments&post=446339"}],"version-history":[{"count":0,"href":"https:\/\/arantv.az\/index.php?rest_route=\/wp\/v2\/posts\/446339\/revisions"}],"wp:featuredmedia":[{"embeddable":true,"href":"https:\/\/arantv.az\/index.php?rest_route=\/wp\/v2\/media\/446340"}],"wp:attachment":[{"href":"https:\/\/arantv.az\/index.php?rest_route=%2Fwp%2Fv2%2Fmedia&parent=446339"}],"wp:term":[{"taxonomy":"category","embeddable":true,"href":"https:\/\/arantv.az\/index.php?rest_route=%2Fwp%2Fv2%2Fcategories&post=446339"},{"taxonomy":"post_tag","embeddable":true,"href":"https:\/\/arantv.az\/index.php?rest_route=%2Fwp%2Fv2%2Ftags&post=446339"}],"curies":[{"name":"wp","href":"https:\/\/api.w.org\/{rel}","templated":true}]}}