{"id":446342,"date":"2022-03-01T20:33:41","date_gmt":"2022-03-01T17:33:41","guid":{"rendered":"http:\/\/arantv.az\/?p=446342"},"modified":"2022-03-01T20:33:41","modified_gmt":"2022-03-01T17:33:41","slug":"az%c9%99rbaycan-pandemiya-il%c9%99-qlobal-mubariz%c9%99d%c9%99-dunyanin-ond%c9%99-ged%c9%99n-dovl%c9%99tl%c9%99ri-sirasindadir","status":"publish","type":"post","link":"https:\/\/arantv.az\/?p=446342","title":{"rendered":"Az\u0259rbaycan pandemiya il\u0259 qlobal m\u00fcbariz\u0259d\u0259 d\u00fcnyan\u0131n \u00f6nd\u0259 ged\u0259n d\u00f6vl\u0259tl\u0259ri s\u0131ras\u0131ndad\u0131r"},"content":{"rendered":"<p>Haz\u0131rda b\u0259\u015f\u0259riyy\u0259t koronavirus pandemiyas\u0131 il\u0259 m\u00fcbariz\u0259 apar\u0131r. Bir s\u0131ra \u00f6lk\u0259l\u0259r s\u0259hiyy\u0259 b\u00f6hran\u0131 v\u0259 sosial-iqtisadi probleml\u0259rl\u0259 \u00fcz-\u00fcz\u0259 qal\u0131b. Ona g\u00f6r\u0259 d\u0259 pandemiya \u015f\u0259raitind\u0259 qlobal t\u0259\u015f\u0259bb\u00fcsl\u0259rin ir\u0259li s\u00fcr\u00fclm\u0259si, s\u0259yl\u0259rin birl\u0259\u015fdirilm\u0259si ehtiyac\u0131 meydana \u00e7\u0131x\u0131b. Az\u0259rbaycan d\u00f6vl\u0259ti t\u0259r\u0259find\u0259n pandemiya il\u0259 m\u00fcbariz\u0259 \u00e7\u0259r\u00e7iv\u0259sind\u0259 h\u0259yata ke\u00e7iril\u0259n ard\u0131c\u0131l v\u0259 m\u0259qs\u0259dy\u00f6nl\u00fc t\u0259dbirl\u0259r \u00f6lk\u0259d\u0259 v\u0259ziyy\u0259ti n\u0259zar\u0259t alt\u0131nda saxlama\u011fa imkan verib. Eyni zamanda, Prezident \u0130lham \u018fliyev t\u0259r\u0259find\u0259n qlobal \u0259h\u0259miyy\u0259t\u0259 malik t\u0259\u015f\u0259bb\u00fcsl\u0259r ir\u0259li s\u00fcr\u00fcl\u00fcb, regional v\u0259 beyn\u0259lxalq s\u0259viyy\u0259d\u0259 resurslar\u0131n s\u0259f\u0259rb\u0259r olunmas\u0131 z\u0259rur\u0259ti d\u00fcnya ictimaiyy\u0259tinin diqq\u0259tin\u0259 \u00e7atd\u0131r\u0131l\u0131b.<\/p>\n<p>Fevral\u0131n 25-d\u0259 BMT Ba\u015f Assambleyas\u0131n\u0131n s\u0259drinin \u201cUniversal peyv\u0259ndl\u0259nm\u0259 \u00fc\u00e7\u00fcn s\u0259yl\u0259rin art\u0131r\u0131lmas\u0131\u201d m\u00f6vzusunda t\u0259\u015fkil etdiyi y\u00fcks\u0259k s\u0259viyy\u0259li tematik m\u00fczakir\u0259l\u0259r ke\u00e7irildi. Az\u0259rbaycan Prezidenti, Qo\u015fulmama H\u0259r\u0259kat\u0131n\u0131n s\u0259dri \u0130lham \u018fliyevin videoformatda t\u0259qdim olunan \u00e7\u0131x\u0131\u015f\u0131nda \u00e7ox m\u00fch\u00fcm m\u0259qamlar yer ald\u0131. Bir daha ayd\u0131n oldu ki, Az\u0259rbaycan pandemiyaya qar\u015f\u0131 m\u00fcbariz\u0259d\u0259 \u00e7ox m\u00fch\u00fcm t\u0259\u015f\u0259bb\u00fcsl\u0259r ir\u0259li s\u00fcr\u00fcr, \u00f6lk\u0259mizin s\u0259yl\u0259ri beyn\u0259lxalq s\u0259viyy\u0259d\u0259 y\u00fcks\u0259k d\u0259y\u0259rl\u0259ndirilir. Az\u0259rbaycan koronavirusa qar\u015f\u0131 m\u00fcbariz\u0259 \u00e7\u0259r\u00e7iv\u0259sind\u0259 birba\u015fa v\u0259 ya \u00dcmumd\u00fcnya S\u0259hiyy\u0259 T\u0259\u015fkilat\u0131 vasit\u0259sil\u0259 80-\u0259 q\u0259d\u0259r \u00f6lk\u0259y\u0259 maliyy\u0259 v\u0259 humanitar yard\u0131m edib. 5 \u00f6lk\u0259y\u0259 peyv\u0259nd ian\u0259si edilib v\u0259 proses davam edir. Haz\u0131rda Qo\u015fulmama H\u0259r\u0259kat\u0131na \u00fczv olan 14 \u00f6lk\u0259y\u0259 t\u0259qrib\u0259n bir milyon doza peyv\u0259ndin ian\u0259 edilm\u0259si prosesi davam edir.<\/p>\n<p>Az\u0259rbaycan\u0131n t\u0259\u015f\u0259bb\u00fcs\u00fc il\u0259 T\u00fcrk \u015euras\u0131n\u0131n v\u0259 Qo\u015fulmama H\u0259r\u0259kat\u0131n\u0131n Zirv\u0259 g\u00f6r\u00fc\u015f\u00fcn\u00fcn, BMT Ba\u015f Assambleyas\u0131n\u0131n x\u00fcsusi sessiyas\u0131n\u0131n ke\u00e7irilm\u0259si v\u0259 dig\u0259r t\u0259dbirl\u0259r bu bax\u0131mdan x\u00fcsusi qeyd edilm\u0259lidir. \u00dcmumiyy\u0259tl\u0259, Az\u0259rbaycan\u0131n s\u0259drlik etdiyi Qo\u015fulmama H\u0259r\u0259kat\u0131 u\u011furlu t\u0259\u015f\u0259bb\u00fcsl\u0259r ir\u0259li s\u00fcr\u00fcb. D\u00f6vl\u0259t ba\u015f\u00e7\u0131s\u0131 m\u00fczakir\u0259l\u0259rd\u0259 \u00e7\u0131x\u0131\u015f\u0131 zaman\u0131 bu m\u0259qamlara toxunaraq \u201c2020-ci ilin dekabr\u0131nda BMT Ba\u015f Assambleyas\u0131n\u0131n COVID-19 pandemiyas\u0131 il\u0259 m\u00fcbariz\u0259y\u0259 h\u0259sr edilmi\u015f X\u00fcsusi Sessiyas\u0131n\u0131n ke\u00e7irilm\u0259si, habel\u0259 \u00f6t\u0259n ilin mart v\u0259 dekabr aylar\u0131nda \u0130nsan H\u00fcquqlar\u0131 \u015euras\u0131 v\u0259 Ba\u015f Assambleya t\u0259r\u0259find\u0259n q\u0259bul edilmi\u015f \u201cCOVID-19 pandemiyas\u0131 il\u0259 m\u00fcbariz\u0259d\u0259 b\u00fct\u00fcn \u00f6lk\u0259l\u0259r \u00fc\u00e7\u00fcn peyv\u0259ndl\u0259r\u0259 b\u0259rab\u0259r, m\u0259qbul qiym\u0259t\u0259, vaxt\u0131nda v\u0259 universal \u0259l\u00e7atanl\u0131\u011f\u0131n t\u0259min edilm\u0259si\u201dn\u0259 dair q\u0259tnam\u0259l\u0259r Qo\u015fulmama H\u0259r\u0259kat\u0131na \u00fczv d\u00f6vl\u0259tl\u0259r ad\u0131ndan ir\u0259li s\u00fcr\u00fclm\u00fc\u015fd\u00fcr\u201d, &#8211; dey\u0259 bidirib.<\/p>\n<p>D\u00f6vl\u0259timizin ba\u015f\u00e7\u0131s\u0131n\u0131n vur\u011fulad\u0131\u011f\u0131 m\u0259s\u0259l\u0259l\u0259rd\u0259n biri d\u0259 peyv\u0259ndl\u0259rin \u0259dal\u0259tsiz b\u00f6lg\u00fcs\u00fc v\u0259 \u201cpeyv\u0259nd mill\u0259t\u00e7iliyi\u201ddir. T\u0259bii ki, bu kifay\u0259t q\u0259d\u0259r aktual problemdir. B\u00f6lg\u00fcd\u0259 inki\u015faf etm\u0259kd\u0259 olan \u00f6lk\u0259l\u0259rl\u0259 inki\u015faf etmi\u015f \u00f6lk\u0259l\u0259r aras\u0131nda qeyri-b\u0259rab\u0259rliyin olmas\u0131 pandemiyaya qar\u015f\u0131 m\u00fcbariz\u0259nin effektivliyini azald\u0131r. Bu, h\u0259m\u00e7inin Dayan\u0131ql\u0131 \u0130nki\u015faf \u00fczr\u0259 2030-cu il G\u00fcnd\u0259liyinin realla\u015fd\u0131r\u0131lmas\u0131na mane olur. C\u0259nubi Qafqazda ilk olaraq vaksinasiya i\u015fl\u0259rin\u0259 start ver\u0259n Az\u0259rbaycan bu istiqam\u0259td\u0259 \u00e7ox m\u00fch\u00fcm t\u0259klif v\u0259 t\u0259\u015f\u0259bb\u00fcsl\u0259rl\u0259 \u00e7\u0131x\u0131\u015f edir, neqativ hallar\u0131n aradan qald\u0131r\u0131lmas\u0131n\u0131n z\u0259ruriliyini diqq\u0259t\u0259 \u00e7atd\u0131r\u0131r. Eyni zamanda, respublikam\u0131z b\u00fct\u00fcn \u00f6lk\u0259l\u0259r \u00fc\u00e7\u00fcn COVID-19 peyv\u0259ndl\u0259rinin m\u0259qbul qiym\u0259t\u0259, b\u0259rab\u0259r, universal v\u0259 vaxt\u0131nda \u0259l\u00e7atanl\u0131\u011f\u0131n t\u0259min olunmas\u0131na xidm\u0259t ed\u0259n COVAX Mexanizmi, COVAX \u00d6nc\u0259d\u0259n Bazar \u00d6hd\u0259liyi, COVAX \u00d6nc\u0259d\u0259n Bazar \u00d6hd\u0259liyi Forumu v\u0259 dig\u0259r aidiyy\u0259ti konstruktiv t\u0259\u015f\u0259bb\u00fcsl\u0259ri y\u00fcks\u0259k qiym\u0259tl\u0259ndirir v\u0259 d\u0259st\u0259kl\u0259yir. Fevral\u0131n 25-d\u0259 BMT Ba\u015f Assambleyas\u0131n\u0131n tematik m\u00fczakir\u0259l\u0259rinin gedi\u015find\u0259 etdiyi \u00e7\u0131x\u0131\u015f\u0131nda da Prezident \u0130lham \u018fliyev bildirdi ki, COVID-19 pandemiyas\u0131 kimi qlobal f\u00f6vq\u0259lad\u0259 v\u0259ziyy\u0259t qlobal yana\u015fma t\u0259l\u0259b edir. Lakin az v\u0259 orta g\u0259lirli \u00f6lk\u0259l\u0259rd\u0259 peyv\u0259ndl\u0259rin t\u0259dar\u00fck\u00fcn\u00fcn a\u015fa\u011f\u0131 s\u0259viyy\u0259d\u0259 olmas\u0131 bu bax\u0131mdan h\u0259l\u0259 d\u0259 \u00e7ox i\u015fl\u0259rin g\u00f6r\u00fclm\u0259li oldu\u011funu g\u00f6st\u0259rir. Bunlarla yana\u015f\u0131, Az\u0259rbaycan \u201cpeyv\u0259nd mill\u0259t\u00e7iliyi\u201d v\u0259 peyv\u0259ndl\u0259rd\u0259n istifad\u0259 il\u0259 ba\u011fl\u0131 inki\u015faf etmi\u015f v\u0259 inki\u015faf etm\u0259kd\u0259 olan \u00f6lk\u0259l\u0259r aras\u0131nda qeyri-b\u0259rab\u0259rliy\u0259 qar\u015f\u0131 beyn\u0259lxalq h\u0259mr\u0259yliyin g\u00fccl\u0259ndirilm\u0259si istiqam\u0259tind\u0259 vacib qlobal t\u0259\u015f\u0259bb\u00fcsl\u0259rl\u0259 \u00e7\u0131x\u0131\u015f edib. BMT Ba\u015f Assambleyas\u0131n\u0131n X\u00fcsusi Sessiyas\u0131, peyv\u0259ndl\u0259rd\u0259n b\u0259rab\u0259r v\u0259 universal istifad\u0259nin t\u0259min edilm\u0259sin\u0259 dair q\u0259tnam\u0259l\u0259r bunun bariz n\u00fcmun\u0259sidir.<\/p>\n<p><strong>Abbas \u018fliyev,<\/strong><br \/>\n<em>Yeni Az\u0259rbaycan Partiyas\u0131 Ab\u015feron rayon t\u0259\u015fkilat\u0131n\u0131n s\u0259dri<\/em><\/p>\n","protected":false},"excerpt":{"rendered":"<p>Haz\u0131rda b\u0259\u015f\u0259riyy\u0259t koronavirus pandemiyas\u0131 il\u0259 m\u00fcbariz\u0259 apar\u0131r. Bir s\u0131ra \u00f6lk\u0259l\u0259r s\u0259hiyy\u0259 b\u00f6hran\u0131 v\u0259 sosial-iqtisadi probleml\u0259rl\u0259 \u00fcz-\u00fcz\u0259 qal\u0131b. Ona g\u00f6r\u0259 d\u0259 pandemiya \u015f\u0259raitind\u0259 qlobal t\u0259\u015f\u0259bb\u00fcsl\u0259rin ir\u0259li s\u00fcr\u00fclm\u0259si, s\u0259yl\u0259rin birl\u0259\u015fdirilm\u0259si ehtiyac\u0131 meydana \u00e7\u0131x\u0131b. Az\u0259rbaycan d\u00f6vl\u0259ti t\u0259r\u0259find\u0259n pandemiya il\u0259 m\u00fcbariz\u0259 \u00e7\u0259r\u00e7iv\u0259sind\u0259 h\u0259yata ke\u00e7iril\u0259n ard\u0131c\u0131l v\u0259 m\u0259qs\u0259dy\u00f6nl\u00fc t\u0259dbirl\u0259r \u00f6lk\u0259d\u0259 v\u0259ziyy\u0259ti n\u0259zar\u0259t alt\u0131nda saxlama\u011fa imkan verib. Eyni zamanda, Prezident \u0130lham \u018fliyev t\u0259r\u0259find\u0259n qlobal \u0259h\u0259miyy\u0259t\u0259 malik t\u0259\u015f\u0259bb\u00fcsl\u0259r ir\u0259li s\u00fcr\u00fcl\u00fcb, regional v\u0259 beyn\u0259lxalq s\u0259viyy\u0259d\u0259 resurslar\u0131n s\u0259f\u0259rb\u0259r olunmas\u0131 z\u0259rur\u0259ti d\u00fcnya ictimaiyy\u0259tinin diqq\u0259tin\u0259 \u00e7atd\u0131r\u0131l\u0131b. Fevral\u0131n 25-d\u0259 BMT Ba\u015f Assambleyas\u0131n\u0131n s\u0259drinin \u201cUniversal peyv\u0259ndl\u0259nm\u0259 \u00fc\u00e7\u00fcn s\u0259yl\u0259rin art\u0131r\u0131lmas\u0131\u201d m\u00f6vzusunda t\u0259\u015fkil etdiyi y\u00fcks\u0259k&hellip;<\/p>\n","protected":false},"author":2,"featured_media":446343,"comment_status":"closed","ping_status":"closed","sticky":false,"template":"","format":"standard","meta":{"om_disable_all_campaigns":false,"_monsterinsights_skip_tracking":false,"_monsterinsights_sitenote_active":false,"_monsterinsights_sitenote_note":"","_monsterinsights_sitenote_category":0},"categories":[19],"tags":[],"aioseo_notices":[],"gutentor_comment":0,"rttpg_featured_image_url":{"full":["https:\/\/arantv.az\/wp-content\/uploads\/2022\/03\/6e0e242916461418406303752771095134.jpg",975,540,false],"landscape":["https:\/\/arantv.az\/wp-content\/uploads\/2022\/03\/6e0e242916461418406303752771095134.jpg",975,540,false],"portraits":["https:\/\/arantv.az\/wp-content\/uploads\/2022\/03\/6e0e242916461418406303752771095134.jpg",975,540,false],"thumbnail":["https:\/\/arantv.az\/wp-content\/uploads\/2022\/03\/6e0e242916461418406303752771095134-500x280.jpg",500,280,true],"medium":["https:\/\/arantv.az\/wp-content\/uploads\/2022\/03\/6e0e242916461418406303752771095134-660x365.jpg",660,365,true],"large":["https:\/\/arantv.az\/wp-content\/uploads\/2022\/03\/6e0e242916461418406303752771095134-840x465.jpg",640,354,true],"1536x1536":["https:\/\/arantv.az\/wp-content\/uploads\/2022\/03\/6e0e242916461418406303752771095134.jpg",975,540,false],"2048x2048":["https:\/\/arantv.az\/wp-content\/uploads\/2022\/03\/6e0e242916461418406303752771095134.jpg",975,540,false],"post-thumbnail":["https:\/\/arantv.az\/wp-content\/uploads\/2022\/03\/6e0e242916461418406303752771095134-240x172.jpg",240,172,true],"advps-thumb-one":["https:\/\/arantv.az\/wp-content\/uploads\/2022\/03\/6e0e242916461418406303752771095134.jpg",975,540,false]},"rttpg_author":{"display_name":"V\u00fcsal Rafiqo\u011flu","author_link":"https:\/\/arantv.az\/?author=2"},"rttpg_comment":0,"rttpg_category":"<a href=\"https:\/\/arantv.az\/?cat=19\" rel=\"category\">G\u00fcnd\u0259m<\/a>","rttpg_excerpt":"Haz\u0131rda b\u0259\u015f\u0259riyy\u0259t koronavirus pandemiyas\u0131 il\u0259 m\u00fcbariz\u0259 apar\u0131r. Bir s\u0131ra \u00f6lk\u0259l\u0259r s\u0259hiyy\u0259 b\u00f6hran\u0131 v\u0259 sosial-iqtisadi probleml\u0259rl\u0259 \u00fcz-\u00fcz\u0259 qal\u0131b. Ona g\u00f6r\u0259 d\u0259 pandemiya \u015f\u0259raitind\u0259 qlobal t\u0259\u015f\u0259bb\u00fcsl\u0259rin ir\u0259li s\u00fcr\u00fclm\u0259si, s\u0259yl\u0259rin birl\u0259\u015fdirilm\u0259si ehtiyac\u0131 meydana \u00e7\u0131x\u0131b. Az\u0259rbaycan d\u00f6vl\u0259ti t\u0259r\u0259find\u0259n pandemiya il\u0259 m\u00fcbariz\u0259 \u00e7\u0259r\u00e7iv\u0259sind\u0259 h\u0259yata ke\u00e7iril\u0259n ard\u0131c\u0131l v\u0259 m\u0259qs\u0259dy\u00f6nl\u00fc t\u0259dbirl\u0259r \u00f6lk\u0259d\u0259 v\u0259ziyy\u0259ti n\u0259zar\u0259t alt\u0131nda saxlama\u011fa imkan verib. Eyni zamanda, Prezident \u0130lham&hellip;","_links":{"self":[{"href":"https:\/\/arantv.az\/index.php?rest_route=\/wp\/v2\/posts\/446342"}],"collection":[{"href":"https:\/\/arantv.az\/index.php?rest_route=\/wp\/v2\/posts"}],"about":[{"href":"https:\/\/arantv.az\/index.php?rest_route=\/wp\/v2\/types\/post"}],"author":[{"embeddable":true,"href":"https:\/\/arantv.az\/index.php?rest_route=\/wp\/v2\/users\/2"}],"replies":[{"embeddable":true,"href":"https:\/\/arantv.az\/index.php?rest_route=%2Fwp%2Fv2%2Fcomments&post=446342"}],"version-history":[{"count":0,"href":"https:\/\/arantv.az\/index.php?rest_route=\/wp\/v2\/posts\/446342\/revisions"}],"wp:featuredmedia":[{"embeddable":true,"href":"https:\/\/arantv.az\/index.php?rest_route=\/wp\/v2\/media\/446343"}],"wp:attachment":[{"href":"https:\/\/arantv.az\/index.php?rest_route=%2Fwp%2Fv2%2Fmedia&parent=446342"}],"wp:term":[{"taxonomy":"category","embeddable":true,"href":"https:\/\/arantv.az\/index.php?rest_route=%2Fwp%2Fv2%2Fcategories&post=446342"},{"taxonomy":"post_tag","embeddable":true,"href":"https:\/\/arantv.az\/index.php?rest_route=%2Fwp%2Fv2%2Ftags&post=446342"}],"curies":[{"name":"wp","href":"https:\/\/api.w.org\/{rel}","templated":true}]}}