{"id":446406,"date":"2022-03-02T07:51:54","date_gmt":"2022-03-02T04:51:54","guid":{"rendered":"http:\/\/arantv.az\/?p=446406"},"modified":"2022-03-02T07:51:54","modified_gmt":"2022-03-02T04:51:54","slug":"%c9%99dliyy%c9%99-naziri-fuzuli-rayonunda-v%c9%99t%c9%99ndaslari-q%c9%99bul-ed%c9%99c%c9%99k","status":"publish","type":"post","link":"https:\/\/arantv.az\/?p=446406","title":{"rendered":"\u018fdliyy\u0259 naziri F\u00fczuli rayonunda v\u0259t\u0259nda\u015flar\u0131 q\u0259bul ed\u0259c\u0259k"},"content":{"rendered":"<p>\u00d6lk\u0259 Prezidenti c\u0259nab \u0130lham \u018fliyevin tap\u015f\u0131r\u0131\u011f\u0131na v\u0259 b\u00f6lg\u0259l\u0259rd\u0259 v\u0259t\u0259nda\u015flar\u0131n q\u0259bulu c\u0259dv\u0259lin\u0259 uy\u011fun olaraq Az\u0259rbaycan Respublikas\u0131n\u0131n \u0259dliyy\u0259 naziri Fikr\u0259t M\u0259mm\u0259dov mart\u0131n 2-d\u0259 F\u00fczuli rayonunda \u0259dliyy\u0259 f\u0259aliyy\u0259ti il\u0259 ba\u011fl\u0131 F\u00fczuli, Beyl\u0259qan v\u0259 Xocav\u0259nd rayonlar\u0131ndan olan v\u0259t\u0259nda\u015flar\u0131 q\u0259bul ed\u0259c\u0259kdir.<\/p>\n<div dir=\"auto\">V\u0259t\u0259nda\u015flar q\u0259bula Qaraba\u011f v\u0259 \u0130mi\u015fli regional \u0259dliyy\u0259 idar\u0259l\u0259ri (\u0259laq\u0259 telefonlar\u0131: (055) 326-36-37 v\u0259 (051) 927-66-99), habel\u0259 \u018fdliyy\u0259 Nazirliyinin 510-10-01 (\u0259lav\u0259 2104), (077) 306-93-09 n\u00f6mr\u0259li telefonlar\u0131 v\u0259 contact@justice.gov.az elektron po\u00e7t \u00fcnvan\u0131 vasit\u0259sil\u0259 yaz\u0131la bil\u0259rl\u0259r.<\/div>\n<div dir=\"auto\">H\u0259m\u00e7inin, v\u0259t\u0259nda\u015flar\u0131n rahatl\u0131\u011f\u0131 \u00fc\u00e7\u00fcn \u0259dliyy\u0259 nazirinin q\u0259buluna elektron qaydada birba\u015fa yaz\u0131lmaq imkan\u0131 yarad\u0131l\u0131b. Bu m\u0259qs\u0259dl\u0259 \u018fdliyy\u0259 Nazirliyinin elektron xidm\u0259tl\u0259r portal\u0131na (<a class=\"oajrlxb2 g5ia77u1 qu0x051f esr5mh6w e9989ue4 r7d6kgcz rq0escxv nhd2j8a9 nc684nl6 p7hjln8o kvgmc6g5 cxmmr5t8 oygrvhab hcukyx3x jb3vyjys rz4wbd8a qt6c0cv9 a8nywdso i1ao9s8h esuyzwwr f1sip0of lzcic4wl gpro0wi8 py34i1dx\" tabindex=\"0\" role=\"link\" href=\"https:\/\/l.facebook.com\/l.php?u=http%3A%2F%2Fwww.exidmet.justice.gov.az%2F%3Ffbclid%3DIwAR3a83u4nhwkqnbwxIY2OBGiyOklAqFu9-6nVEaD8VfeoOE8TcBJRjeE32c&amp;h=AT0NrDd_tpwA3WreUh1sfiONiIPPsEFshkqpGhDAzENo4NtKTET2kSNI0P8ISReLOtPDyX4cHTCB5W3t7kKAxdr0mcsSFPdMUV06yzXGaZvlRvHHXxRJ3b_ZiJkRMTz9Xz0P&amp;__tn__=-UK-R&amp;c[0]=AT0ugZJpOoUJKbWi6TQNooFMDBouS2J9elg46PJ2F3Ie9yprACjhO8R6EhksWU4-hIZ36pZvqGfOvbdYKf4L1_QdxZuZF9nPeM-oCEKz2PDRx5hxhKVBoww8cNaEs6kZzrrdvCjgPrc53PiYmlkk2rdp4ppegaIUgrACKQ0\" target=\"_blank\" rel=\"nofollow noopener\">www.exidmet.justice.gov.az<\/a>) m\u00fcraci\u0259t etm\u0259k laz\u0131md\u0131r.<\/div>\n","protected":false},"excerpt":{"rendered":"<p>\u00d6lk\u0259 Prezidenti c\u0259nab \u0130lham \u018fliyevin tap\u015f\u0131r\u0131\u011f\u0131na v\u0259 b\u00f6lg\u0259l\u0259rd\u0259 v\u0259t\u0259nda\u015flar\u0131n q\u0259bulu c\u0259dv\u0259lin\u0259 uy\u011fun olaraq Az\u0259rbaycan Respublikas\u0131n\u0131n \u0259dliyy\u0259 naziri Fikr\u0259t M\u0259mm\u0259dov mart\u0131n 2-d\u0259 F\u00fczuli rayonunda \u0259dliyy\u0259 f\u0259aliyy\u0259ti il\u0259 ba\u011fl\u0131 F\u00fczuli, Beyl\u0259qan v\u0259 Xocav\u0259nd rayonlar\u0131ndan olan v\u0259t\u0259nda\u015flar\u0131 q\u0259bul ed\u0259c\u0259kdir. V\u0259t\u0259nda\u015flar q\u0259bula Qaraba\u011f v\u0259 \u0130mi\u015fli regional \u0259dliyy\u0259 idar\u0259l\u0259ri (\u0259laq\u0259 telefonlar\u0131: (055) 326-36-37 v\u0259 (051) 927-66-99), habel\u0259 \u018fdliyy\u0259 Nazirliyinin 510-10-01 (\u0259lav\u0259 2104), (077) 306-93-09 n\u00f6mr\u0259li telefonlar\u0131 v\u0259 contact@justice.gov.az elektron po\u00e7t \u00fcnvan\u0131 vasit\u0259sil\u0259 yaz\u0131la bil\u0259rl\u0259r. H\u0259m\u00e7inin, v\u0259t\u0259nda\u015flar\u0131n rahatl\u0131\u011f\u0131 \u00fc\u00e7\u00fcn \u0259dliyy\u0259 nazirinin q\u0259buluna elektron qaydada birba\u015fa yaz\u0131lmaq imkan\u0131 yarad\u0131l\u0131b. Bu m\u0259qs\u0259dl\u0259 \u018fdliyy\u0259 Nazirliyinin elektron xidm\u0259tl\u0259r portal\u0131na (www.exidmet.justice.gov.az)&hellip;<\/p>\n","protected":false},"author":2,"featured_media":446407,"comment_status":"closed","ping_status":"closed","sticky":false,"template":"","format":"standard","meta":{"om_disable_all_campaigns":false,"_monsterinsights_skip_tracking":false,"_monsterinsights_sitenote_active":false,"_monsterinsights_sitenote_note":"","_monsterinsights_sitenote_category":0},"categories":[1],"tags":[],"aioseo_notices":[],"gutentor_comment":0,"rttpg_featured_image_url":{"full":["https:\/\/arantv.az\/wp-content\/uploads\/2022\/03\/news_default.jpg",2120,968,false],"landscape":["https:\/\/arantv.az\/wp-content\/uploads\/2022\/03\/news_default.jpg",2120,968,false],"portraits":["https:\/\/arantv.az\/wp-content\/uploads\/2022\/03\/news_default.jpg",2120,968,false],"thumbnail":["https:\/\/arantv.az\/wp-content\/uploads\/2022\/03\/news_default-500x280.jpg",500,280,true],"medium":["https:\/\/arantv.az\/wp-content\/uploads\/2022\/03\/news_default-660x301.jpg",660,301,true],"large":["https:\/\/arantv.az\/wp-content\/uploads\/2022\/03\/news_default-840x384.jpg",640,293,true],"1536x1536":["https:\/\/arantv.az\/wp-content\/uploads\/2022\/03\/news_default-1536x701.jpg",1536,701,true],"2048x2048":["https:\/\/arantv.az\/wp-content\/uploads\/2022\/03\/news_default-2048x935.jpg",2048,935,true],"post-thumbnail":["https:\/\/arantv.az\/wp-content\/uploads\/2022\/03\/news_default-240x172.jpg",240,172,true],"advps-thumb-one":["https:\/\/arantv.az\/wp-content\/uploads\/2022\/03\/news_default-1200x620.jpg",1200,620,true]},"rttpg_author":{"display_name":"V\u00fcsal Rafiqo\u011flu","author_link":"https:\/\/arantv.az\/?author=2"},"rttpg_comment":0,"rttpg_category":"<a href=\"https:\/\/arantv.az\/?cat=1\" rel=\"category\">C\u0259miyy\u0259t<\/a>","rttpg_excerpt":"\u00d6lk\u0259 Prezidenti c\u0259nab \u0130lham \u018fliyevin tap\u015f\u0131r\u0131\u011f\u0131na v\u0259 b\u00f6lg\u0259l\u0259rd\u0259 v\u0259t\u0259nda\u015flar\u0131n q\u0259bulu c\u0259dv\u0259lin\u0259 uy\u011fun olaraq Az\u0259rbaycan Respublikas\u0131n\u0131n \u0259dliyy\u0259 naziri Fikr\u0259t M\u0259mm\u0259dov mart\u0131n 2-d\u0259 F\u00fczuli rayonunda \u0259dliyy\u0259 f\u0259aliyy\u0259ti il\u0259 ba\u011fl\u0131 F\u00fczuli, Beyl\u0259qan v\u0259 Xocav\u0259nd rayonlar\u0131ndan olan v\u0259t\u0259nda\u015flar\u0131 q\u0259bul ed\u0259c\u0259kdir. V\u0259t\u0259nda\u015flar q\u0259bula Qaraba\u011f v\u0259 \u0130mi\u015fli regional \u0259dliyy\u0259 idar\u0259l\u0259ri (\u0259laq\u0259 telefonlar\u0131: (055) 326-36-37 v\u0259 (051) 927-66-99), habel\u0259 \u018fdliyy\u0259 Nazirliyinin 510-10-01&hellip;","_links":{"self":[{"href":"https:\/\/arantv.az\/index.php?rest_route=\/wp\/v2\/posts\/446406"}],"collection":[{"href":"https:\/\/arantv.az\/index.php?rest_route=\/wp\/v2\/posts"}],"about":[{"href":"https:\/\/arantv.az\/index.php?rest_route=\/wp\/v2\/types\/post"}],"author":[{"embeddable":true,"href":"https:\/\/arantv.az\/index.php?rest_route=\/wp\/v2\/users\/2"}],"replies":[{"embeddable":true,"href":"https:\/\/arantv.az\/index.php?rest_route=%2Fwp%2Fv2%2Fcomments&post=446406"}],"version-history":[{"count":0,"href":"https:\/\/arantv.az\/index.php?rest_route=\/wp\/v2\/posts\/446406\/revisions"}],"wp:featuredmedia":[{"embeddable":true,"href":"https:\/\/arantv.az\/index.php?rest_route=\/wp\/v2\/media\/446407"}],"wp:attachment":[{"href":"https:\/\/arantv.az\/index.php?rest_route=%2Fwp%2Fv2%2Fmedia&parent=446406"}],"wp:term":[{"taxonomy":"category","embeddable":true,"href":"https:\/\/arantv.az\/index.php?rest_route=%2Fwp%2Fv2%2Fcategories&post=446406"},{"taxonomy":"post_tag","embeddable":true,"href":"https:\/\/arantv.az\/index.php?rest_route=%2Fwp%2Fv2%2Ftags&post=446406"}],"curies":[{"name":"wp","href":"https:\/\/api.w.org\/{rel}","templated":true}]}}