{"id":446412,"date":"2022-03-02T07:59:57","date_gmt":"2022-03-02T04:59:57","guid":{"rendered":"http:\/\/arantv.az\/?p=446412"},"modified":"2022-03-02T07:59:57","modified_gmt":"2022-03-02T04:59:57","slug":"turkiy%c9%99d%c9%99-11-ci-sinif-sagirdi-onunla-evl%c9%99nm%c9%99k-ist%c9%99y%c9%99n-kisini-oldurdu-foto","status":"publish","type":"post","link":"https:\/\/arantv.az\/?p=446412","title":{"rendered":"T\u00fcrkiy\u0259d\u0259 11-ci sinif \u015fagirdi onunla evl\u0259nm\u0259k ist\u0259y\u0259n ki\u015fini \u00f6ld\u00fcrd\u00fc &#8211; FOTO"},"content":{"rendered":"<p>T\u00fcrkiy\u0259nin Qars \u015f\u0259h\u0259rind\u0259 11-ci sinif \u015fagirdi\u00a0onu qa\u00e7\u0131raca\u011f\u0131n\u0131 dey\u0259n \u015f\u0259xsi \u00f6ld\u00fcr\u00fcb.<\/p>\n<p>17 ya\u015fl\u0131 A.E. 40 ya\u015fl\u0131 Birdal Do\u011fan\u0131 k\u0259ndin m\u0259rk\u0259zind\u0259 g\u00fcll\u0259l\u0259yib.<\/p>\n<div class=\"AdviadNativeVideo\"><\/div>\n<p>M\u0259kt\u0259bli q\u0131z atas\u0131na m\u0259xsus s\u0259n\u0259dsiz tapan\u00e7a il\u0259 heyvanlar\u0131 sulayan Do\u011fan\u0131 vurub.<\/p>\n<p>B\u0259d\u0259ninin m\u00fcxt\u0259lif nahiy\u0259l\u0259rin\u0259 4 g\u00fcll\u0259 n\u00fcfuz ed\u0259n\u00a0Do\u011fan yerind\u0259c\u0259 \u00f6l\u00fcb.<\/p>\n<p>Hadis\u0259ni t\u00f6r\u0259d\u0259n A.E. n\u0259zar\u0259t\u0259 g\u00f6t\u00fcr\u00fcl\u00fcb. Yeniyetm\u0259\u00a0iddia edib ki, B.Do\u011fan \u201cS\u0259ninl\u0259 evl\u0259n\u0259c\u0259y\u0259m\u201d dey\u0259 onu narahat edirmi\u015f.<\/p>\n<p>&nbsp;<\/p>\n<div class=\"gallery\">\n<div class=\"gallery-i\"><img src=\"https:\/\/cdn.oxu.az\/uploads\/W1siZiIsIjIwMjIvMDMvMDEvMTEvNDgvMjYvOTg1NDljMTYtMzFjZi00MTE5LWFkZDUtNzUyOWZlMWIzYTBlLzB4MC1rYXJzdGEtbGlzZWxpLWtpei1zZW5pLWthY2lyYWNhZ2ltLWRpeWVuLWFkYW1pLWtveS1tZXlkYW5pbmRhLW9sZHVyZHUtMTY0NjA1NjY4MTgzNy5qcGciXSxbInAiLCJlbmNvZGUiLCJqcGciLCItcXVhbGl0eSA4MCJdLFsicCIsInRodW1iIiwiNTkweDU5MFx1MDAzZSJdXQ?sha=459b8fe1a91bd920\" alt=\"\" \/><\/p>\n<div class=\"gallery-i-caption\"><\/div>\n<\/div>\n<div class=\"gallery-i\"><img src=\"https:\/\/cdn.oxu.az\/uploads\/W1siZiIsIjIwMjIvMDMvMDEvMTEvNDgvMjUvY2NlYTEzNDYtOWQ1OS00NmU5LWEwOWUtOTMwZmM5ZmZmM2FlLzB4MC1rYXJzdGEtbGlzZWxpLWtpei1zZW5pLWthY2lyYWNhZ2ltLWRpeWVuLWFkYW1pLWtveS1tZXlkYW5pbmRhLW9sZHVyZHUtMTY0NjA1NjY3NDUyMy5qcGciXSxbInAiLCJlbmNvZGUiLCJqcGciLCItcXVhbGl0eSA4MCJdLFsicCIsInRodW1iIiwiNTkweDU5MFx1MDAzZSJdXQ?sha=c42f240745fa28dc\" alt=\"\" \/><\/p>\n<div class=\"gallery-i-caption\"><\/div>\n<\/div>\n<div class=\"gallery-i\"><img src=\"https:\/\/cdn.oxu.az\/uploads\/W1siZiIsIjIwMjIvMDMvMDEvMTEvNDgvMjUvMmQzMzU4MDUtMmY3NS00NTBiLThlNDUtOGVmOWYyMzY3OTZlLzB4MC1rYXJzdGEtbGlzZWxpLWtpei1zZW5pLWthY2lyYWNhZ2ltLWRpeWVuLWFkYW1pLWtveS1tZXlkYW5pbmRhLW9sZHVyZHUtMTY0NjA1NjY4MTkzMy5qcGciXSxbInAiLCJlbmNvZGUiLCJqcGciLCItcXVhbGl0eSA4MCJdLFsicCIsInRodW1iIiwiNTkweDU5MFx1MDAzZSJdXQ?sha=a5d996faf617fd72\" alt=\"\" \/><\/p>\n<div class=\"gallery-i-caption\"><\/div>\n<\/div>\n<div class=\"gallery-i\"><img src=\"https:\/\/cdn.oxu.az\/uploads\/W1siZiIsIjIwMjIvMDMvMDEvMTEvNDgvMjUvZWM0ODA1YTgtMzlkYy00NmMyLTg5MWYtMzk4NDQ0MWJjZjBiLzgwNngzNzgta2Fyc3RhLWxpc2VsaS1raXotc2VuaS1rYWNpcmFjYWdpbS1kaXllbi1hZGFtaS1rb3ktbWV5ZGFuaW5kYS1vbGR1cmR1LTE2NDYwNTY2NjI3MTguanBnIl0sWyJwIiwiZW5jb2RlIiwianBnIiwiLXF1YWxpdHkgODAiXSxbInAiLCJ0aHVtYiIsIjU5MHg1OTBcdTAwM2UiXV0?sha=8a9fca67fb961958\" alt=\"\" \/><\/p>\n<div class=\"gallery-i-caption\"><\/div>\n<\/div>\n<\/div>\n<p>M\u0259nb\u0259: A Haber<\/p>\n","protected":false},"excerpt":{"rendered":"<p>T\u00fcrkiy\u0259nin Qars \u015f\u0259h\u0259rind\u0259 11-ci sinif \u015fagirdi\u00a0onu qa\u00e7\u0131raca\u011f\u0131n\u0131 dey\u0259n \u015f\u0259xsi \u00f6ld\u00fcr\u00fcb. 17 ya\u015fl\u0131 A.E. 40 ya\u015fl\u0131 Birdal Do\u011fan\u0131 k\u0259ndin m\u0259rk\u0259zind\u0259 g\u00fcll\u0259l\u0259yib. M\u0259kt\u0259bli q\u0131z atas\u0131na m\u0259xsus s\u0259n\u0259dsiz tapan\u00e7a il\u0259 heyvanlar\u0131 sulayan Do\u011fan\u0131 vurub. B\u0259d\u0259ninin m\u00fcxt\u0259lif nahiy\u0259l\u0259rin\u0259 4 g\u00fcll\u0259 n\u00fcfuz ed\u0259n\u00a0Do\u011fan yerind\u0259c\u0259 \u00f6l\u00fcb. Hadis\u0259ni t\u00f6r\u0259d\u0259n A.E. n\u0259zar\u0259t\u0259 g\u00f6t\u00fcr\u00fcl\u00fcb. Yeniyetm\u0259\u00a0iddia edib ki, B.Do\u011fan \u201cS\u0259ninl\u0259 evl\u0259n\u0259c\u0259y\u0259m\u201d dey\u0259 onu narahat edirmi\u015f. &nbsp; M\u0259nb\u0259: A Haber<\/p>\n","protected":false},"author":2,"featured_media":446413,"comment_status":"closed","ping_status":"closed","sticky":false,"template":"","format":"standard","meta":{"om_disable_all_campaigns":false,"_monsterinsights_skip_tracking":false,"_monsterinsights_sitenote_active":false,"_monsterinsights_sitenote_note":"","_monsterinsights_sitenote_category":0},"categories":[7],"tags":[],"aioseo_notices":[],"gutentor_comment":0,"rttpg_featured_image_url":{"full":["https:\/\/arantv.az\/wp-content\/uploads\/2022\/03\/FotoJet-2022-03-01T114305.314.jpg",620,417,false],"landscape":["https:\/\/arantv.az\/wp-content\/uploads\/2022\/03\/FotoJet-2022-03-01T114305.314.jpg",620,417,false],"portraits":["https:\/\/arantv.az\/wp-content\/uploads\/2022\/03\/FotoJet-2022-03-01T114305.314.jpg",620,417,false],"thumbnail":["https:\/\/arantv.az\/wp-content\/uploads\/2022\/03\/FotoJet-2022-03-01T114305.314-500x280.jpg",500,280,true],"medium":["https:\/\/arantv.az\/wp-content\/uploads\/2022\/03\/FotoJet-2022-03-01T114305.314-543x365.jpg",543,365,true],"large":["https:\/\/arantv.az\/wp-content\/uploads\/2022\/03\/FotoJet-2022-03-01T114305.314.jpg",620,417,false],"1536x1536":["https:\/\/arantv.az\/wp-content\/uploads\/2022\/03\/FotoJet-2022-03-01T114305.314.jpg",620,417,false],"2048x2048":["https:\/\/arantv.az\/wp-content\/uploads\/2022\/03\/FotoJet-2022-03-01T114305.314.jpg",620,417,false],"post-thumbnail":["https:\/\/arantv.az\/wp-content\/uploads\/2022\/03\/FotoJet-2022-03-01T114305.314-240x172.jpg",240,172,true],"advps-thumb-one":["https:\/\/arantv.az\/wp-content\/uploads\/2022\/03\/FotoJet-2022-03-01T114305.314.jpg",620,417,false]},"rttpg_author":{"display_name":"V\u00fcsal Rafiqo\u011flu","author_link":"https:\/\/arantv.az\/?author=2"},"rttpg_comment":0,"rttpg_category":"<a href=\"https:\/\/arantv.az\/?cat=7\" rel=\"category\">D\u00fcnya<\/a>","rttpg_excerpt":"T\u00fcrkiy\u0259nin Qars \u015f\u0259h\u0259rind\u0259 11-ci sinif \u015fagirdi\u00a0onu qa\u00e7\u0131raca\u011f\u0131n\u0131 dey\u0259n \u015f\u0259xsi \u00f6ld\u00fcr\u00fcb. 17 ya\u015fl\u0131 A.E. 40 ya\u015fl\u0131 Birdal Do\u011fan\u0131 k\u0259ndin m\u0259rk\u0259zind\u0259 g\u00fcll\u0259l\u0259yib. M\u0259kt\u0259bli q\u0131z atas\u0131na m\u0259xsus s\u0259n\u0259dsiz tapan\u00e7a il\u0259 heyvanlar\u0131 sulayan Do\u011fan\u0131 vurub. B\u0259d\u0259ninin m\u00fcxt\u0259lif nahiy\u0259l\u0259rin\u0259 4 g\u00fcll\u0259 n\u00fcfuz ed\u0259n\u00a0Do\u011fan yerind\u0259c\u0259 \u00f6l\u00fcb. Hadis\u0259ni t\u00f6r\u0259d\u0259n A.E. n\u0259zar\u0259t\u0259 g\u00f6t\u00fcr\u00fcl\u00fcb. Yeniyetm\u0259\u00a0iddia edib ki, B.Do\u011fan \u201cS\u0259ninl\u0259 evl\u0259n\u0259c\u0259y\u0259m\u201d dey\u0259 onu narahat edirmi\u015f.&hellip;","_links":{"self":[{"href":"https:\/\/arantv.az\/index.php?rest_route=\/wp\/v2\/posts\/446412"}],"collection":[{"href":"https:\/\/arantv.az\/index.php?rest_route=\/wp\/v2\/posts"}],"about":[{"href":"https:\/\/arantv.az\/index.php?rest_route=\/wp\/v2\/types\/post"}],"author":[{"embeddable":true,"href":"https:\/\/arantv.az\/index.php?rest_route=\/wp\/v2\/users\/2"}],"replies":[{"embeddable":true,"href":"https:\/\/arantv.az\/index.php?rest_route=%2Fwp%2Fv2%2Fcomments&post=446412"}],"version-history":[{"count":0,"href":"https:\/\/arantv.az\/index.php?rest_route=\/wp\/v2\/posts\/446412\/revisions"}],"wp:featuredmedia":[{"embeddable":true,"href":"https:\/\/arantv.az\/index.php?rest_route=\/wp\/v2\/media\/446413"}],"wp:attachment":[{"href":"https:\/\/arantv.az\/index.php?rest_route=%2Fwp%2Fv2%2Fmedia&parent=446412"}],"wp:term":[{"taxonomy":"category","embeddable":true,"href":"https:\/\/arantv.az\/index.php?rest_route=%2Fwp%2Fv2%2Fcategories&post=446412"},{"taxonomy":"post_tag","embeddable":true,"href":"https:\/\/arantv.az\/index.php?rest_route=%2Fwp%2Fv2%2Ftags&post=446412"}],"curies":[{"name":"wp","href":"https:\/\/api.w.org\/{rel}","templated":true}]}}