{"id":446598,"date":"2022-03-02T12:06:18","date_gmt":"2022-03-02T09:06:18","guid":{"rendered":"http:\/\/arantv.az\/?p=446598"},"modified":"2022-03-02T12:06:18","modified_gmt":"2022-03-02T09:06:18","slug":"insan-amili-dovl%c9%99timizin-siyas%c9%99tinin-%c9%99sasini-t%c9%99skil-edir","status":"publish","type":"post","link":"https:\/\/arantv.az\/?p=446598","title":{"rendered":"\u0130nsan amili d\u00f6vl\u0259timizin siyas\u0259tinin \u0259sas\u0131n\u0131 t\u0259\u015fkil edir"},"content":{"rendered":"<p><em><strong>Az\u0259rbaycan\u0131n s\u00f6z\u00fcn\u00fcn imzas\u0131 q\u0259d\u0259r \u0259h\u0259miyy\u0259tli oldu\u011fu atd\u0131\u011f\u0131 h\u0259r add\u0131m\u0131nda \u00f6z\u00fcn\u00fc t\u0259sdiql\u0259yir<\/strong><\/em><\/p>\n<p>\u0130ki ild\u0259n art\u0131qd\u0131r d\u00fcnyan\u0131 c\u0259ngin\u0259 alan koronavirus infeksiyas\u0131 il\u0259\u00a0 ba\u011fl\u0131 Az\u0259rbaycan\u0131n h\u0259m \u00f6lk\u0259 daxilind\u0259, h\u0259m d\u0259 beyn\u0259lxalq s\u0259viyy\u0259d\u0259 h\u0259yata ke\u00e7irdiyi t\u0259dbirl\u0259r t\u0259qdir edilir. M\u00fcbariz\u0259 t\u0259dbirl\u0259rinin ba\u015fland\u0131\u011f\u0131 ilk g\u00fcnl\u0259r\u0259 diqq\u0259t yetirs\u0259k g\u00f6r\u0259rik ki, h\u0259tta d\u00fcnyan\u0131n inki\u015faf etmi\u015f \u00f6lk\u0259l\u0259ri bel\u0259 \u00f6z\u00fcn\u0259qapanma yolunu tutaraq \u00a0m\u00fcbariz\u0259 t\u0259dbirl\u0259ri il\u0259 ba\u011fl\u0131 t\u0259klifl\u0259rinin olmad\u0131\u011f\u0131 q\u0259na\u0259tini yaratd\u0131lar. Amma Az\u0259rbaycan bu \u00e7a\u011f\u0131r\u0131\u015f\u0131 etdi ki, qlobal problem\u0259 qar\u015f\u0131 birg\u0259 m\u00fcbariz\u0259nin apar\u0131lmas\u0131, s\u0259yl\u0259rin birl\u0259\u015fdirilm\u0259si vacibdir. \u00d6z\u00fcn\u0259qapanmaq yox, h\u0259r bir \u00f6lk\u0259 bununla ba\u011fl\u0131 \u00f6z t\u0259klifl\u0259rini verm\u0259li,\u00a0 bu b\u0259ladan xilas olmaq \u00fc\u00e7\u00fcn s\u0259yl\u0259r g\u00f6st\u0259rm\u0259lidir.<\/p>\n<p>Bir m\u00fch\u00fcm m\u0259qam\u0131 da n\u0259z\u0259r\u0259 alaq ki, COVID-19 pandemiyas\u0131 il\u0259 m\u00fcbariz\u0259 t\u0259dbirl\u0259rinin daha da d\u0259rinli\u015fdiyi bir zamanda Az\u0259rbaycan 44 g\u00fcnl\u00fck V\u0259t\u0259n m\u00fcharib\u0259sini ya\u015fad\u0131. 2020-ci ilin\u00a0 sentyabr\u0131n 27-d\u0259n ba\u015flanan \u0130kinci Qaraba\u011f m\u00fcharib\u0259si noyabr\u0131n 10-da d\u00f6vl\u0259t ba\u015f\u00e7\u0131s\u0131, M\u00fcz\u0259ff\u0259r Ali Ba\u015f Komandan \u0130lham \u018fliyevin q\u0259tiyy\u0259ti, ordumuzun g\u00fcc\u00fc, q\u00fcdr\u0259ti say\u0259sind\u0259\u00a0 h\u0259rbi-siyasi Q\u0259l\u0259b\u0259mizin v\u0259\u00a0 Erm\u0259nistan\u0131n kapitulyasiyas\u0131n\u0131n t\u0259sdiqi olan \u00fc\u00e7t\u0259r\u0259fli B\u0259yanat\u0131n imzalanmas\u0131 il\u0259 n\u0259tic\u0259l\u0259ndi. Tarixi Z\u0259f\u0259rimiz, eyni zamanda,\u00a0 Az\u0259rbaycan xalq\u0131n\u0131n m\u0259\u011frurlu\u011funu, yenilm\u0259zliyini, birliyini bir daha d\u00fcnyaya n\u00fcmayi\u015f etdirdi.\u00a0 Bu birliyi, h\u0259mr\u0259yliyi xalq\u0131m\u0131z koronavirus infeksiyas\u0131na qar\u015f\u0131 m\u00fcbariz\u0259d\u0259 d\u0259 n\u00fcmayi\u015f etdirir. M\u00fcbariz\u0259nin \u0259sas devizi olan \u00abBiz birlikd\u0259 g\u00fccl\u00fcy\u00fck!\u00bb\u00a0 deyil\u0259nl\u0259rin t\u0259sdiqidir.<\/p>\n<p>D\u00f6vl\u0259t ba\u015f\u00e7\u0131s\u0131 \u0130lham \u018fliyevin, Az\u0259rbaycan\u0131n Birinci vitse-prezidenti Mehriban xan\u0131m \u018fliyevan\u0131n\u00a0 COVID-19 pandemiyas\u0131na qar\u015f\u0131 \u00a0m\u00fcbariz\u0259 il\u0259 ba\u011fl\u0131 xalqa m\u00fcraci\u0259tl\u0259rin\u0259 diqq\u0259t yetirdikd\u0259 birliy\u0259, h\u0259mr\u0259yliy\u0259 edil\u0259n \u00e7a\u011f\u0131r\u0131\u015flar\u0131n \u0259sas yer tutdu\u011funu g\u00f6r\u0259rik. Mehriban xan\u0131m \u018fliyeva COVID-19 qorxulu hekay\u0259nin ba\u015fa \u00e7ataca\u011f\u0131na inam ifad etm\u0259kl\u0259 \u00a0yana\u015f\u0131, bu \u0259minliyi d\u0259 diqq\u0259t\u0259 \u00e7at\u0131r\u0131rd\u0131 ki, \u00a0m\u00fcdrik xalq\u0131m\u0131z\u0131n \u0259n g\u00f6z\u0259l x\u00fcsusiyy\u0259tl\u0259ri \u2013 ruh y\u00fcks\u0259kliyi v\u0259 m\u0259rdlik, m\u0259rh\u0259m\u0259t v\u0259 \u015f\u0259fq\u0259t, inam v\u0259 m\u0259h\u0259bb\u0259t say\u0259sind\u0259 biz birlikd\u0259 bu ciddi \u00e7a\u011f\u0131r\u0131\u015f\u0131n \u00f6hd\u0259sind\u0259n g\u0259l\u0259c\u0259yik.<\/p>\n<p>\u0130lk g\u00fcnd\u0259n \u00dcmumd\u00fcnya S\u0259hiyy\u0259 T\u0259\u015fkilat\u0131 il\u0259 \u0259m\u0259kda\u015fl\u0131q ed\u0259n Az\u0259rbaycan\u0131n daxild\u0259 h\u0259yata ke\u00e7irdiyi t\u0259dbirl\u0259r\u00a0 bel\u0259 bir proqnozun s\u0259sl\u0259ndirilm\u0259sin\u0259 s\u0259b\u0259b oldu ki, \u00f6lk\u0259miz\u00a0 bu b\u0259ladan az itki il\u0259 \u00e7\u0131xacaq. Bu g\u00fcn d\u00fcnya d\u00f6vl\u0259tl\u0259ri il\u0259 m\u00fcqayis\u0259li t\u0259hlil fonunda h\u0259min proqnozun \u00f6z\u00fcn\u00fc do\u011frultdu\u011funu b\u00f6y\u00fck \u0259minlikl\u0259 qeyd ed\u0259 bil\u0259rik. D\u00f6vl\u0259t ba\u015f\u00e7\u0131s\u0131 \u0130lham \u018fliyev insanlar\u0131n sa\u011flaml\u0131\u011f\u0131n\u0131n prioritetliyini \u00f6n\u0259 \u00e7\u0259k\u0259r\u0259k s\u0259hiyy\u0259 sisteminin daha da t\u0259kmill\u0259\u015fdirilm\u0259sin\u0259, m\u00fcbariz\u0259 t\u0259dbirl\u0259rinin \u0259sas t\u0259rkib hiss\u0259si olan vaksinasiya prosesinin h\u0259yata ke\u00e7irilm\u0259sin\u0259 x\u00fcsusi diqq\u0259t g\u00f6st\u0259rdi ki, bu g\u00fcn at\u0131lan add\u0131mlar\u0131n u\u011furlu n\u0259tic\u0259l\u0259rini g\u00f6r\u00fcr\u00fck.<\/p>\n<p>Az\u0259rbaycan\u0131n\u00a0 m\u00fcbariz\u0259 t\u0259dbirl\u0259ri il\u0259 ba\u011fl\u0131 t\u0259\u015f\u0259bb\u00fcsl\u0259rinin beyn\u0259lxalq d\u0259st\u0259k qazanmas\u0131nda da d\u00f6vl\u0259timizin q\u0259tiyy\u0259ti, d\u00f6vl\u0259t ba\u015f\u00e7\u0131s\u0131 \u0130lham \u018fliyevin n\u00fcfuzu, ona g\u00f6st\u0259ril\u0259n etimad m\u00fch\u00fcm rol oynay\u0131r. \u00d6lk\u0259 Prezidentinin t\u0259\u015f\u0259bb\u00fcs\u00fc il\u0259 T\u00fcrk \u015euras\u0131n\u0131n, Qo\u015fulmama H\u0259r\u0259kat\u0131n\u0131n Zirv\u0259 g\u00f6r\u00fc\u015fl\u0259ri, BMT Ba\u015f Assambleyas\u0131n\u0131n X\u00fcsusi Sessiyas\u0131 ke\u00e7irildi. H\u0259r bir t\u0259dbir s\u0259yl\u0259rin birl\u0259\u015fdirilm\u0259sin\u0259, birlik, h\u0259mr\u0259ylik \u00e7a\u011f\u0131r\u0131\u015flar\u0131na b\u00f6y\u00fck t\u00f6hf\u0259 oldu.<\/p>\n<p>Bu g\u00fcnl\u0259rd\u0259 BMT Ba\u015f Assambleyas\u0131 s\u0259drinin \u201cUniversal peyv\u0259ndl\u0259nm\u0259 \u00fc\u00e7\u00fcn s\u0259yl\u0259rin art\u0131r\u0131lmas\u0131\u201d m\u00f6vzusunda t\u0259\u015fkil etdiyi y\u00fcks\u0259k s\u0259viyy\u0259li tematik m\u00fczakir\u0259l\u0259rd\u0259 Prezident \u0130lham \u018fliyevin milli qisimd\u0259 v\u0259 Qo\u015fulmama H\u0259r\u0259kat\u0131n\u0131n S\u0259dri kimi H\u0259r\u0259kata \u00fczv d\u00f6vl\u0259tl\u0259r ad\u0131ndan t\u0259qdim olunan videoformatda \u00e7\u0131x\u0131\u015f\u0131 da Az\u0259rbaycana olan inam\u0131n, d\u00f6vl\u0259timizin artan n\u00fcfuzunun, siyasi \u00e7\u0259kisinin t\u0259qdimat\u0131 oldu. 120 \u00f6lk\u0259ni s\u0131ralar\u0131nda birl\u0259\u015fdir\u0259n Qo\u015fulmama H\u0259r\u0259kat\u0131na \u00fczv d\u00f6vl\u0259tl\u0259rin ad\u0131ndan \u00e7\u0131x\u0131\u015f etm\u0259kd\u0259n m\u0259mnunluq hissi ke\u00e7irdiyini bildir\u0259n d\u00f6vl\u0259t ba\u015f\u00e7\u0131s\u0131 \u0130lham \u018fliyev dig\u0259r \u00e7\u0131x\u0131\u015flar\u0131nda oldu\u011fu kimi, bu d\u0259f\u0259 d\u0259 \u201cpeyv\u0259nd mill\u0259t\u00e7iliyi\u201dn\u0259 qar\u015f\u0131 n\u00f6vb\u0259ti \u00e7a\u011f\u0131r\u0131\u015f\u0131n\u0131 etdi. \u201cVaksin mill\u0259t\u00e7iliyi\u201d, vaksinl\u0259rin inki\u015faf etmi\u015f v\u0259 inki\u015faf etm\u0259kd\u0259 olan \u00f6lk\u0259l\u0259r aras\u0131nda \u0259dal\u0259tsiz b\u00f6lg\u00fcs\u00fc bizi d\u0259rind\u0259n narahat edir. D\u00fcnyada m\u00f6vcud vaksinl\u0259rin 53 faizi 30-dan \u00e7ox z\u0259ngin d\u00f6vl\u0259t t\u0259r\u0259find\u0259n sifari\u015f edilib\u201d s\u00f6yl\u0259y\u0259r\u0259k \u201cpeyv\u0259nd mill\u0259t\u00e7iliyi\u201dn\u0259 qar\u015f\u0131 m\u00fcbariz\u0259d\u0259 \u0259dal\u0259t prinsipl\u0259rinin qorunmas\u0131na, b\u00fct\u00fcn insanlara eyni d\u0259r\u0259c\u0259d\u0259\u00a0 yana\u015f\u0131lmas\u0131na, insanlar aras\u0131nda qeyri-b\u0259rab\u0259rliyin\u00a0 aradan qald\u0131r\u0131lmas\u0131na t\u0259r\u0259fdar oldu\u011funu bildir\u0259n d\u00f6vl\u0259t ba\u015f\u00e7\u0131s\u0131n\u0131n \u00a0t\u0259\u015f\u0259bb\u00fcs\u00fc \u0259sas\u0131nda\u00a0 haz\u0131rlanan q\u0259tnam\u0259nin 171 \u00f6lk\u0259 t\u0259r\u0259find\u0259n q\u0259bul edilm\u0259si d\u0259 Az\u0259rbaycan n\u00fcfuzunun g\u00f6st\u0259ricisidir. Prezident \u0130lham \u018fliyev \u00e7\u0131x\u0131\u015f\u0131nda bu staistikaya da diqq\u0259ti y\u00f6n\u0259ltmi\u015fdir ki, \u00a0\u00f6lk\u0259mizd\u0259 yetkin \u0259halinin 68 faizi peyv\u0259ndin h\u0259r iki dozas\u0131 il\u0259 t\u0259min olunub. H\u0259mr\u0259ylik \u0259lam\u0259ti olaraq, koronavirusla m\u00fcbariz\u0259ni d\u0259st\u0259kl\u0259m\u0259k m\u0259qs\u0259dil\u0259 Az\u0259rbaycan birba\u015fa v\u0259 ya \u00dcmumd\u00fcnya S\u0259hiyy\u0259 T\u0259\u015fkilat\u0131 vasit\u0259sil\u0259 80-\u0259 q\u0259d\u0259r \u00f6lk\u0259y\u0259 maliyy\u0259 v\u0259 humanitar yard\u0131m\u0131 etmi\u015fdir. Bununla yana\u015f\u0131, \u00a0Az\u0259rbaycan \u00a05 \u00f6lk\u0259y\u0259 peyv\u0259nd ian\u0259si edib \u00a0v\u0259 bu i\u015f davam etdiril\u0259c\u0259k.<\/p>\n<p>G\u00f6r\u00fcnd\u00fcy\u00fc kimi, Az\u0259rbaycan h\u0259r bir m\u0259s\u0259l\u0259nin h\u0259llind\u0259 \u0259dal\u0259t prinsipinin qorunmas\u0131n\u0131 \u00f6nd\u0259 saxlay\u0131r. \u018fn \u0259sas\u0131 insan amili d\u00f6vl\u0259timizin siyas\u0259tinin \u0259sas\u0131n\u0131 t\u0259\u015fkil etdiyi, eyni zamanda, koronavirus infeksiyas\u0131 il\u0259 m\u00fcbariz\u0259 insan sa\u011flaml\u0131\u011f\u0131 il\u0259 \u0259laq\u0259dar oldu\u011fu \u00fc\u00e7\u00fcn Az\u0259rbaycan Prezidenti \u0130lham \u018fliyev bu b\u0259ladan b\u00fct\u00fcn d\u00fcnyan\u0131n tezlikl\u0259\u00a0 v\u0259 az itki il\u0259 \u00e7\u0131xmas\u0131 \u00fc\u00e7\u00fcn s\u0259yl\u0259rini art\u0131r\u0131r v\u0259 birliyin, h\u0259mr\u0259yliyin vacibliyin\u0259 \u00e7a\u011f\u0131r\u0131\u015flar edir. Bu fikir beyn\u0259lxalq s\u0259viyy\u0259d\u0259 d\u0259 etiraf edilir ki, ir\u0259li s\u00fcr\u00fcl\u0259n t\u0259\u015f\u0259bb\u00fcsl\u0259rin d\u0259st\u0259kl\u0259nm\u0259sind\u0259 t\u0259\u015f\u0259bb\u00fcskar d\u00f6vl\u0259tin, h\u0259min \u00f6lk\u0259nin Prezidentinin n\u00fcfuzu \u0259sas rol oynay\u0131r. Az\u0259rbaycan\u0131n s\u00f6z\u00fcn\u00fcn imzas\u0131 q\u0259d\u0259r \u0259h\u0259miyy\u0259tli oldu\u011fu atd\u0131\u011f\u0131 h\u0259r add\u0131m\u0131nda \u00f6z\u00fcn\u00fc t\u0259sdiql\u0259yir.<\/p>\n<p><img src=\"https:\/\/ikisahil.az\/upload\/\/2022\/03\/02\/\/-102f0bb6164621036873253829610443978.jpg\" alt=\"\" \/><\/p>\n<p><strong>M\u0259mm\u0259da\u011fa \u015eiriyev,<\/strong><\/p>\n<p><em>Masall\u0131 rayonu \u018frkivan q\u0259s\u0259b\u0259 sakini<\/em><\/p>\n","protected":false},"excerpt":{"rendered":"<p>Az\u0259rbaycan\u0131n s\u00f6z\u00fcn\u00fcn imzas\u0131 q\u0259d\u0259r \u0259h\u0259miyy\u0259tli oldu\u011fu atd\u0131\u011f\u0131 h\u0259r add\u0131m\u0131nda \u00f6z\u00fcn\u00fc t\u0259sdiql\u0259yir \u0130ki ild\u0259n art\u0131qd\u0131r d\u00fcnyan\u0131 c\u0259ngin\u0259 alan koronavirus infeksiyas\u0131 il\u0259\u00a0 ba\u011fl\u0131 Az\u0259rbaycan\u0131n h\u0259m \u00f6lk\u0259 daxilind\u0259, h\u0259m d\u0259 beyn\u0259lxalq s\u0259viyy\u0259d\u0259 h\u0259yata ke\u00e7irdiyi t\u0259dbirl\u0259r t\u0259qdir edilir. M\u00fcbariz\u0259 t\u0259dbirl\u0259rinin ba\u015fland\u0131\u011f\u0131 ilk g\u00fcnl\u0259r\u0259 diqq\u0259t yetirs\u0259k g\u00f6r\u0259rik ki, h\u0259tta d\u00fcnyan\u0131n inki\u015faf etmi\u015f \u00f6lk\u0259l\u0259ri bel\u0259 \u00f6z\u00fcn\u0259qapanma yolunu tutaraq \u00a0m\u00fcbariz\u0259 t\u0259dbirl\u0259ri il\u0259 ba\u011fl\u0131 t\u0259klifl\u0259rinin olmad\u0131\u011f\u0131 q\u0259na\u0259tini yaratd\u0131lar. Amma Az\u0259rbaycan bu \u00e7a\u011f\u0131r\u0131\u015f\u0131 etdi ki, qlobal problem\u0259 qar\u015f\u0131 birg\u0259 m\u00fcbariz\u0259nin apar\u0131lmas\u0131, s\u0259yl\u0259rin birl\u0259\u015fdirilm\u0259si vacibdir. \u00d6z\u00fcn\u0259qapanmaq yox, h\u0259r bir \u00f6lk\u0259 bununla ba\u011fl\u0131 \u00f6z t\u0259klifl\u0259rini verm\u0259li,\u00a0 bu b\u0259ladan xilas olmaq \u00fc\u00e7\u00fcn&hellip;<\/p>\n","protected":false},"author":2,"featured_media":446599,"comment_status":"closed","ping_status":"closed","sticky":false,"template":"","format":"standard","meta":{"om_disable_all_campaigns":false,"_monsterinsights_skip_tracking":false,"_monsterinsights_sitenote_active":false,"_monsterinsights_sitenote_note":"","_monsterinsights_sitenote_category":0},"categories":[19],"tags":[],"aioseo_notices":[],"gutentor_comment":0,"rttpg_featured_image_url":{"full":["https:\/\/arantv.az\/wp-content\/uploads\/2022\/03\/c9f029a6164135698846608741610254847-1.jpg",975,540,false],"landscape":["https:\/\/arantv.az\/wp-content\/uploads\/2022\/03\/c9f029a6164135698846608741610254847-1.jpg",975,540,false],"portraits":["https:\/\/arantv.az\/wp-content\/uploads\/2022\/03\/c9f029a6164135698846608741610254847-1.jpg",975,540,false],"thumbnail":["https:\/\/arantv.az\/wp-content\/uploads\/2022\/03\/c9f029a6164135698846608741610254847-1-500x280.jpg",500,280,true],"medium":["https:\/\/arantv.az\/wp-content\/uploads\/2022\/03\/c9f029a6164135698846608741610254847-1-660x365.jpg",660,365,true],"large":["https:\/\/arantv.az\/wp-content\/uploads\/2022\/03\/c9f029a6164135698846608741610254847-1-840x465.jpg",640,354,true],"1536x1536":["https:\/\/arantv.az\/wp-content\/uploads\/2022\/03\/c9f029a6164135698846608741610254847-1.jpg",975,540,false],"2048x2048":["https:\/\/arantv.az\/wp-content\/uploads\/2022\/03\/c9f029a6164135698846608741610254847-1.jpg",975,540,false],"post-thumbnail":["https:\/\/arantv.az\/wp-content\/uploads\/2022\/03\/c9f029a6164135698846608741610254847-1-240x172.jpg",240,172,true],"advps-thumb-one":["https:\/\/arantv.az\/wp-content\/uploads\/2022\/03\/c9f029a6164135698846608741610254847-1.jpg",975,540,false]},"rttpg_author":{"display_name":"V\u00fcsal Rafiqo\u011flu","author_link":"https:\/\/arantv.az\/?author=2"},"rttpg_comment":0,"rttpg_category":"<a href=\"https:\/\/arantv.az\/?cat=19\" rel=\"category\">G\u00fcnd\u0259m<\/a>","rttpg_excerpt":"Az\u0259rbaycan\u0131n s\u00f6z\u00fcn\u00fcn imzas\u0131 q\u0259d\u0259r \u0259h\u0259miyy\u0259tli oldu\u011fu atd\u0131\u011f\u0131 h\u0259r add\u0131m\u0131nda \u00f6z\u00fcn\u00fc t\u0259sdiql\u0259yir \u0130ki ild\u0259n art\u0131qd\u0131r d\u00fcnyan\u0131 c\u0259ngin\u0259 alan koronavirus infeksiyas\u0131 il\u0259\u00a0 ba\u011fl\u0131 Az\u0259rbaycan\u0131n h\u0259m \u00f6lk\u0259 daxilind\u0259, h\u0259m d\u0259 beyn\u0259lxalq s\u0259viyy\u0259d\u0259 h\u0259yata ke\u00e7irdiyi t\u0259dbirl\u0259r t\u0259qdir edilir. M\u00fcbariz\u0259 t\u0259dbirl\u0259rinin ba\u015fland\u0131\u011f\u0131 ilk g\u00fcnl\u0259r\u0259 diqq\u0259t yetirs\u0259k g\u00f6r\u0259rik ki, h\u0259tta d\u00fcnyan\u0131n inki\u015faf etmi\u015f \u00f6lk\u0259l\u0259ri bel\u0259 \u00f6z\u00fcn\u0259qapanma yolunu tutaraq \u00a0m\u00fcbariz\u0259 t\u0259dbirl\u0259ri il\u0259&hellip;","_links":{"self":[{"href":"https:\/\/arantv.az\/index.php?rest_route=\/wp\/v2\/posts\/446598"}],"collection":[{"href":"https:\/\/arantv.az\/index.php?rest_route=\/wp\/v2\/posts"}],"about":[{"href":"https:\/\/arantv.az\/index.php?rest_route=\/wp\/v2\/types\/post"}],"author":[{"embeddable":true,"href":"https:\/\/arantv.az\/index.php?rest_route=\/wp\/v2\/users\/2"}],"replies":[{"embeddable":true,"href":"https:\/\/arantv.az\/index.php?rest_route=%2Fwp%2Fv2%2Fcomments&post=446598"}],"version-history":[{"count":0,"href":"https:\/\/arantv.az\/index.php?rest_route=\/wp\/v2\/posts\/446598\/revisions"}],"wp:featuredmedia":[{"embeddable":true,"href":"https:\/\/arantv.az\/index.php?rest_route=\/wp\/v2\/media\/446599"}],"wp:attachment":[{"href":"https:\/\/arantv.az\/index.php?rest_route=%2Fwp%2Fv2%2Fmedia&parent=446598"}],"wp:term":[{"taxonomy":"category","embeddable":true,"href":"https:\/\/arantv.az\/index.php?rest_route=%2Fwp%2Fv2%2Fcategories&post=446598"},{"taxonomy":"post_tag","embeddable":true,"href":"https:\/\/arantv.az\/index.php?rest_route=%2Fwp%2Fv2%2Ftags&post=446598"}],"curies":[{"name":"wp","href":"https:\/\/api.w.org\/{rel}","templated":true}]}}