{"id":446604,"date":"2022-03-02T12:12:54","date_gmt":"2022-03-02T09:12:54","guid":{"rendered":"http:\/\/arantv.az\/?p=446604"},"modified":"2022-03-02T12:12:54","modified_gmt":"2022-03-02T09:12:54","slug":"onlarla-yaponiyali-ukraynada-doyusm%c9%99k-ucun-muraci%c9%99t-edib","status":"publish","type":"post","link":"https:\/\/arantv.az\/?p=446604","title":{"rendered":"Onlarla yaponiyal\u0131 Ukraynada d\u00f6y\u00fc\u015fm\u0259k \u00fc\u00e7\u00fcn m\u00fcraci\u0259t edib"},"content":{"rendered":"<p>Yaponiyadan olan onlarla insan Ukrayna u\u011frunda d\u00f6y\u00fc\u015fm\u0259k \u00fc\u00e7\u00fcn k\u00f6n\u00fcll\u00fc olub.<\/p>\n<p>Bu bar\u0259d\u0259 \u201cReuters\u201d m\u0259lumat verib.<\/p>\n<div class=\"AdviadNativeVideo\"><\/div>\n<p>X\u0259b\u0259r agentliyi Volodimir Zelenskinin \u201c\u0259cn\u0259bi legiona qo\u015fulmaq \u00fc\u00e7\u00fcn Ukraynaya g\u0259lin\u201d \u00e7a\u011f\u0131r\u0131\u015f\u0131na cavab ver\u0259n 39 ya\u015fl\u0131 ofis i\u015f\u00e7isi Kei\u00e7i Kurogini misal g\u0259tirir.<\/p>\n<p>\u201cUkraynada silahlar\u0131n\u0131 tutub c\u0259bh\u0259y\u0259 ged\u0259n ya\u015fl\u0131 ki\u015fi v\u0259 qad\u0131nlar\u0131n \u015f\u0259kill\u0259rini g\u00f6r\u0259nd\u0259 \u00f6z\u00fcm\u00fc onlar\u0131n yan\u0131nda olmaq m\u0259cburiyy\u0259tind\u0259 hiss etdim\u201d, &#8211; dey\u0259 Kurogi bildirib.<\/p>\n<p>\u201cMainichi Shimbun\u201d q\u0259zeti d\u0259 m\u0259lumat\u0131 t\u0259sdiql\u0259yib. N\u0259\u015fr\u00a0Tokioda k\u00f6n\u00fcll\u00fcl\u00fckl\u0259 m\u0259\u015f\u011ful olan \u015firk\u0259t\u0259 istinad\u0259n x\u0259b\u0259r verir ki, \u00e7\u0259r\u015f\u0259nb\u0259 ax\u015fam\u0131na olan m\u0259lumata g\u00f6r\u0259, Yaponiya \u00d6z\u00fcn\u00fcm\u00fcdafi\u0259 Q\u00fcvv\u0259l\u0259rinin 50 ke\u00e7mi\u015f \u00fczv\u00fc v\u0259 Fransa Xarici Legionunun iki veteran\u0131 da daxil olmaqla \u00fcmumilikd\u0259 70 yapon\u00a0k\u00f6n\u00fcll\u00fc olmaq \u00fc\u00e7\u00fcn m\u00fcraci\u0259t edib.<\/p>\n<p>Ukraynan\u0131n Yaponiyadak\u0131 s\u0259firliyinin n\u00fcmay\u0259nd\u0259si d\u0259\u00a0ona Ukrayna u\u011frunda d\u00f6y\u00fc\u015fm\u0259k ist\u0259y\u0259n insanlardan z\u0259ngl\u0259r edildiyini bildirib, lakin t\u0259f\u0259rr\u00fcat\u0131 a\u00e7\u0131qlamaqdan imtina edib.<\/p>\n<p>M\u0259nb\u0259: Reuters<\/p>\n","protected":false},"excerpt":{"rendered":"<p>Yaponiyadan olan onlarla insan Ukrayna u\u011frunda d\u00f6y\u00fc\u015fm\u0259k \u00fc\u00e7\u00fcn k\u00f6n\u00fcll\u00fc olub. Bu bar\u0259d\u0259 \u201cReuters\u201d m\u0259lumat verib. X\u0259b\u0259r agentliyi Volodimir Zelenskinin \u201c\u0259cn\u0259bi legiona qo\u015fulmaq \u00fc\u00e7\u00fcn Ukraynaya g\u0259lin\u201d \u00e7a\u011f\u0131r\u0131\u015f\u0131na cavab ver\u0259n 39 ya\u015fl\u0131 ofis i\u015f\u00e7isi Kei\u00e7i Kurogini misal g\u0259tirir. \u201cUkraynada silahlar\u0131n\u0131 tutub c\u0259bh\u0259y\u0259 ged\u0259n ya\u015fl\u0131 ki\u015fi v\u0259 qad\u0131nlar\u0131n \u015f\u0259kill\u0259rini g\u00f6r\u0259nd\u0259 \u00f6z\u00fcm\u00fc onlar\u0131n yan\u0131nda olmaq m\u0259cburiyy\u0259tind\u0259 hiss etdim\u201d, &#8211; dey\u0259 Kurogi bildirib. \u201cMainichi Shimbun\u201d q\u0259zeti d\u0259 m\u0259lumat\u0131 t\u0259sdiql\u0259yib. N\u0259\u015fr\u00a0Tokioda k\u00f6n\u00fcll\u00fcl\u00fckl\u0259 m\u0259\u015f\u011ful olan \u015firk\u0259t\u0259 istinad\u0259n x\u0259b\u0259r verir ki, \u00e7\u0259r\u015f\u0259nb\u0259 ax\u015fam\u0131na olan m\u0259lumata g\u00f6r\u0259, Yaponiya \u00d6z\u00fcn\u00fcm\u00fcdafi\u0259 Q\u00fcvv\u0259l\u0259rinin 50 ke\u00e7mi\u015f \u00fczv\u00fc v\u0259 Fransa Xarici Legionunun iki veteran\u0131&hellip;<\/p>\n","protected":false},"author":2,"featured_media":446605,"comment_status":"closed","ping_status":"closed","sticky":false,"template":"","format":"standard","meta":{"om_disable_all_campaigns":false,"_monsterinsights_skip_tracking":false,"_monsterinsights_sitenote_active":false,"_monsterinsights_sitenote_note":"","_monsterinsights_sitenote_category":0},"categories":[7],"tags":[],"aioseo_notices":[],"gutentor_comment":0,"rttpg_featured_image_url":{"full":["https:\/\/arantv.az\/wp-content\/uploads\/2022\/03\/DENJBEGFT5OHJKY67NIBNBI2QU.jpg",620,413,false],"landscape":["https:\/\/arantv.az\/wp-content\/uploads\/2022\/03\/DENJBEGFT5OHJKY67NIBNBI2QU.jpg",620,413,false],"portraits":["https:\/\/arantv.az\/wp-content\/uploads\/2022\/03\/DENJBEGFT5OHJKY67NIBNBI2QU.jpg",620,413,false],"thumbnail":["https:\/\/arantv.az\/wp-content\/uploads\/2022\/03\/DENJBEGFT5OHJKY67NIBNBI2QU-500x280.jpg",500,280,true],"medium":["https:\/\/arantv.az\/wp-content\/uploads\/2022\/03\/DENJBEGFT5OHJKY67NIBNBI2QU-548x365.jpg",548,365,true],"large":["https:\/\/arantv.az\/wp-content\/uploads\/2022\/03\/DENJBEGFT5OHJKY67NIBNBI2QU.jpg",620,413,false],"1536x1536":["https:\/\/arantv.az\/wp-content\/uploads\/2022\/03\/DENJBEGFT5OHJKY67NIBNBI2QU.jpg",620,413,false],"2048x2048":["https:\/\/arantv.az\/wp-content\/uploads\/2022\/03\/DENJBEGFT5OHJKY67NIBNBI2QU.jpg",620,413,false],"post-thumbnail":["https:\/\/arantv.az\/wp-content\/uploads\/2022\/03\/DENJBEGFT5OHJKY67NIBNBI2QU-240x172.jpg",240,172,true],"advps-thumb-one":["https:\/\/arantv.az\/wp-content\/uploads\/2022\/03\/DENJBEGFT5OHJKY67NIBNBI2QU.jpg",620,413,false]},"rttpg_author":{"display_name":"V\u00fcsal Rafiqo\u011flu","author_link":"https:\/\/arantv.az\/?author=2"},"rttpg_comment":0,"rttpg_category":"<a href=\"https:\/\/arantv.az\/?cat=7\" rel=\"category\">D\u00fcnya<\/a>","rttpg_excerpt":"Yaponiyadan olan onlarla insan Ukrayna u\u011frunda d\u00f6y\u00fc\u015fm\u0259k \u00fc\u00e7\u00fcn k\u00f6n\u00fcll\u00fc olub. Bu bar\u0259d\u0259 \u201cReuters\u201d m\u0259lumat verib. X\u0259b\u0259r agentliyi Volodimir Zelenskinin \u201c\u0259cn\u0259bi legiona qo\u015fulmaq \u00fc\u00e7\u00fcn Ukraynaya g\u0259lin\u201d \u00e7a\u011f\u0131r\u0131\u015f\u0131na cavab ver\u0259n 39 ya\u015fl\u0131 ofis i\u015f\u00e7isi Kei\u00e7i Kurogini misal g\u0259tirir. \u201cUkraynada silahlar\u0131n\u0131 tutub c\u0259bh\u0259y\u0259 ged\u0259n ya\u015fl\u0131 ki\u015fi v\u0259 qad\u0131nlar\u0131n \u015f\u0259kill\u0259rini g\u00f6r\u0259nd\u0259 \u00f6z\u00fcm\u00fc onlar\u0131n yan\u0131nda olmaq m\u0259cburiyy\u0259tind\u0259 hiss etdim\u201d, &#8211;&hellip;","_links":{"self":[{"href":"https:\/\/arantv.az\/index.php?rest_route=\/wp\/v2\/posts\/446604"}],"collection":[{"href":"https:\/\/arantv.az\/index.php?rest_route=\/wp\/v2\/posts"}],"about":[{"href":"https:\/\/arantv.az\/index.php?rest_route=\/wp\/v2\/types\/post"}],"author":[{"embeddable":true,"href":"https:\/\/arantv.az\/index.php?rest_route=\/wp\/v2\/users\/2"}],"replies":[{"embeddable":true,"href":"https:\/\/arantv.az\/index.php?rest_route=%2Fwp%2Fv2%2Fcomments&post=446604"}],"version-history":[{"count":0,"href":"https:\/\/arantv.az\/index.php?rest_route=\/wp\/v2\/posts\/446604\/revisions"}],"wp:featuredmedia":[{"embeddable":true,"href":"https:\/\/arantv.az\/index.php?rest_route=\/wp\/v2\/media\/446605"}],"wp:attachment":[{"href":"https:\/\/arantv.az\/index.php?rest_route=%2Fwp%2Fv2%2Fmedia&parent=446604"}],"wp:term":[{"taxonomy":"category","embeddable":true,"href":"https:\/\/arantv.az\/index.php?rest_route=%2Fwp%2Fv2%2Fcategories&post=446604"},{"taxonomy":"post_tag","embeddable":true,"href":"https:\/\/arantv.az\/index.php?rest_route=%2Fwp%2Fv2%2Ftags&post=446604"}],"curies":[{"name":"wp","href":"https:\/\/api.w.org\/{rel}","templated":true}]}}