{"id":446607,"date":"2022-03-02T12:18:56","date_gmt":"2022-03-02T09:18:56","guid":{"rendered":"http:\/\/arantv.az\/?p=446607"},"modified":"2022-03-02T12:18:56","modified_gmt":"2022-03-02T09:18:56","slug":"bakida-yaponiya-m%c9%99tb%c9%99xi-numayis-olunub","status":"publish","type":"post","link":"https:\/\/arantv.az\/?p=446607","title":{"rendered":"Bak\u0131da Yaponiya m\u0259tb\u0259xi n\u00fcmayi\u015f olunub"},"content":{"rendered":"<p>Bu g\u00fcn Yaponiyan\u0131n Az\u0259rbaycan Respublikas\u0131ndak\u0131 S\u0259firliyi v\u0259 Az\u0259rbaycan Hotel Assosiasiyas\u0131n\u0131n birg\u0259 t\u0259\u015fkilat\u00e7\u0131l\u0131\u011f\u0131 il\u0259 Yaponiya s\u0259firinin a\u015fpaz\u0131 Matsu\u015fita Taisei t\u0259r\u0259find\u0259n yapon yem\u0259kl\u0259rinin n\u00fcmayi\u015fi t\u0259dbiri ba\u015f tutub.<\/p>\n<p><strong>ARANTV.AZ\u00a0 x\u0259b\u0259r verir ki,<\/strong>\u00a0Yaponiyan\u0131n Az\u0259rbaycandak\u0131 f\u00f6vq\u0259lad\u0259 v\u0259 s\u0259lahiyy\u0259tli s\u0259firi Cuni\u00e7i Vada \u00e7\u0131x\u0131\u015f\u0131nda bildirib ki, bu il Yaponiya-Az\u0259rbaycan diplomatik m\u00fcnasib\u0259tl\u0259rinin qurulmas\u0131n\u0131n 30 illiyidir.<\/p>\n<p>\u201cBu m\u00fcnasib\u0259tl\u0259 biz m\u00fcxt\u0259lif rayonlar v\u0259 Bak\u0131da silsil\u0259 t\u0259dbirl\u0259rin h\u0259yata ke\u00e7irilm\u0259sini n\u0259z\u0259rd\u0259 tuturuq. Bu t\u0259dbirl\u0259rin ke\u00e7irilm\u0259sind\u0259 \u0259sas m\u0259qs\u0259dimiz yapon m\u0259d\u0259niyy\u0259tini, m\u0259tb\u0259xini tan\u0131tmaqd\u0131r. Bu g\u00fcn t\u0259qdim olunacaq yem\u0259kl\u0259r \u0259n\u0259n\u0259vi yapon yem\u0259kl\u0259ridir. Bu t\u0259lim q\u0131sa vaxt \u0259rzind\u0259 ba\u015f tutsa da inan\u0131ram ki, bir az da olsa, yapon m\u0259tb\u0259xi il\u0259 tan\u0131\u015f olacaqs\u0131n\u0131z\u201d, &#8211; s\u0259fir deyib.<\/p>\n<p>Sonra Matsu\u015fita Taisei t\u0259r\u0259find\u0259n master-klass ke\u00e7irilib.<\/p>\n","protected":false},"excerpt":{"rendered":"<p>Bu g\u00fcn Yaponiyan\u0131n Az\u0259rbaycan Respublikas\u0131ndak\u0131 S\u0259firliyi v\u0259 Az\u0259rbaycan Hotel Assosiasiyas\u0131n\u0131n birg\u0259 t\u0259\u015fkilat\u00e7\u0131l\u0131\u011f\u0131 il\u0259 Yaponiya s\u0259firinin a\u015fpaz\u0131 Matsu\u015fita Taisei t\u0259r\u0259find\u0259n yapon yem\u0259kl\u0259rinin n\u00fcmayi\u015fi t\u0259dbiri ba\u015f tutub. ARANTV.AZ\u00a0 x\u0259b\u0259r verir ki,\u00a0Yaponiyan\u0131n Az\u0259rbaycandak\u0131 f\u00f6vq\u0259lad\u0259 v\u0259 s\u0259lahiyy\u0259tli s\u0259firi Cuni\u00e7i Vada \u00e7\u0131x\u0131\u015f\u0131nda bildirib ki, bu il Yaponiya-Az\u0259rbaycan diplomatik m\u00fcnasib\u0259tl\u0259rinin qurulmas\u0131n\u0131n 30 illiyidir. \u201cBu m\u00fcnasib\u0259tl\u0259 biz m\u00fcxt\u0259lif rayonlar v\u0259 Bak\u0131da silsil\u0259 t\u0259dbirl\u0259rin h\u0259yata ke\u00e7irilm\u0259sini n\u0259z\u0259rd\u0259 tuturuq. Bu t\u0259dbirl\u0259rin ke\u00e7irilm\u0259sind\u0259 \u0259sas m\u0259qs\u0259dimiz yapon m\u0259d\u0259niyy\u0259tini, m\u0259tb\u0259xini tan\u0131tmaqd\u0131r. Bu g\u00fcn t\u0259qdim olunacaq yem\u0259kl\u0259r \u0259n\u0259n\u0259vi yapon yem\u0259kl\u0259ridir. Bu t\u0259lim q\u0131sa vaxt \u0259rzind\u0259 ba\u015f tutsa da inan\u0131ram ki, bir az da&hellip;<\/p>\n","protected":false},"author":2,"featured_media":446608,"comment_status":"closed","ping_status":"closed","sticky":false,"template":"","format":"standard","meta":{"om_disable_all_campaigns":false,"_monsterinsights_skip_tracking":false,"_monsterinsights_sitenote_active":false,"_monsterinsights_sitenote_note":"","_monsterinsights_sitenote_category":0},"categories":[1],"tags":[],"aioseo_notices":[],"gutentor_comment":0,"rttpg_featured_image_url":{"full":["https:\/\/arantv.az\/wp-content\/uploads\/2022\/03\/09a5e2a116462076331584248181084155.jpg",975,540,false],"landscape":["https:\/\/arantv.az\/wp-content\/uploads\/2022\/03\/09a5e2a116462076331584248181084155.jpg",975,540,false],"portraits":["https:\/\/arantv.az\/wp-content\/uploads\/2022\/03\/09a5e2a116462076331584248181084155.jpg",975,540,false],"thumbnail":["https:\/\/arantv.az\/wp-content\/uploads\/2022\/03\/09a5e2a116462076331584248181084155-500x280.jpg",500,280,true],"medium":["https:\/\/arantv.az\/wp-content\/uploads\/2022\/03\/09a5e2a116462076331584248181084155-660x365.jpg",660,365,true],"large":["https:\/\/arantv.az\/wp-content\/uploads\/2022\/03\/09a5e2a116462076331584248181084155-840x465.jpg",640,354,true],"1536x1536":["https:\/\/arantv.az\/wp-content\/uploads\/2022\/03\/09a5e2a116462076331584248181084155.jpg",975,540,false],"2048x2048":["https:\/\/arantv.az\/wp-content\/uploads\/2022\/03\/09a5e2a116462076331584248181084155.jpg",975,540,false],"post-thumbnail":["https:\/\/arantv.az\/wp-content\/uploads\/2022\/03\/09a5e2a116462076331584248181084155-240x172.jpg",240,172,true],"advps-thumb-one":["https:\/\/arantv.az\/wp-content\/uploads\/2022\/03\/09a5e2a116462076331584248181084155.jpg",975,540,false]},"rttpg_author":{"display_name":"V\u00fcsal Rafiqo\u011flu","author_link":"https:\/\/arantv.az\/?author=2"},"rttpg_comment":0,"rttpg_category":"<a href=\"https:\/\/arantv.az\/?cat=1\" rel=\"category\">C\u0259miyy\u0259t<\/a>","rttpg_excerpt":"Bu g\u00fcn Yaponiyan\u0131n Az\u0259rbaycan Respublikas\u0131ndak\u0131 S\u0259firliyi v\u0259 Az\u0259rbaycan Hotel Assosiasiyas\u0131n\u0131n birg\u0259 t\u0259\u015fkilat\u00e7\u0131l\u0131\u011f\u0131 il\u0259 Yaponiya s\u0259firinin a\u015fpaz\u0131 Matsu\u015fita Taisei t\u0259r\u0259find\u0259n yapon yem\u0259kl\u0259rinin n\u00fcmayi\u015fi t\u0259dbiri ba\u015f tutub. ARANTV.AZ\u00a0 x\u0259b\u0259r verir ki,\u00a0Yaponiyan\u0131n Az\u0259rbaycandak\u0131 f\u00f6vq\u0259lad\u0259 v\u0259 s\u0259lahiyy\u0259tli s\u0259firi Cuni\u00e7i Vada \u00e7\u0131x\u0131\u015f\u0131nda bildirib ki, bu il Yaponiya-Az\u0259rbaycan diplomatik m\u00fcnasib\u0259tl\u0259rinin qurulmas\u0131n\u0131n 30 illiyidir. \u201cBu m\u00fcnasib\u0259tl\u0259 biz m\u00fcxt\u0259lif rayonlar v\u0259 Bak\u0131da silsil\u0259&hellip;","_links":{"self":[{"href":"https:\/\/arantv.az\/index.php?rest_route=\/wp\/v2\/posts\/446607"}],"collection":[{"href":"https:\/\/arantv.az\/index.php?rest_route=\/wp\/v2\/posts"}],"about":[{"href":"https:\/\/arantv.az\/index.php?rest_route=\/wp\/v2\/types\/post"}],"author":[{"embeddable":true,"href":"https:\/\/arantv.az\/index.php?rest_route=\/wp\/v2\/users\/2"}],"replies":[{"embeddable":true,"href":"https:\/\/arantv.az\/index.php?rest_route=%2Fwp%2Fv2%2Fcomments&post=446607"}],"version-history":[{"count":0,"href":"https:\/\/arantv.az\/index.php?rest_route=\/wp\/v2\/posts\/446607\/revisions"}],"wp:featuredmedia":[{"embeddable":true,"href":"https:\/\/arantv.az\/index.php?rest_route=\/wp\/v2\/media\/446608"}],"wp:attachment":[{"href":"https:\/\/arantv.az\/index.php?rest_route=%2Fwp%2Fv2%2Fmedia&parent=446607"}],"wp:term":[{"taxonomy":"category","embeddable":true,"href":"https:\/\/arantv.az\/index.php?rest_route=%2Fwp%2Fv2%2Fcategories&post=446607"},{"taxonomy":"post_tag","embeddable":true,"href":"https:\/\/arantv.az\/index.php?rest_route=%2Fwp%2Fv2%2Ftags&post=446607"}],"curies":[{"name":"wp","href":"https:\/\/api.w.org\/{rel}","templated":true}]}}