{"id":446612,"date":"2022-03-02T12:35:34","date_gmt":"2022-03-02T09:35:34","guid":{"rendered":"http:\/\/arantv.az\/?p=446612"},"modified":"2022-03-02T12:35:34","modified_gmt":"2022-03-02T09:35:34","slug":"gurcustan-prezidenti-avropa-ittifaqina-s%c9%99sl%c9%99ndi-bizi-d%c9%99-unutmayin","status":"publish","type":"post","link":"https:\/\/arantv.az\/?p=446612","title":{"rendered":"G\u00fcrc\u00fcstan prezidenti Avropa \u0130ttifaq\u0131na s\u0259sl\u0259ndi: \u201cBizi d\u0259 unutmay\u0131n\u201d"},"content":{"rendered":"<p>G\u00fcrc\u00fcstan Prezidenti Salome Zurabi\u015fvili b\u0259yan edib ki, Avropa \u0130ttifaq\u0131 onun \u00f6lk\u0259sini bu quruma q\u0259bulunu s\u00fcr\u0259tl\u0259ndirm\u0259lidir.<\/p>\n<p>Zurabi\u015fvilinin Britaniyan\u0131n q\u0259zetin\u0259 m\u00fcsahib\u0259sind\u0259 s\u00f6yl\u0259yib ki, Ukraynada ba\u015f ver\u0259n hadis\u0259l\u0259r Avropa \u0130ttifaq\u0131na (A\u0130) daxil olmaq ist\u0259y\u0259n qon\u015fu \u00f6lk\u0259l\u0259r \u00fc\u00e7\u00fcn yeni \u201cimkanlar p\u0259nc\u0259r\u0259si\u201d a\u00e7\u0131b.<\/p>\n<div class=\"AdviadNativeVideo\"><\/div>\n<p>\u201cBiz (Rusiyaya) z\u0259if n\u00f6qt\u0259l\u0259rimizin oldu\u011funu hiss etdirm\u0259m\u0259liyik. A\u0130 bizim uzunm\u00fcdd\u0259tli g\u00f6zl\u0259ntimiz\u0259 cavab verm\u0259yin yollar\u0131n\u0131 tapmal\u0131d\u0131r. Biz\u0259 bir ail\u0259nin par\u00e7as\u0131 oldu\u011fumuzu hiss etdirm\u0259lidir\u201d, &#8211; dey\u0259 69 ya\u015fl\u0131 siyas\u0259t\u00e7i vur\u011fulay\u0131b.<\/p>\n<p>Zurabi\u015fvili Ukraynadak\u0131 v\u0259ziyy\u0259t fonunda Avropan\u0131n g\u00f6st\u0259rdiyi q\u0259tiyy\u0259ti alq\u0131\u015flay\u0131b, lakin qeyd edib ki, 2008-ci ild\u0259 G\u00fcrc\u00fcstanda ba\u015f ver\u0259n m\u00fcnaqi\u015f\u0259d\u0259n sonra A\u0130 eyni q\u0259tiyy\u0259t n\u00fcmayi\u015f etdir\u0259 bilm\u0259yib.<\/p>\n<p>\u201cBiz d\u0259 Ukrayna q\u0259d\u0259r g\u00f6zl\u0259dik&#8230;Biz d\u0259 eyni yolday\u0131q, biziml\u0259 d\u0259 hesabla\u015fmaq laz\u0131md\u0131r&#8230; Bizi unutmaq olmaz\u201d, &#8211; dey\u0259 o \u0259lav\u0259 edib.<\/p>\n<p>M\u0259nb\u0259: \u201cFinancial Times\u201d<\/p>\n","protected":false},"excerpt":{"rendered":"<p>G\u00fcrc\u00fcstan Prezidenti Salome Zurabi\u015fvili b\u0259yan edib ki, Avropa \u0130ttifaq\u0131 onun \u00f6lk\u0259sini bu quruma q\u0259bulunu s\u00fcr\u0259tl\u0259ndirm\u0259lidir. Zurabi\u015fvilinin Britaniyan\u0131n q\u0259zetin\u0259 m\u00fcsahib\u0259sind\u0259 s\u00f6yl\u0259yib ki, Ukraynada ba\u015f ver\u0259n hadis\u0259l\u0259r Avropa \u0130ttifaq\u0131na (A\u0130) daxil olmaq ist\u0259y\u0259n qon\u015fu \u00f6lk\u0259l\u0259r \u00fc\u00e7\u00fcn yeni \u201cimkanlar p\u0259nc\u0259r\u0259si\u201d a\u00e7\u0131b. \u201cBiz (Rusiyaya) z\u0259if n\u00f6qt\u0259l\u0259rimizin oldu\u011funu hiss etdirm\u0259m\u0259liyik. A\u0130 bizim uzunm\u00fcdd\u0259tli g\u00f6zl\u0259ntimiz\u0259 cavab verm\u0259yin yollar\u0131n\u0131 tapmal\u0131d\u0131r. Biz\u0259 bir ail\u0259nin par\u00e7as\u0131 oldu\u011fumuzu hiss etdirm\u0259lidir\u201d, &#8211; dey\u0259 69 ya\u015fl\u0131 siyas\u0259t\u00e7i vur\u011fulay\u0131b. Zurabi\u015fvili Ukraynadak\u0131 v\u0259ziyy\u0259t fonunda Avropan\u0131n g\u00f6st\u0259rdiyi q\u0259tiyy\u0259ti alq\u0131\u015flay\u0131b, lakin qeyd edib ki, 2008-ci ild\u0259 G\u00fcrc\u00fcstanda ba\u015f ver\u0259n m\u00fcnaqi\u015f\u0259d\u0259n sonra A\u0130 eyni q\u0259tiyy\u0259t n\u00fcmayi\u015f etdir\u0259&hellip;<\/p>\n","protected":false},"author":2,"featured_media":446613,"comment_status":"closed","ping_status":"closed","sticky":false,"template":"","format":"standard","meta":{"om_disable_all_campaigns":false,"_monsterinsights_skip_tracking":false,"_monsterinsights_sitenote_active":false,"_monsterinsights_sitenote_note":"","_monsterinsights_sitenote_category":0},"categories":[7],"tags":[],"aioseo_notices":[],"gutentor_comment":0,"rttpg_featured_image_url":{"full":["https:\/\/arantv.az\/wp-content\/uploads\/2022\/03\/274204601_539643240618630_2849601102374788675_n.jpg",620,413,false],"landscape":["https:\/\/arantv.az\/wp-content\/uploads\/2022\/03\/274204601_539643240618630_2849601102374788675_n.jpg",620,413,false],"portraits":["https:\/\/arantv.az\/wp-content\/uploads\/2022\/03\/274204601_539643240618630_2849601102374788675_n.jpg",620,413,false],"thumbnail":["https:\/\/arantv.az\/wp-content\/uploads\/2022\/03\/274204601_539643240618630_2849601102374788675_n-500x280.jpg",500,280,true],"medium":["https:\/\/arantv.az\/wp-content\/uploads\/2022\/03\/274204601_539643240618630_2849601102374788675_n-548x365.jpg",548,365,true],"large":["https:\/\/arantv.az\/wp-content\/uploads\/2022\/03\/274204601_539643240618630_2849601102374788675_n.jpg",620,413,false],"1536x1536":["https:\/\/arantv.az\/wp-content\/uploads\/2022\/03\/274204601_539643240618630_2849601102374788675_n.jpg",620,413,false],"2048x2048":["https:\/\/arantv.az\/wp-content\/uploads\/2022\/03\/274204601_539643240618630_2849601102374788675_n.jpg",620,413,false],"post-thumbnail":["https:\/\/arantv.az\/wp-content\/uploads\/2022\/03\/274204601_539643240618630_2849601102374788675_n-240x172.jpg",240,172,true],"advps-thumb-one":["https:\/\/arantv.az\/wp-content\/uploads\/2022\/03\/274204601_539643240618630_2849601102374788675_n.jpg",620,413,false]},"rttpg_author":{"display_name":"V\u00fcsal Rafiqo\u011flu","author_link":"https:\/\/arantv.az\/?author=2"},"rttpg_comment":0,"rttpg_category":"<a href=\"https:\/\/arantv.az\/?cat=7\" rel=\"category\">D\u00fcnya<\/a>","rttpg_excerpt":"G\u00fcrc\u00fcstan Prezidenti Salome Zurabi\u015fvili b\u0259yan edib ki, Avropa \u0130ttifaq\u0131 onun \u00f6lk\u0259sini bu quruma q\u0259bulunu s\u00fcr\u0259tl\u0259ndirm\u0259lidir. Zurabi\u015fvilinin Britaniyan\u0131n q\u0259zetin\u0259 m\u00fcsahib\u0259sind\u0259 s\u00f6yl\u0259yib ki, Ukraynada ba\u015f ver\u0259n hadis\u0259l\u0259r Avropa \u0130ttifaq\u0131na (A\u0130) daxil olmaq ist\u0259y\u0259n qon\u015fu \u00f6lk\u0259l\u0259r \u00fc\u00e7\u00fcn yeni \u201cimkanlar p\u0259nc\u0259r\u0259si\u201d a\u00e7\u0131b. \u201cBiz (Rusiyaya) z\u0259if n\u00f6qt\u0259l\u0259rimizin oldu\u011funu hiss etdirm\u0259m\u0259liyik. A\u0130 bizim uzunm\u00fcdd\u0259tli g\u00f6zl\u0259ntimiz\u0259 cavab verm\u0259yin yollar\u0131n\u0131 tapmal\u0131d\u0131r. Biz\u0259 bir&hellip;","_links":{"self":[{"href":"https:\/\/arantv.az\/index.php?rest_route=\/wp\/v2\/posts\/446612"}],"collection":[{"href":"https:\/\/arantv.az\/index.php?rest_route=\/wp\/v2\/posts"}],"about":[{"href":"https:\/\/arantv.az\/index.php?rest_route=\/wp\/v2\/types\/post"}],"author":[{"embeddable":true,"href":"https:\/\/arantv.az\/index.php?rest_route=\/wp\/v2\/users\/2"}],"replies":[{"embeddable":true,"href":"https:\/\/arantv.az\/index.php?rest_route=%2Fwp%2Fv2%2Fcomments&post=446612"}],"version-history":[{"count":0,"href":"https:\/\/arantv.az\/index.php?rest_route=\/wp\/v2\/posts\/446612\/revisions"}],"wp:featuredmedia":[{"embeddable":true,"href":"https:\/\/arantv.az\/index.php?rest_route=\/wp\/v2\/media\/446613"}],"wp:attachment":[{"href":"https:\/\/arantv.az\/index.php?rest_route=%2Fwp%2Fv2%2Fmedia&parent=446612"}],"wp:term":[{"taxonomy":"category","embeddable":true,"href":"https:\/\/arantv.az\/index.php?rest_route=%2Fwp%2Fv2%2Fcategories&post=446612"},{"taxonomy":"post_tag","embeddable":true,"href":"https:\/\/arantv.az\/index.php?rest_route=%2Fwp%2Fv2%2Ftags&post=446612"}],"curies":[{"name":"wp","href":"https:\/\/api.w.org\/{rel}","templated":true}]}}