{"id":446622,"date":"2022-03-02T12:37:32","date_gmt":"2022-03-02T09:37:32","guid":{"rendered":"http:\/\/arantv.az\/?p=446622"},"modified":"2022-03-02T12:37:32","modified_gmt":"2022-03-02T09:37:32","slug":"ukraynada-olan-az%c9%99rbaycanli-surucul%c9%99rin-t%c9%99xliy%c9%99si-il%c9%99-bagli-aciqlama","status":"publish","type":"post","link":"https:\/\/arantv.az\/?p=446622","title":{"rendered":"Ukraynada olan az\u0259rbaycanl\u0131 s\u00fcr\u00fcc\u00fcl\u0259rin t\u0259xliy\u0259si il\u0259 ba\u011fl\u0131 A\u00c7IQLAMA"},"content":{"rendered":"<p>Ukraynada olan az\u0259rbaycanl\u0131 s\u00fcr\u00fcc\u00fcl\u0259rin daha bir qrupu t\u0259xliy\u0259 edilib.<\/p>\n<p>Az\u0259rbaycan Beyn\u0259lxalq Avtomobil Da\u015f\u0131y\u0131c\u0131lar\u0131 Assosiasiyas\u0131n\u0131n (ABADA)\u00a0\u0130ctimaiyy\u0259tl\u0259 \u0259laq\u0259l\u0259r v\u0259 marketinq \u015f\u00f6b\u0259sinin r\u0259hb\u0259ri Ruslan Eldaro\u011flunun verdiyi m\u0259lumata g\u00f6r\u0259, bu g\u00fcn s\u0259h\u0259r saatlar\u0131nda Odessa \u015f\u0259h\u0259rind\u0259 c\u0259ml\u0259\u015f\u0259n 12 y\u00fck ma\u015f\u0131n\u0131 Moldova respublikas\u0131na yola d\u00fc\u015f\u00fcr.<\/p>\n<div class=\"AdviadNativeVideo\"><\/div>\n<p>R\u0259q\u0259msal \u0130nki\u015faf v\u0259 N\u0259qliyyat Nazirliyi v\u0259 ABADA-n\u0131n aidiyy\u0259ti qurumlarla apard\u0131\u011f\u0131 dan\u0131\u015f\u0131qlar\u0131n n\u0259tic\u0259si olaraq, s\u00fcr\u00fcc\u00fcl\u0259r Moldova-Rum\u0131niya-Bolqar\u0131stan-T\u00fcrkiy\u0259 mar\u015frutu \u00fczr\u0259 h\u0259r\u0259k\u0259t ed\u0259c\u0259kl\u0259r.<\/p>\n<p>S\u00fcr\u00fcc\u00fcl\u0259rin t\u0259xliy\u0259si il\u0259 ba\u011fl\u0131 h\u0259min \u00f6lk\u0259l\u0259rd\u0259ki s\u0259firlikl\u0259rimiz\u0259 m\u0259lumat verilib. Ke\u00e7idin sad\u0259l\u0259\u015fdirilm\u0259si \u00fc\u00e7\u00fcn m\u00fcvafiq i\u015fl\u0259r g\u00f6r\u00fcl\u00fcb.<\/p>\n<p>ABADA t\u0259r\u0259find\u0259n yola d\u00fc\u015f\u0259n s\u00fcr\u00fcc\u00fcl\u0259rin yanacaq t\u0259minat\u0131 da h\u0259ll edilib. Bu t\u0259xliy\u0259 prosesind\u0259 Kiyevd\u0259 c\u0259ml\u0259\u015f\u0259n doqquz\u00a0n\u0259qliyyat vasit\u0259si var.<\/p>\n<p>N\u00f6vb\u0259ti m\u0259rh\u0259l\u0259d\u0259 Kiyev v\u0259 dig\u0259r \u0259razil\u0259rd\u0259n olan bir ne\u00e7\u0259 y\u00fck ma\u015f\u0131n\u0131n\u0131n da t\u0259xliy\u0259si planla\u015fd\u0131r\u0131l\u0131r.<\/p>\n<p>Bundan \u00f6nc\u0259ki t\u0259xliy\u0259 prosesi zaman\u0131 yeddi y\u00fck n\u0259qliyyat vasit\u0259si Ukrayna h\u00fcdudlar\u0131ndan \u00e7\u0131xar\u0131l\u0131b.<\/p>\n<p>Haz\u0131rda onlardan alt\u0131s\u0131\u00a0Bolqar\u0131standa, biri is\u0259 Rum\u0131niya \u0259razisind\u0259dir.<\/p>\n","protected":false},"excerpt":{"rendered":"<p>Ukraynada olan az\u0259rbaycanl\u0131 s\u00fcr\u00fcc\u00fcl\u0259rin daha bir qrupu t\u0259xliy\u0259 edilib. Az\u0259rbaycan Beyn\u0259lxalq Avtomobil Da\u015f\u0131y\u0131c\u0131lar\u0131 Assosiasiyas\u0131n\u0131n (ABADA)\u00a0\u0130ctimaiyy\u0259tl\u0259 \u0259laq\u0259l\u0259r v\u0259 marketinq \u015f\u00f6b\u0259sinin r\u0259hb\u0259ri Ruslan Eldaro\u011flunun verdiyi m\u0259lumata g\u00f6r\u0259, bu g\u00fcn s\u0259h\u0259r saatlar\u0131nda Odessa \u015f\u0259h\u0259rind\u0259 c\u0259ml\u0259\u015f\u0259n 12 y\u00fck ma\u015f\u0131n\u0131 Moldova respublikas\u0131na yola d\u00fc\u015f\u00fcr. R\u0259q\u0259msal \u0130nki\u015faf v\u0259 N\u0259qliyyat Nazirliyi v\u0259 ABADA-n\u0131n aidiyy\u0259ti qurumlarla apard\u0131\u011f\u0131 dan\u0131\u015f\u0131qlar\u0131n n\u0259tic\u0259si olaraq, s\u00fcr\u00fcc\u00fcl\u0259r Moldova-Rum\u0131niya-Bolqar\u0131stan-T\u00fcrkiy\u0259 mar\u015frutu \u00fczr\u0259 h\u0259r\u0259k\u0259t ed\u0259c\u0259kl\u0259r. S\u00fcr\u00fcc\u00fcl\u0259rin t\u0259xliy\u0259si il\u0259 ba\u011fl\u0131 h\u0259min \u00f6lk\u0259l\u0259rd\u0259ki s\u0259firlikl\u0259rimiz\u0259 m\u0259lumat verilib. Ke\u00e7idin sad\u0259l\u0259\u015fdirilm\u0259si \u00fc\u00e7\u00fcn m\u00fcvafiq i\u015fl\u0259r g\u00f6r\u00fcl\u00fcb. ABADA t\u0259r\u0259find\u0259n yola d\u00fc\u015f\u0259n s\u00fcr\u00fcc\u00fcl\u0259rin yanacaq t\u0259minat\u0131 da h\u0259ll edilib. Bu t\u0259xliy\u0259 prosesind\u0259 Kiyevd\u0259 c\u0259ml\u0259\u015f\u0259n doqquz\u00a0n\u0259qliyyat vasit\u0259si&hellip;<\/p>\n","protected":false},"author":2,"featured_media":446623,"comment_status":"closed","ping_status":"closed","sticky":false,"template":"","format":"standard","meta":{"om_disable_all_campaigns":false,"_monsterinsights_skip_tracking":false,"_monsterinsights_sitenote_active":false,"_monsterinsights_sitenote_note":"","_monsterinsights_sitenote_category":0},"categories":[1],"tags":[],"aioseo_notices":[],"gutentor_comment":0,"rttpg_featured_image_url":{"full":["https:\/\/arantv.az\/wp-content\/uploads\/2022\/03\/475663_avk6ggwj3y.jpg",576,384,false],"landscape":["https:\/\/arantv.az\/wp-content\/uploads\/2022\/03\/475663_avk6ggwj3y.jpg",576,384,false],"portraits":["https:\/\/arantv.az\/wp-content\/uploads\/2022\/03\/475663_avk6ggwj3y.jpg",576,384,false],"thumbnail":["https:\/\/arantv.az\/wp-content\/uploads\/2022\/03\/475663_avk6ggwj3y-500x280.jpg",500,280,true],"medium":["https:\/\/arantv.az\/wp-content\/uploads\/2022\/03\/475663_avk6ggwj3y-548x365.jpg",548,365,true],"large":["https:\/\/arantv.az\/wp-content\/uploads\/2022\/03\/475663_avk6ggwj3y.jpg",576,384,false],"1536x1536":["https:\/\/arantv.az\/wp-content\/uploads\/2022\/03\/475663_avk6ggwj3y.jpg",576,384,false],"2048x2048":["https:\/\/arantv.az\/wp-content\/uploads\/2022\/03\/475663_avk6ggwj3y.jpg",576,384,false],"post-thumbnail":["https:\/\/arantv.az\/wp-content\/uploads\/2022\/03\/475663_avk6ggwj3y-240x172.jpg",240,172,true],"advps-thumb-one":["https:\/\/arantv.az\/wp-content\/uploads\/2022\/03\/475663_avk6ggwj3y.jpg",576,384,false]},"rttpg_author":{"display_name":"V\u00fcsal Rafiqo\u011flu","author_link":"https:\/\/arantv.az\/?author=2"},"rttpg_comment":0,"rttpg_category":"<a href=\"https:\/\/arantv.az\/?cat=1\" rel=\"category\">C\u0259miyy\u0259t<\/a>","rttpg_excerpt":"Ukraynada olan az\u0259rbaycanl\u0131 s\u00fcr\u00fcc\u00fcl\u0259rin daha bir qrupu t\u0259xliy\u0259 edilib. Az\u0259rbaycan Beyn\u0259lxalq Avtomobil Da\u015f\u0131y\u0131c\u0131lar\u0131 Assosiasiyas\u0131n\u0131n (ABADA)\u00a0\u0130ctimaiyy\u0259tl\u0259 \u0259laq\u0259l\u0259r v\u0259 marketinq \u015f\u00f6b\u0259sinin r\u0259hb\u0259ri Ruslan Eldaro\u011flunun verdiyi m\u0259lumata g\u00f6r\u0259, bu g\u00fcn s\u0259h\u0259r saatlar\u0131nda Odessa \u015f\u0259h\u0259rind\u0259 c\u0259ml\u0259\u015f\u0259n 12 y\u00fck ma\u015f\u0131n\u0131 Moldova respublikas\u0131na yola d\u00fc\u015f\u00fcr. R\u0259q\u0259msal \u0130nki\u015faf v\u0259 N\u0259qliyyat Nazirliyi v\u0259 ABADA-n\u0131n aidiyy\u0259ti qurumlarla apard\u0131\u011f\u0131 dan\u0131\u015f\u0131qlar\u0131n n\u0259tic\u0259si olaraq, s\u00fcr\u00fcc\u00fcl\u0259r Moldova-Rum\u0131niya-Bolqar\u0131stan-T\u00fcrkiy\u0259 mar\u015frutu&hellip;","_links":{"self":[{"href":"https:\/\/arantv.az\/index.php?rest_route=\/wp\/v2\/posts\/446622"}],"collection":[{"href":"https:\/\/arantv.az\/index.php?rest_route=\/wp\/v2\/posts"}],"about":[{"href":"https:\/\/arantv.az\/index.php?rest_route=\/wp\/v2\/types\/post"}],"author":[{"embeddable":true,"href":"https:\/\/arantv.az\/index.php?rest_route=\/wp\/v2\/users\/2"}],"replies":[{"embeddable":true,"href":"https:\/\/arantv.az\/index.php?rest_route=%2Fwp%2Fv2%2Fcomments&post=446622"}],"version-history":[{"count":0,"href":"https:\/\/arantv.az\/index.php?rest_route=\/wp\/v2\/posts\/446622\/revisions"}],"wp:featuredmedia":[{"embeddable":true,"href":"https:\/\/arantv.az\/index.php?rest_route=\/wp\/v2\/media\/446623"}],"wp:attachment":[{"href":"https:\/\/arantv.az\/index.php?rest_route=%2Fwp%2Fv2%2Fmedia&parent=446622"}],"wp:term":[{"taxonomy":"category","embeddable":true,"href":"https:\/\/arantv.az\/index.php?rest_route=%2Fwp%2Fv2%2Fcategories&post=446622"},{"taxonomy":"post_tag","embeddable":true,"href":"https:\/\/arantv.az\/index.php?rest_route=%2Fwp%2Fv2%2Ftags&post=446622"}],"curies":[{"name":"wp","href":"https:\/\/api.w.org\/{rel}","templated":true}]}}