{"id":446625,"date":"2022-03-02T12:38:48","date_gmt":"2022-03-02T09:38:48","guid":{"rendered":"http:\/\/arantv.az\/?p=446625"},"modified":"2022-03-02T12:43:38","modified_gmt":"2022-03-02T09:43:38","slug":"ukraynada-olan-az%c9%99rbaycanli-surucul%c9%99rin-daha-bir-qrupu-t%c9%99xliy%c9%99-edilib-az%c9%99rbaycan-beyn%c9%99lxalq-avtomobil-dasiyicilari-assosiasiyasinin-abada-ictimaiyy%c9%99tl%c9%99","status":"publish","type":"post","link":"https:\/\/arantv.az\/?p=446625","title":{"rendered":"BMT azad edilmi\u015f \u0259razil\u0259rin b\u0259rpas\u0131 \u00fc\u00e7\u00fcn Az\u0259rbaycana t\u0259klifl\u0259r ver\u0259 bil\u0259r &#8211; Nazir m\u00fcavini"},"content":{"rendered":"<p><strong>BMT azad edilmi\u015f \u0259razil\u0259rin b\u0259rpas\u0131 \u00fc\u00e7\u00fcn Az\u0259rbaycana t\u0259klifl\u0259r ver\u0259 bil\u0259r.<\/strong><\/p>\n<p><strong>ARANTV.AZ<\/strong> <a href=\"https:\/\/az.trend.az\/\" target=\"_blank\" rel=\"noopener\">Trend<\/a>-\u0259 istinad\u0259n bildirir ki,\u00a0bunu xarici i\u015fl\u0259r nazirinin m\u00fcavini Elnur M\u0259mm\u0259dov Az\u0259rbaycanla BMT aras\u0131nda m\u00fcnasib\u0259tl\u0259rin qurulmas\u0131n\u0131n 30 illiyin\u0259 h\u0259sr olunmu\u015f fotos\u0259rgin\u0131n a\u00e7\u0131l\u0131\u015f\u0131nda deyib.<\/p>\n<p>O qeyd edib ki, Az\u0259rbaycan azad edilmi\u015f \u0259razil\u0259rd\u0259 geni\u015fmiqyasl\u0131 b\u0259rpa i\u015fl\u0259ri h\u0259yata ke\u00e7irir.<\/p>\n<p>&#8220;BMT erm\u0259ni i\u015f\u011fal\u0131ndan azad edilmi\u015f \u0259razil\u0259rin b\u0259rpas\u0131nda Az\u0259rbaycan\u0131n s\u0259yl\u0259rinin d\u0259st\u0259kl\u0259nm\u0259si \u00fc\u00e7\u00fcn \u00e7ox \u015fey t\u0259klif ed\u0259 bil\u0259r. Bu k\u00f6m\u0259k bir il \u0259vv\u0259l Az\u0259rbaycanla BMT aras\u0131nda imzalanm\u0131\u015f 2021-2025-ci ill\u0259r \u00fczr\u0259 dayan\u0131ql\u0131 inki\u015faf sah\u0259sind\u0259 \u0259m\u0259kda\u015fl\u0131q s\u0259n\u0259di \u00e7\u0259r\u00e7iv\u0259sind\u0259 g\u00f6st\u0259ril\u0259 bil\u0259r&#8221;, &#8211; dey\u0259 o bildirib.<\/p>\n","protected":false},"excerpt":{"rendered":"<p>BMT azad edilmi\u015f \u0259razil\u0259rin b\u0259rpas\u0131 \u00fc\u00e7\u00fcn Az\u0259rbaycana t\u0259klifl\u0259r ver\u0259 bil\u0259r. ARANTV.AZ Trend-\u0259 istinad\u0259n bildirir ki,\u00a0bunu xarici i\u015fl\u0259r nazirinin m\u00fcavini Elnur M\u0259mm\u0259dov Az\u0259rbaycanla BMT aras\u0131nda m\u00fcnasib\u0259tl\u0259rin qurulmas\u0131n\u0131n 30 illiyin\u0259 h\u0259sr olunmu\u015f fotos\u0259rgin\u0131n a\u00e7\u0131l\u0131\u015f\u0131nda deyib. O qeyd edib ki, Az\u0259rbaycan azad edilmi\u015f \u0259razil\u0259rd\u0259 geni\u015fmiqyasl\u0131 b\u0259rpa i\u015fl\u0259ri h\u0259yata ke\u00e7irir. &#8220;BMT erm\u0259ni i\u015f\u011fal\u0131ndan azad edilmi\u015f \u0259razil\u0259rin b\u0259rpas\u0131nda Az\u0259rbaycan\u0131n s\u0259yl\u0259rinin d\u0259st\u0259kl\u0259nm\u0259si \u00fc\u00e7\u00fcn \u00e7ox \u015fey t\u0259klif ed\u0259 bil\u0259r. Bu k\u00f6m\u0259k bir il \u0259vv\u0259l Az\u0259rbaycanla BMT aras\u0131nda imzalanm\u0131\u015f 2021-2025-ci ill\u0259r \u00fczr\u0259 dayan\u0131ql\u0131 inki\u015faf sah\u0259sind\u0259 \u0259m\u0259kda\u015fl\u0131q s\u0259n\u0259di \u00e7\u0259r\u00e7iv\u0259sind\u0259 g\u00f6st\u0259ril\u0259 bil\u0259r&#8221;, &#8211; dey\u0259 o bildirib.<\/p>\n","protected":false},"author":2,"featured_media":446626,"comment_status":"closed","ping_status":"closed","sticky":false,"template":"","format":"standard","meta":{"om_disable_all_campaigns":false,"_monsterinsights_skip_tracking":false,"_monsterinsights_sitenote_active":false,"_monsterinsights_sitenote_note":"","_monsterinsights_sitenote_category":0},"categories":[1],"tags":[],"aioseo_notices":[],"gutentor_comment":0,"rttpg_featured_image_url":{"full":["https:\/\/arantv.az\/wp-content\/uploads\/2022\/03\/1023682.jpg",800,600,false],"landscape":["https:\/\/arantv.az\/wp-content\/uploads\/2022\/03\/1023682.jpg",800,600,false],"portraits":["https:\/\/arantv.az\/wp-content\/uploads\/2022\/03\/1023682.jpg",800,600,false],"thumbnail":["https:\/\/arantv.az\/wp-content\/uploads\/2022\/03\/1023682-500x280.jpg",500,280,true],"medium":["https:\/\/arantv.az\/wp-content\/uploads\/2022\/03\/1023682-487x365.jpg",487,365,true],"large":["https:\/\/arantv.az\/wp-content\/uploads\/2022\/03\/1023682.jpg",640,480,false],"1536x1536":["https:\/\/arantv.az\/wp-content\/uploads\/2022\/03\/1023682.jpg",800,600,false],"2048x2048":["https:\/\/arantv.az\/wp-content\/uploads\/2022\/03\/1023682.jpg",800,600,false],"post-thumbnail":["https:\/\/arantv.az\/wp-content\/uploads\/2022\/03\/1023682-240x172.jpg",240,172,true],"advps-thumb-one":["https:\/\/arantv.az\/wp-content\/uploads\/2022\/03\/1023682.jpg",800,600,false]},"rttpg_author":{"display_name":"V\u00fcsal Rafiqo\u011flu","author_link":"https:\/\/arantv.az\/?author=2"},"rttpg_comment":0,"rttpg_category":"<a href=\"https:\/\/arantv.az\/?cat=1\" rel=\"category\">C\u0259miyy\u0259t<\/a>","rttpg_excerpt":"BMT azad edilmi\u015f \u0259razil\u0259rin b\u0259rpas\u0131 \u00fc\u00e7\u00fcn Az\u0259rbaycana t\u0259klifl\u0259r ver\u0259 bil\u0259r. ARANTV.AZ Trend-\u0259 istinad\u0259n bildirir ki,\u00a0bunu xarici i\u015fl\u0259r nazirinin m\u00fcavini Elnur M\u0259mm\u0259dov Az\u0259rbaycanla BMT aras\u0131nda m\u00fcnasib\u0259tl\u0259rin qurulmas\u0131n\u0131n 30 illiyin\u0259 h\u0259sr olunmu\u015f fotos\u0259rgin\u0131n a\u00e7\u0131l\u0131\u015f\u0131nda deyib. O qeyd edib ki, Az\u0259rbaycan azad edilmi\u015f \u0259razil\u0259rd\u0259 geni\u015fmiqyasl\u0131 b\u0259rpa i\u015fl\u0259ri h\u0259yata ke\u00e7irir. &#8220;BMT erm\u0259ni i\u015f\u011fal\u0131ndan azad edilmi\u015f \u0259razil\u0259rin b\u0259rpas\u0131nda Az\u0259rbaycan\u0131n s\u0259yl\u0259rinin&hellip;","_links":{"self":[{"href":"https:\/\/arantv.az\/index.php?rest_route=\/wp\/v2\/posts\/446625"}],"collection":[{"href":"https:\/\/arantv.az\/index.php?rest_route=\/wp\/v2\/posts"}],"about":[{"href":"https:\/\/arantv.az\/index.php?rest_route=\/wp\/v2\/types\/post"}],"author":[{"embeddable":true,"href":"https:\/\/arantv.az\/index.php?rest_route=\/wp\/v2\/users\/2"}],"replies":[{"embeddable":true,"href":"https:\/\/arantv.az\/index.php?rest_route=%2Fwp%2Fv2%2Fcomments&post=446625"}],"version-history":[{"count":0,"href":"https:\/\/arantv.az\/index.php?rest_route=\/wp\/v2\/posts\/446625\/revisions"}],"wp:featuredmedia":[{"embeddable":true,"href":"https:\/\/arantv.az\/index.php?rest_route=\/wp\/v2\/media\/446626"}],"wp:attachment":[{"href":"https:\/\/arantv.az\/index.php?rest_route=%2Fwp%2Fv2%2Fmedia&parent=446625"}],"wp:term":[{"taxonomy":"category","embeddable":true,"href":"https:\/\/arantv.az\/index.php?rest_route=%2Fwp%2Fv2%2Fcategories&post=446625"},{"taxonomy":"post_tag","embeddable":true,"href":"https:\/\/arantv.az\/index.php?rest_route=%2Fwp%2Fv2%2Ftags&post=446625"}],"curies":[{"name":"wp","href":"https:\/\/api.w.org\/{rel}","templated":true}]}}