{"id":446641,"date":"2022-03-02T12:53:17","date_gmt":"2022-03-02T09:53:17","guid":{"rendered":"http:\/\/arantv.az\/?p=446641"},"modified":"2022-03-02T12:53:17","modified_gmt":"2022-03-02T09:53:17","slug":"beyn%c9%99lxalq-enerji-agentliyinin-icraci-direktoru-az%c9%99rbaycana-t%c9%99s%c9%99kkur-edib","status":"publish","type":"post","link":"https:\/\/arantv.az\/?p=446641","title":{"rendered":"Beyn\u0259lxalq Enerji Agentliyinin icra\u00e7\u0131 direktoru Az\u0259rbaycana t\u0259\u015f\u0259kk\u00fcr edib"},"content":{"rendered":"<p><strong>Beyn\u0259lxalq Enerji Agentliyinin (BEA) icra\u00e7\u0131 direktoru Az\u0259rbaycana t\u0259\u015f\u0259kk\u00fcr edib.<\/strong><\/p>\n<p><strong>ARANTV.AZ<\/strong> <a href=\"https:\/\/az.trend.az\/\" target=\"_blank\" rel=\"noopener\">Trend<\/a>-\u0259 istinad\u0259n bildirir ki,\u00a0bunu energetika naziri P\u0259rviz \u015eahbazov &#8220;Twitter&#8221; s\u0259hif\u0259sind\u0259 bildirib.<\/p>\n<p>&#8220;Beyn\u0259lxalq Enerji Agentliyinin (BEA) icra\u00e7\u0131 direktoru F.Birol il\u0259 telefon dan\u0131\u015f\u0131\u011f\u0131nda enerji bazar\u0131nda m\u00f6vcud durumu m\u00fczakir\u0259 etdik.<\/p>\n<p>F.Birol enerji b\u00f6hran\u0131 d\u00f6vr\u00fcnd\u0259 Avropan\u0131n enerji t\u0259hl\u00fck\u0259sizliyin\u0259 verdiyi t\u00f6hf\u0259y\u0259 g\u00f6r\u0259 Az\u0259rbaycana t\u0259\u015f\u0259kk\u00fcr etdi&#8221;, &#8211; nazir qeyd edib.<\/p>\n","protected":false},"excerpt":{"rendered":"<p>Beyn\u0259lxalq Enerji Agentliyinin (BEA) icra\u00e7\u0131 direktoru Az\u0259rbaycana t\u0259\u015f\u0259kk\u00fcr edib. ARANTV.AZ Trend-\u0259 istinad\u0259n bildirir ki,\u00a0bunu energetika naziri P\u0259rviz \u015eahbazov &#8220;Twitter&#8221; s\u0259hif\u0259sind\u0259 bildirib. &#8220;Beyn\u0259lxalq Enerji Agentliyinin (BEA) icra\u00e7\u0131 direktoru F.Birol il\u0259 telefon dan\u0131\u015f\u0131\u011f\u0131nda enerji bazar\u0131nda m\u00f6vcud durumu m\u00fczakir\u0259 etdik. F.Birol enerji b\u00f6hran\u0131 d\u00f6vr\u00fcnd\u0259 Avropan\u0131n enerji t\u0259hl\u00fck\u0259sizliyin\u0259 verdiyi t\u00f6hf\u0259y\u0259 g\u00f6r\u0259 Az\u0259rbaycana t\u0259\u015f\u0259kk\u00fcr etdi&#8221;, &#8211; nazir qeyd edib.<\/p>\n","protected":false},"author":2,"featured_media":446642,"comment_status":"closed","ping_status":"closed","sticky":false,"template":"","format":"standard","meta":{"om_disable_all_campaigns":false,"_monsterinsights_skip_tracking":false,"_monsterinsights_sitenote_active":false,"_monsterinsights_sitenote_note":"","_monsterinsights_sitenote_category":0},"categories":[19],"tags":[],"aioseo_notices":[],"gutentor_comment":0,"rttpg_featured_image_url":{"full":["https:\/\/arantv.az\/wp-content\/uploads\/2022\/03\/1023700.jpg",587,440,false],"landscape":["https:\/\/arantv.az\/wp-content\/uploads\/2022\/03\/1023700.jpg",587,440,false],"portraits":["https:\/\/arantv.az\/wp-content\/uploads\/2022\/03\/1023700.jpg",587,440,false],"thumbnail":["https:\/\/arantv.az\/wp-content\/uploads\/2022\/03\/1023700-500x280.jpg",500,280,true],"medium":["https:\/\/arantv.az\/wp-content\/uploads\/2022\/03\/1023700-487x365.jpg",487,365,true],"large":["https:\/\/arantv.az\/wp-content\/uploads\/2022\/03\/1023700.jpg",587,440,false],"1536x1536":["https:\/\/arantv.az\/wp-content\/uploads\/2022\/03\/1023700.jpg",587,440,false],"2048x2048":["https:\/\/arantv.az\/wp-content\/uploads\/2022\/03\/1023700.jpg",587,440,false],"post-thumbnail":["https:\/\/arantv.az\/wp-content\/uploads\/2022\/03\/1023700-240x172.jpg",240,172,true],"advps-thumb-one":["https:\/\/arantv.az\/wp-content\/uploads\/2022\/03\/1023700.jpg",587,440,false]},"rttpg_author":{"display_name":"V\u00fcsal Rafiqo\u011flu","author_link":"https:\/\/arantv.az\/?author=2"},"rttpg_comment":0,"rttpg_category":"<a href=\"https:\/\/arantv.az\/?cat=19\" rel=\"category\">G\u00fcnd\u0259m<\/a>","rttpg_excerpt":"Beyn\u0259lxalq Enerji Agentliyinin (BEA) icra\u00e7\u0131 direktoru Az\u0259rbaycana t\u0259\u015f\u0259kk\u00fcr edib. ARANTV.AZ Trend-\u0259 istinad\u0259n bildirir ki,\u00a0bunu energetika naziri P\u0259rviz \u015eahbazov &#8220;Twitter&#8221; s\u0259hif\u0259sind\u0259 bildirib. &#8220;Beyn\u0259lxalq Enerji Agentliyinin (BEA) icra\u00e7\u0131 direktoru F.Birol il\u0259 telefon dan\u0131\u015f\u0131\u011f\u0131nda enerji bazar\u0131nda m\u00f6vcud durumu m\u00fczakir\u0259 etdik. F.Birol enerji b\u00f6hran\u0131 d\u00f6vr\u00fcnd\u0259 Avropan\u0131n enerji t\u0259hl\u00fck\u0259sizliyin\u0259 verdiyi t\u00f6hf\u0259y\u0259 g\u00f6r\u0259 Az\u0259rbaycana t\u0259\u015f\u0259kk\u00fcr etdi&#8221;, &#8211; nazir qeyd edib.","_links":{"self":[{"href":"https:\/\/arantv.az\/index.php?rest_route=\/wp\/v2\/posts\/446641"}],"collection":[{"href":"https:\/\/arantv.az\/index.php?rest_route=\/wp\/v2\/posts"}],"about":[{"href":"https:\/\/arantv.az\/index.php?rest_route=\/wp\/v2\/types\/post"}],"author":[{"embeddable":true,"href":"https:\/\/arantv.az\/index.php?rest_route=\/wp\/v2\/users\/2"}],"replies":[{"embeddable":true,"href":"https:\/\/arantv.az\/index.php?rest_route=%2Fwp%2Fv2%2Fcomments&post=446641"}],"version-history":[{"count":0,"href":"https:\/\/arantv.az\/index.php?rest_route=\/wp\/v2\/posts\/446641\/revisions"}],"wp:featuredmedia":[{"embeddable":true,"href":"https:\/\/arantv.az\/index.php?rest_route=\/wp\/v2\/media\/446642"}],"wp:attachment":[{"href":"https:\/\/arantv.az\/index.php?rest_route=%2Fwp%2Fv2%2Fmedia&parent=446641"}],"wp:term":[{"taxonomy":"category","embeddable":true,"href":"https:\/\/arantv.az\/index.php?rest_route=%2Fwp%2Fv2%2Fcategories&post=446641"},{"taxonomy":"post_tag","embeddable":true,"href":"https:\/\/arantv.az\/index.php?rest_route=%2Fwp%2Fv2%2Ftags&post=446641"}],"curies":[{"name":"wp","href":"https:\/\/api.w.org\/{rel}","templated":true}]}}