{"id":446655,"date":"2022-03-02T13:29:46","date_gmt":"2022-03-02T10:29:46","guid":{"rendered":"http:\/\/arantv.az\/?p=446655"},"modified":"2022-03-02T13:29:46","modified_gmt":"2022-03-02T10:29:46","slug":"ispaniya-ukraynaya-silah-gond%c9%99r%c9%99c%c9%99k","status":"publish","type":"post","link":"https:\/\/arantv.az\/?p=446655","title":{"rendered":"\u0130spaniya Ukraynaya silah g\u00f6nd\u0259r\u0259c\u0259k"},"content":{"rendered":"<p>\u0130spaniya h\u00f6kum\u0259ti Ukraynaya h\u00fccum silahlar\u0131 t\u0259dar\u00fck etm\u0259k q\u0259rar\u0131na g\u0259lib.<\/p>\n<div class=\"AdviadNativeVideo\"><\/div>\n<p>Bu bar\u0259d\u0259 Krall\u0131\u011f\u0131n Ba\u015f naziri Pedro San\u00e7es Deputatlar Konqresind\u0259 (parlamentin a\u015fa\u011f\u0131 palatas\u0131) \u00e7\u0131x\u0131\u015f\u0131 zaman\u0131 bildirib.<\/p>\n<p>\u201c\u0130spaniya Ukraynan\u0131\u00a0m\u00fcqavim\u0259tini g\u00fccl\u0259ndirm\u0259si \u00fc\u00e7\u00fcn h\u00fccum xarakterli h\u0259rbi materiallarla\u00a0t\u0259min ed\u0259c\u0259k\u201d, &#8211; dey\u0259 o qeyd edib.<\/p>\n<p>\u0130spaniyal\u0131 nazir vur\u011fulay\u0131b ki, Avropaya y\u00f6n\u0259l\u0259n t\u0259hdid\u0259 cavab\u00a0verm\u0259liyik.<\/p>\n<p>M\u0259nb\u0259: TASS<\/p>\n","protected":false},"excerpt":{"rendered":"<p>\u0130spaniya h\u00f6kum\u0259ti Ukraynaya h\u00fccum silahlar\u0131 t\u0259dar\u00fck etm\u0259k q\u0259rar\u0131na g\u0259lib. Bu bar\u0259d\u0259 Krall\u0131\u011f\u0131n Ba\u015f naziri Pedro San\u00e7es Deputatlar Konqresind\u0259 (parlamentin a\u015fa\u011f\u0131 palatas\u0131) \u00e7\u0131x\u0131\u015f\u0131 zaman\u0131 bildirib. \u201c\u0130spaniya Ukraynan\u0131\u00a0m\u00fcqavim\u0259tini g\u00fccl\u0259ndirm\u0259si \u00fc\u00e7\u00fcn h\u00fccum xarakterli h\u0259rbi materiallarla\u00a0t\u0259min ed\u0259c\u0259k\u201d, &#8211; dey\u0259 o qeyd edib. \u0130spaniyal\u0131 nazir vur\u011fulay\u0131b ki, Avropaya y\u00f6n\u0259l\u0259n t\u0259hdid\u0259 cavab\u00a0verm\u0259liyik. M\u0259nb\u0259: TASS<\/p>\n","protected":false},"author":2,"featured_media":446656,"comment_status":"closed","ping_status":"closed","sticky":false,"template":"","format":"standard","meta":{"om_disable_all_campaigns":false,"_monsterinsights_skip_tracking":false,"_monsterinsights_sitenote_active":false,"_monsterinsights_sitenote_note":"","_monsterinsights_sitenote_category":0},"categories":[7],"tags":[],"aioseo_notices":[],"gutentor_comment":0,"rttpg_featured_image_url":{"full":["https:\/\/arantv.az\/wp-content\/uploads\/2022\/03\/274057424_1170343860403898_6690175081675628226_n.jpg",620,413,false],"landscape":["https:\/\/arantv.az\/wp-content\/uploads\/2022\/03\/274057424_1170343860403898_6690175081675628226_n.jpg",620,413,false],"portraits":["https:\/\/arantv.az\/wp-content\/uploads\/2022\/03\/274057424_1170343860403898_6690175081675628226_n.jpg",620,413,false],"thumbnail":["https:\/\/arantv.az\/wp-content\/uploads\/2022\/03\/274057424_1170343860403898_6690175081675628226_n-500x280.jpg",500,280,true],"medium":["https:\/\/arantv.az\/wp-content\/uploads\/2022\/03\/274057424_1170343860403898_6690175081675628226_n-548x365.jpg",548,365,true],"large":["https:\/\/arantv.az\/wp-content\/uploads\/2022\/03\/274057424_1170343860403898_6690175081675628226_n.jpg",620,413,false],"1536x1536":["https:\/\/arantv.az\/wp-content\/uploads\/2022\/03\/274057424_1170343860403898_6690175081675628226_n.jpg",620,413,false],"2048x2048":["https:\/\/arantv.az\/wp-content\/uploads\/2022\/03\/274057424_1170343860403898_6690175081675628226_n.jpg",620,413,false],"post-thumbnail":["https:\/\/arantv.az\/wp-content\/uploads\/2022\/03\/274057424_1170343860403898_6690175081675628226_n-240x172.jpg",240,172,true],"advps-thumb-one":["https:\/\/arantv.az\/wp-content\/uploads\/2022\/03\/274057424_1170343860403898_6690175081675628226_n.jpg",620,413,false]},"rttpg_author":{"display_name":"V\u00fcsal Rafiqo\u011flu","author_link":"https:\/\/arantv.az\/?author=2"},"rttpg_comment":0,"rttpg_category":"<a href=\"https:\/\/arantv.az\/?cat=7\" rel=\"category\">D\u00fcnya<\/a>","rttpg_excerpt":"\u0130spaniya h\u00f6kum\u0259ti Ukraynaya h\u00fccum silahlar\u0131 t\u0259dar\u00fck etm\u0259k q\u0259rar\u0131na g\u0259lib. Bu bar\u0259d\u0259 Krall\u0131\u011f\u0131n Ba\u015f naziri Pedro San\u00e7es Deputatlar Konqresind\u0259 (parlamentin a\u015fa\u011f\u0131 palatas\u0131) \u00e7\u0131x\u0131\u015f\u0131 zaman\u0131 bildirib. \u201c\u0130spaniya Ukraynan\u0131\u00a0m\u00fcqavim\u0259tini g\u00fccl\u0259ndirm\u0259si \u00fc\u00e7\u00fcn h\u00fccum xarakterli h\u0259rbi materiallarla\u00a0t\u0259min ed\u0259c\u0259k\u201d, &#8211; dey\u0259 o qeyd edib. \u0130spaniyal\u0131 nazir vur\u011fulay\u0131b ki, Avropaya y\u00f6n\u0259l\u0259n t\u0259hdid\u0259 cavab\u00a0verm\u0259liyik. M\u0259nb\u0259: TASS","_links":{"self":[{"href":"https:\/\/arantv.az\/index.php?rest_route=\/wp\/v2\/posts\/446655"}],"collection":[{"href":"https:\/\/arantv.az\/index.php?rest_route=\/wp\/v2\/posts"}],"about":[{"href":"https:\/\/arantv.az\/index.php?rest_route=\/wp\/v2\/types\/post"}],"author":[{"embeddable":true,"href":"https:\/\/arantv.az\/index.php?rest_route=\/wp\/v2\/users\/2"}],"replies":[{"embeddable":true,"href":"https:\/\/arantv.az\/index.php?rest_route=%2Fwp%2Fv2%2Fcomments&post=446655"}],"version-history":[{"count":0,"href":"https:\/\/arantv.az\/index.php?rest_route=\/wp\/v2\/posts\/446655\/revisions"}],"wp:featuredmedia":[{"embeddable":true,"href":"https:\/\/arantv.az\/index.php?rest_route=\/wp\/v2\/media\/446656"}],"wp:attachment":[{"href":"https:\/\/arantv.az\/index.php?rest_route=%2Fwp%2Fv2%2Fmedia&parent=446655"}],"wp:term":[{"taxonomy":"category","embeddable":true,"href":"https:\/\/arantv.az\/index.php?rest_route=%2Fwp%2Fv2%2Fcategories&post=446655"},{"taxonomy":"post_tag","embeddable":true,"href":"https:\/\/arantv.az\/index.php?rest_route=%2Fwp%2Fv2%2Ftags&post=446655"}],"curies":[{"name":"wp","href":"https:\/\/api.w.org\/{rel}","templated":true}]}}