{"id":446672,"date":"2022-03-02T14:02:40","date_gmt":"2022-03-02T11:02:40","guid":{"rendered":"http:\/\/arantv.az\/?p=446672"},"modified":"2022-03-02T14:02:40","modified_gmt":"2022-03-02T11:02:40","slug":"azal-ukraynadaki-hadis%c9%99l%c9%99rl%c9%99-%c9%99laq%c9%99dar-t%c9%99xliy%c9%99-reysl%c9%99ri-h%c9%99r-gun-olacaq","status":"publish","type":"post","link":"https:\/\/arantv.az\/?p=446672","title":{"rendered":"AZAL: \u201cUkraynadak\u0131 hadis\u0259l\u0259rl\u0259 \u0259laq\u0259dar t\u0259xliy\u0259 reysl\u0259ri h\u0259r g\u00fcn olacaq\u201d"},"content":{"rendered":"<p>Az\u0259rbaycan Respublikas\u0131n\u0131n Prezidenti \u0130lham \u018fliyevin tap\u015f\u0131r\u0131\u011f\u0131 il\u0259 AZAL avia\u015firk\u0259ti Ukraynadak\u0131 hadis\u0259l\u0259rl\u0259 \u0259laq\u0259dar v\u0259t\u0259n\u0259 qay\u0131tmaq arzusunda olan h\u0259mv\u0259t\u0259nl\u0259rin da\u015f\u0131nmas\u0131 \u00fc\u00e7\u00fcn h\u0259r g\u00fcn t\u0259xliy\u0259 reysl\u0259rini yerin\u0259 yetir\u0259c\u0259k.<\/p>\n<p>Bu bar\u0259d\u0259 \u201cAz\u0259rbaycan Hava Yollar\u0131\u201d QSC-nin M\u0259tbuat xidm\u0259ti\u00a0m\u0259lumat yayacaq.<\/p>\n<div class=\"AdviadNativeVideo\"><\/div>\n<p>Az\u0259rbaycan v\u0259t\u0259nda\u015flar\u0131n\u0131n t\u0259xliy\u0259 reysl\u0259ri il\u0259 da\u015f\u0131nmas\u0131 \u00f6d\u0259ni\u015fsiz h\u0259yata ke\u00e7irilir.<\/p>\n<p>Mart\u0131n 1-d\u0259 AZAL art\u0131q t\u0259xliy\u0259 reysi yerin\u0259 yetirib v\u0259 176 n\u0259f\u0259r Az\u0259rbaycan v\u0259t\u0259nda\u015f\u0131 V\u0259t\u0259n\u0259 qay\u0131d\u0131b.<\/p>\n<p>Ukraynadan qon\u015fu d\u00f6vl\u0259tl\u0259r\u0259 k\u00f6\u00e7m\u00fc\u015f soyda\u015flar\u0131m\u0131z\u0131n t\u0259xliy\u0259si \u00fc\u00e7\u00fcn Az\u0259rbaycan t\u0259r\u0259find\u0259n \u0259lav\u0259 olaraq dig\u0259r \u00e7arter reysl\u0259ri d\u0259 t\u0259\u015fkil edilir. Bel\u0259 ki, bu reysl\u0259rl\u0259 fevral\u0131n 28-d\u0259 v\u0259 mart\u0131n 2-d\u0259 336 n\u0259f\u0259r Az\u0259rbaycan v\u0259t\u0259nda\u015f\u0131 Bak\u0131ya \u00e7atd\u0131r\u0131l\u0131b.<\/p>\n<p>Ukraynan\u0131 t\u0259rk ed\u0259n Az\u0259rbaycan v\u0259t\u0259nda\u015flar\u0131 V\u0259t\u0259n\u0259 qay\u0131tmaq \u00fc\u00e7\u00fcn Az\u0259rbaycan\u0131n xaricd\u0259ki diplomatik missiyalar\u0131 il\u0259 \u0259laq\u0259 saxlaya bil\u0259rl\u0259r.<\/p>\n","protected":false},"excerpt":{"rendered":"<p>Az\u0259rbaycan Respublikas\u0131n\u0131n Prezidenti \u0130lham \u018fliyevin tap\u015f\u0131r\u0131\u011f\u0131 il\u0259 AZAL avia\u015firk\u0259ti Ukraynadak\u0131 hadis\u0259l\u0259rl\u0259 \u0259laq\u0259dar v\u0259t\u0259n\u0259 qay\u0131tmaq arzusunda olan h\u0259mv\u0259t\u0259nl\u0259rin da\u015f\u0131nmas\u0131 \u00fc\u00e7\u00fcn h\u0259r g\u00fcn t\u0259xliy\u0259 reysl\u0259rini yerin\u0259 yetir\u0259c\u0259k. Bu bar\u0259d\u0259 \u201cAz\u0259rbaycan Hava Yollar\u0131\u201d QSC-nin M\u0259tbuat xidm\u0259ti\u00a0m\u0259lumat yayacaq. Az\u0259rbaycan v\u0259t\u0259nda\u015flar\u0131n\u0131n t\u0259xliy\u0259 reysl\u0259ri il\u0259 da\u015f\u0131nmas\u0131 \u00f6d\u0259ni\u015fsiz h\u0259yata ke\u00e7irilir. Mart\u0131n 1-d\u0259 AZAL art\u0131q t\u0259xliy\u0259 reysi yerin\u0259 yetirib v\u0259 176 n\u0259f\u0259r Az\u0259rbaycan v\u0259t\u0259nda\u015f\u0131 V\u0259t\u0259n\u0259 qay\u0131d\u0131b. Ukraynadan qon\u015fu d\u00f6vl\u0259tl\u0259r\u0259 k\u00f6\u00e7m\u00fc\u015f soyda\u015flar\u0131m\u0131z\u0131n t\u0259xliy\u0259si \u00fc\u00e7\u00fcn Az\u0259rbaycan t\u0259r\u0259find\u0259n \u0259lav\u0259 olaraq dig\u0259r \u00e7arter reysl\u0259ri d\u0259 t\u0259\u015fkil edilir. Bel\u0259 ki, bu reysl\u0259rl\u0259 fevral\u0131n 28-d\u0259 v\u0259 mart\u0131n 2-d\u0259 336 n\u0259f\u0259r Az\u0259rbaycan v\u0259t\u0259nda\u015f\u0131 Bak\u0131ya \u00e7atd\u0131r\u0131l\u0131b.&hellip;<\/p>\n","protected":false},"author":2,"featured_media":446673,"comment_status":"closed","ping_status":"closed","sticky":false,"template":"","format":"standard","meta":{"om_disable_all_campaigns":false,"_monsterinsights_skip_tracking":false,"_monsterinsights_sitenote_active":false,"_monsterinsights_sitenote_note":"","_monsterinsights_sitenote_category":0},"categories":[7],"tags":[],"aioseo_notices":[],"gutentor_comment":0,"rttpg_featured_image_url":{"full":["https:\/\/arantv.az\/wp-content\/uploads\/2022\/03\/274864316_272110778406544_520438398676821155_n.jpg",620,414,false],"landscape":["https:\/\/arantv.az\/wp-content\/uploads\/2022\/03\/274864316_272110778406544_520438398676821155_n.jpg",620,414,false],"portraits":["https:\/\/arantv.az\/wp-content\/uploads\/2022\/03\/274864316_272110778406544_520438398676821155_n.jpg",620,414,false],"thumbnail":["https:\/\/arantv.az\/wp-content\/uploads\/2022\/03\/274864316_272110778406544_520438398676821155_n-500x280.jpg",500,280,true],"medium":["https:\/\/arantv.az\/wp-content\/uploads\/2022\/03\/274864316_272110778406544_520438398676821155_n-547x365.jpg",547,365,true],"large":["https:\/\/arantv.az\/wp-content\/uploads\/2022\/03\/274864316_272110778406544_520438398676821155_n.jpg",620,414,false],"1536x1536":["https:\/\/arantv.az\/wp-content\/uploads\/2022\/03\/274864316_272110778406544_520438398676821155_n.jpg",620,414,false],"2048x2048":["https:\/\/arantv.az\/wp-content\/uploads\/2022\/03\/274864316_272110778406544_520438398676821155_n.jpg",620,414,false],"post-thumbnail":["https:\/\/arantv.az\/wp-content\/uploads\/2022\/03\/274864316_272110778406544_520438398676821155_n-240x172.jpg",240,172,true],"advps-thumb-one":["https:\/\/arantv.az\/wp-content\/uploads\/2022\/03\/274864316_272110778406544_520438398676821155_n.jpg",620,414,false]},"rttpg_author":{"display_name":"V\u00fcsal Rafiqo\u011flu","author_link":"https:\/\/arantv.az\/?author=2"},"rttpg_comment":0,"rttpg_category":"<a href=\"https:\/\/arantv.az\/?cat=7\" rel=\"category\">D\u00fcnya<\/a>","rttpg_excerpt":"Az\u0259rbaycan Respublikas\u0131n\u0131n Prezidenti \u0130lham \u018fliyevin tap\u015f\u0131r\u0131\u011f\u0131 il\u0259 AZAL avia\u015firk\u0259ti Ukraynadak\u0131 hadis\u0259l\u0259rl\u0259 \u0259laq\u0259dar v\u0259t\u0259n\u0259 qay\u0131tmaq arzusunda olan h\u0259mv\u0259t\u0259nl\u0259rin da\u015f\u0131nmas\u0131 \u00fc\u00e7\u00fcn h\u0259r g\u00fcn t\u0259xliy\u0259 reysl\u0259rini yerin\u0259 yetir\u0259c\u0259k. Bu bar\u0259d\u0259 \u201cAz\u0259rbaycan Hava Yollar\u0131\u201d QSC-nin M\u0259tbuat xidm\u0259ti\u00a0m\u0259lumat yayacaq. Az\u0259rbaycan v\u0259t\u0259nda\u015flar\u0131n\u0131n t\u0259xliy\u0259 reysl\u0259ri il\u0259 da\u015f\u0131nmas\u0131 \u00f6d\u0259ni\u015fsiz h\u0259yata ke\u00e7irilir. Mart\u0131n 1-d\u0259 AZAL art\u0131q t\u0259xliy\u0259 reysi yerin\u0259 yetirib v\u0259 176 n\u0259f\u0259r Az\u0259rbaycan&hellip;","_links":{"self":[{"href":"https:\/\/arantv.az\/index.php?rest_route=\/wp\/v2\/posts\/446672"}],"collection":[{"href":"https:\/\/arantv.az\/index.php?rest_route=\/wp\/v2\/posts"}],"about":[{"href":"https:\/\/arantv.az\/index.php?rest_route=\/wp\/v2\/types\/post"}],"author":[{"embeddable":true,"href":"https:\/\/arantv.az\/index.php?rest_route=\/wp\/v2\/users\/2"}],"replies":[{"embeddable":true,"href":"https:\/\/arantv.az\/index.php?rest_route=%2Fwp%2Fv2%2Fcomments&post=446672"}],"version-history":[{"count":0,"href":"https:\/\/arantv.az\/index.php?rest_route=\/wp\/v2\/posts\/446672\/revisions"}],"wp:featuredmedia":[{"embeddable":true,"href":"https:\/\/arantv.az\/index.php?rest_route=\/wp\/v2\/media\/446673"}],"wp:attachment":[{"href":"https:\/\/arantv.az\/index.php?rest_route=%2Fwp%2Fv2%2Fmedia&parent=446672"}],"wp:term":[{"taxonomy":"category","embeddable":true,"href":"https:\/\/arantv.az\/index.php?rest_route=%2Fwp%2Fv2%2Fcategories&post=446672"},{"taxonomy":"post_tag","embeddable":true,"href":"https:\/\/arantv.az\/index.php?rest_route=%2Fwp%2Fv2%2Ftags&post=446672"}],"curies":[{"name":"wp","href":"https:\/\/api.w.org\/{rel}","templated":true}]}}