{"id":446715,"date":"2022-03-02T16:10:49","date_gmt":"2022-03-02T13:10:49","guid":{"rendered":"http:\/\/arantv.az\/?p=446715"},"modified":"2022-03-02T16:10:49","modified_gmt":"2022-03-02T13:10:49","slug":"nazir-munaqis%c9%99nin-basa-catmasi-region-ucun-yeni-iqtisadi-imkanlar-yaradir","status":"publish","type":"post","link":"https:\/\/arantv.az\/?p=446715","title":{"rendered":"Nazir: M\u00fcnaqi\u015f\u0259nin ba\u015fa \u00e7atmas\u0131 region \u00fc\u00e7\u00fcn yeni iqtisadi imkanlar yarad\u0131r"},"content":{"rendered":"<p>Erm\u0259nistanla Az\u0259rbaycan aras\u0131nda m\u00fcnaqi\u015f\u0259nin ba\u015fa \u00e7atmas\u0131 t\u0259kc\u0259 Az\u0259rbaycan \u00fc\u00e7\u00fcn deyil, h\u0259m d\u0259 region \u00fc\u00e7\u00fcn yeni iqtisadi imkanlar yarad\u0131r.<\/p>\n<p><strong>ARANTV.AZ\u00a0 x\u0259b\u0259r verir ki,<\/strong>\u00a0bunu Az\u0259rbaycan\u0131n xarici i\u015fl\u0259r naziri Ceyhun Bayramov BMT \u0130nsan H\u00fcquqlar\u0131 \u015euras\u0131n\u0131n 49-cu Sessiyas\u0131nda \u00e7\u0131x\u0131\u015f\u0131 zaman\u0131 deyib.<\/p>\n<p>O bildirib ki, bu bax\u0131mdan i\u015f\u011faldan azad edilmi\u015f \u0259razil\u0259rin b\u0259rpas\u0131 v\u0259 yenid\u0259n qurulmas\u0131 yax\u0131n ill\u0259rd\u0259 Az\u0259rbaycan\u0131n inki\u015faf prioritetl\u0259rinin \u0259sas istiqam\u0259tl\u0259rind\u0259n biri olacaqd\u0131r.<\/p>\n<p>Nazirin s\u00f6zl\u0259rin\u0259 g\u00f6r\u0259, azad edilmi\u015f \u0259razil\u0259rin b\u0259rpas\u0131na 2021-ci ilin d\u00f6vl\u0259t b\u00fcdc\u0259sind\u0259n 1,3 milyard AB\u015e dollar\u0131 ayr\u0131l\u0131b.<\/p>\n","protected":false},"excerpt":{"rendered":"<p>Erm\u0259nistanla Az\u0259rbaycan aras\u0131nda m\u00fcnaqi\u015f\u0259nin ba\u015fa \u00e7atmas\u0131 t\u0259kc\u0259 Az\u0259rbaycan \u00fc\u00e7\u00fcn deyil, h\u0259m d\u0259 region \u00fc\u00e7\u00fcn yeni iqtisadi imkanlar yarad\u0131r. ARANTV.AZ\u00a0 x\u0259b\u0259r verir ki,\u00a0bunu Az\u0259rbaycan\u0131n xarici i\u015fl\u0259r naziri Ceyhun Bayramov BMT \u0130nsan H\u00fcquqlar\u0131 \u015euras\u0131n\u0131n 49-cu Sessiyas\u0131nda \u00e7\u0131x\u0131\u015f\u0131 zaman\u0131 deyib. O bildirib ki, bu bax\u0131mdan i\u015f\u011faldan azad edilmi\u015f \u0259razil\u0259rin b\u0259rpas\u0131 v\u0259 yenid\u0259n qurulmas\u0131 yax\u0131n ill\u0259rd\u0259 Az\u0259rbaycan\u0131n inki\u015faf prioritetl\u0259rinin \u0259sas istiqam\u0259tl\u0259rind\u0259n biri olacaqd\u0131r. Nazirin s\u00f6zl\u0259rin\u0259 g\u00f6r\u0259, azad edilmi\u015f \u0259razil\u0259rin b\u0259rpas\u0131na 2021-ci ilin d\u00f6vl\u0259t b\u00fcdc\u0259sind\u0259n 1,3 milyard AB\u015e dollar\u0131 ayr\u0131l\u0131b.<\/p>\n","protected":false},"author":2,"featured_media":446716,"comment_status":"closed","ping_status":"closed","sticky":false,"template":"","format":"standard","meta":{"om_disable_all_campaigns":false,"_monsterinsights_skip_tracking":false,"_monsterinsights_sitenote_active":false,"_monsterinsights_sitenote_note":"","_monsterinsights_sitenote_category":0},"categories":[4],"tags":[],"aioseo_notices":[],"gutentor_comment":0,"rttpg_featured_image_url":{"full":["https:\/\/arantv.az\/wp-content\/uploads\/2022\/03\/93fb9d4b164622405530619120410144669.jpg",975,540,false],"landscape":["https:\/\/arantv.az\/wp-content\/uploads\/2022\/03\/93fb9d4b164622405530619120410144669.jpg",975,540,false],"portraits":["https:\/\/arantv.az\/wp-content\/uploads\/2022\/03\/93fb9d4b164622405530619120410144669.jpg",975,540,false],"thumbnail":["https:\/\/arantv.az\/wp-content\/uploads\/2022\/03\/93fb9d4b164622405530619120410144669-500x280.jpg",500,280,true],"medium":["https:\/\/arantv.az\/wp-content\/uploads\/2022\/03\/93fb9d4b164622405530619120410144669-660x365.jpg",660,365,true],"large":["https:\/\/arantv.az\/wp-content\/uploads\/2022\/03\/93fb9d4b164622405530619120410144669-840x465.jpg",640,354,true],"1536x1536":["https:\/\/arantv.az\/wp-content\/uploads\/2022\/03\/93fb9d4b164622405530619120410144669.jpg",975,540,false],"2048x2048":["https:\/\/arantv.az\/wp-content\/uploads\/2022\/03\/93fb9d4b164622405530619120410144669.jpg",975,540,false],"post-thumbnail":["https:\/\/arantv.az\/wp-content\/uploads\/2022\/03\/93fb9d4b164622405530619120410144669-240x172.jpg",240,172,true],"advps-thumb-one":["https:\/\/arantv.az\/wp-content\/uploads\/2022\/03\/93fb9d4b164622405530619120410144669.jpg",975,540,false]},"rttpg_author":{"display_name":"V\u00fcsal Rafiqo\u011flu","author_link":"https:\/\/arantv.az\/?author=2"},"rttpg_comment":0,"rttpg_category":"<a href=\"https:\/\/arantv.az\/?cat=4\" rel=\"category\">Siyas\u0259t<\/a>","rttpg_excerpt":"Erm\u0259nistanla Az\u0259rbaycan aras\u0131nda m\u00fcnaqi\u015f\u0259nin ba\u015fa \u00e7atmas\u0131 t\u0259kc\u0259 Az\u0259rbaycan \u00fc\u00e7\u00fcn deyil, h\u0259m d\u0259 region \u00fc\u00e7\u00fcn yeni iqtisadi imkanlar yarad\u0131r. ARANTV.AZ\u00a0 x\u0259b\u0259r verir ki,\u00a0bunu Az\u0259rbaycan\u0131n xarici i\u015fl\u0259r naziri Ceyhun Bayramov BMT \u0130nsan H\u00fcquqlar\u0131 \u015euras\u0131n\u0131n 49-cu Sessiyas\u0131nda \u00e7\u0131x\u0131\u015f\u0131 zaman\u0131 deyib. O bildirib ki, bu bax\u0131mdan i\u015f\u011faldan azad edilmi\u015f \u0259razil\u0259rin b\u0259rpas\u0131 v\u0259 yenid\u0259n qurulmas\u0131 yax\u0131n ill\u0259rd\u0259 Az\u0259rbaycan\u0131n inki\u015faf prioritetl\u0259rinin&hellip;","_links":{"self":[{"href":"https:\/\/arantv.az\/index.php?rest_route=\/wp\/v2\/posts\/446715"}],"collection":[{"href":"https:\/\/arantv.az\/index.php?rest_route=\/wp\/v2\/posts"}],"about":[{"href":"https:\/\/arantv.az\/index.php?rest_route=\/wp\/v2\/types\/post"}],"author":[{"embeddable":true,"href":"https:\/\/arantv.az\/index.php?rest_route=\/wp\/v2\/users\/2"}],"replies":[{"embeddable":true,"href":"https:\/\/arantv.az\/index.php?rest_route=%2Fwp%2Fv2%2Fcomments&post=446715"}],"version-history":[{"count":0,"href":"https:\/\/arantv.az\/index.php?rest_route=\/wp\/v2\/posts\/446715\/revisions"}],"wp:featuredmedia":[{"embeddable":true,"href":"https:\/\/arantv.az\/index.php?rest_route=\/wp\/v2\/media\/446716"}],"wp:attachment":[{"href":"https:\/\/arantv.az\/index.php?rest_route=%2Fwp%2Fv2%2Fmedia&parent=446715"}],"wp:term":[{"taxonomy":"category","embeddable":true,"href":"https:\/\/arantv.az\/index.php?rest_route=%2Fwp%2Fv2%2Fcategories&post=446715"},{"taxonomy":"post_tag","embeddable":true,"href":"https:\/\/arantv.az\/index.php?rest_route=%2Fwp%2Fv2%2Ftags&post=446715"}],"curies":[{"name":"wp","href":"https:\/\/api.w.org\/{rel}","templated":true}]}}