{"id":446718,"date":"2022-03-02T16:11:26","date_gmt":"2022-03-02T13:11:26","guid":{"rendered":"http:\/\/arantv.az\/?p=446718"},"modified":"2022-03-02T16:11:26","modified_gmt":"2022-03-02T13:11:26","slug":"ceyhun-bayramovdan-rusiya-v%c9%99-ukraynaya-cagiris","status":"publish","type":"post","link":"https:\/\/arantv.az\/?p=446718","title":{"rendered":"Ceyhun Bayramovdan Rusiya v\u0259 Ukraynaya \u00e7a\u011f\u0131r\u0131\u015f"},"content":{"rendered":"<p>\u201cBizim m\u00fczakir\u0259l\u0259rimiz Ukraynada v\u0259 onun \u0259traf\u0131nda v\u0259ziyy\u0259tin ciddi \u015f\u0259kild\u0259 pisl\u0259\u015fm\u0259si fonunda, beyn\u0259lxalq m\u00fcnasib\u0259tl\u0259rd\u0259 g\u0259rginliyin artd\u0131\u011f\u0131 zamanda ke\u00e7irilir\u201d.<\/p>\n<p><strong>ARANTV.AZ\u00a0 x\u0259b\u0259r verir ki,<\/strong>\u00a0\u00a0bunu Az\u0259rbaycan\u0131n xarici i\u015fl\u0259r naziri Ceyhun Bayramov BMT \u0130nsan H\u00fcquqlar\u0131 \u015euras\u0131n\u0131n 49-cu Sessiyas\u0131nda \u00e7\u0131x\u0131\u015f\u0131 zaman\u0131 deyib.<\/p>\n<p>Nazir bildirib ki, Az\u0259rbaycan x\u00fcsusil\u0259 m\u00fclki \u0259hali aras\u0131nda ciddi itkil\u0259r\u0259 s\u0259b\u0259b olan bu b\u00f6hrandan d\u0259rin t\u0259\u0259ss\u00fcf hissi ke\u00e7irir.<\/p>\n<p>\u201cM\u00fclki insanlar\u0131n h\u0259yat\u0131, m\u00fclki infrastruktur qorunmal\u0131 v\u0259 insan h\u00fcquqlar\u0131na h\u0259r zaman h\u00f6rm\u0259t edilm\u0259lidir. Orada yaranmaqda olan humanitar b\u00f6hran m\u00f6vcud v\u0259ziyy\u0259tin m\u00fclki \u0259haliy\u0259 t\u0259sirini azaltmaq \u00fc\u00e7\u00fcn m\u0259qs\u0259d\u0259uy\u011fun t\u0259dbirl\u0259r t\u0259l\u0259b edir.<\/p>\n<p>Bu anlay\u0131\u015fdan \u00e7\u0131x\u0131\u015f ed\u0259r\u0259k Az\u0259rbaycan art\u0131q ikit\u0259r\u0259fli \u0259sasda Ukrayna xalq\u0131na d\u0259rman, tibbi avadanl\u0131q v\u0259 dig\u0259r ilkin ehtiyac olan humanitar yard\u0131m g\u00f6nd\u0259rib.<\/p>\n<p>Bu kritik zamanda Az\u0259rbaycan v\u0259ziyy\u0259tin daha da g\u0259rginl\u0259\u015fm\u0259sinin qar\u015f\u0131s\u0131n\u0131 almaq \u00fc\u00e7\u00fcn t\u0259xir\u0259 sal\u0131nmadan dialoqa \u00e7a\u011f\u0131r\u0131\u015f\u0131n\u0131 t\u0259krarlay\u0131r v\u0259 t\u0259r\u0259fl\u0259r aras\u0131nda birba\u015fa dan\u0131\u015f\u0131qlar\u0131n apar\u0131lmas\u0131n\u0131n z\u0259ruriliyini vur\u011fulay\u0131r\u201d, &#8211; X\u0130N ba\u015f\u00e7\u0131s\u0131 qeyd edib.<\/p>\n","protected":false},"excerpt":{"rendered":"<p>\u201cBizim m\u00fczakir\u0259l\u0259rimiz Ukraynada v\u0259 onun \u0259traf\u0131nda v\u0259ziyy\u0259tin ciddi \u015f\u0259kild\u0259 pisl\u0259\u015fm\u0259si fonunda, beyn\u0259lxalq m\u00fcnasib\u0259tl\u0259rd\u0259 g\u0259rginliyin artd\u0131\u011f\u0131 zamanda ke\u00e7irilir\u201d. ARANTV.AZ\u00a0 x\u0259b\u0259r verir ki,\u00a0\u00a0bunu Az\u0259rbaycan\u0131n xarici i\u015fl\u0259r naziri Ceyhun Bayramov BMT \u0130nsan H\u00fcquqlar\u0131 \u015euras\u0131n\u0131n 49-cu Sessiyas\u0131nda \u00e7\u0131x\u0131\u015f\u0131 zaman\u0131 deyib. Nazir bildirib ki, Az\u0259rbaycan x\u00fcsusil\u0259 m\u00fclki \u0259hali aras\u0131nda ciddi itkil\u0259r\u0259 s\u0259b\u0259b olan bu b\u00f6hrandan d\u0259rin t\u0259\u0259ss\u00fcf hissi ke\u00e7irir. \u201cM\u00fclki insanlar\u0131n h\u0259yat\u0131, m\u00fclki infrastruktur qorunmal\u0131 v\u0259 insan h\u00fcquqlar\u0131na h\u0259r zaman h\u00f6rm\u0259t edilm\u0259lidir. Orada yaranmaqda olan humanitar b\u00f6hran m\u00f6vcud v\u0259ziyy\u0259tin m\u00fclki \u0259haliy\u0259 t\u0259sirini azaltmaq \u00fc\u00e7\u00fcn m\u0259qs\u0259d\u0259uy\u011fun t\u0259dbirl\u0259r t\u0259l\u0259b edir. Bu anlay\u0131\u015fdan \u00e7\u0131x\u0131\u015f ed\u0259r\u0259k Az\u0259rbaycan art\u0131q ikit\u0259r\u0259fli&hellip;<\/p>\n","protected":false},"author":2,"featured_media":446719,"comment_status":"closed","ping_status":"closed","sticky":false,"template":"","format":"standard","meta":{"om_disable_all_campaigns":false,"_monsterinsights_skip_tracking":false,"_monsterinsights_sitenote_active":false,"_monsterinsights_sitenote_note":"","_monsterinsights_sitenote_category":0},"categories":[4],"tags":[],"aioseo_notices":[],"gutentor_comment":0,"rttpg_featured_image_url":{"full":["https:\/\/arantv.az\/wp-content\/uploads\/2022\/03\/65184321164622208249732750411114851.jpg",975,540,false],"landscape":["https:\/\/arantv.az\/wp-content\/uploads\/2022\/03\/65184321164622208249732750411114851.jpg",975,540,false],"portraits":["https:\/\/arantv.az\/wp-content\/uploads\/2022\/03\/65184321164622208249732750411114851.jpg",975,540,false],"thumbnail":["https:\/\/arantv.az\/wp-content\/uploads\/2022\/03\/65184321164622208249732750411114851-500x280.jpg",500,280,true],"medium":["https:\/\/arantv.az\/wp-content\/uploads\/2022\/03\/65184321164622208249732750411114851-660x365.jpg",660,365,true],"large":["https:\/\/arantv.az\/wp-content\/uploads\/2022\/03\/65184321164622208249732750411114851-840x465.jpg",640,354,true],"1536x1536":["https:\/\/arantv.az\/wp-content\/uploads\/2022\/03\/65184321164622208249732750411114851.jpg",975,540,false],"2048x2048":["https:\/\/arantv.az\/wp-content\/uploads\/2022\/03\/65184321164622208249732750411114851.jpg",975,540,false],"post-thumbnail":["https:\/\/arantv.az\/wp-content\/uploads\/2022\/03\/65184321164622208249732750411114851-240x172.jpg",240,172,true],"advps-thumb-one":["https:\/\/arantv.az\/wp-content\/uploads\/2022\/03\/65184321164622208249732750411114851.jpg",975,540,false]},"rttpg_author":{"display_name":"V\u00fcsal Rafiqo\u011flu","author_link":"https:\/\/arantv.az\/?author=2"},"rttpg_comment":0,"rttpg_category":"<a href=\"https:\/\/arantv.az\/?cat=4\" rel=\"category\">Siyas\u0259t<\/a>","rttpg_excerpt":"\u201cBizim m\u00fczakir\u0259l\u0259rimiz Ukraynada v\u0259 onun \u0259traf\u0131nda v\u0259ziyy\u0259tin ciddi \u015f\u0259kild\u0259 pisl\u0259\u015fm\u0259si fonunda, beyn\u0259lxalq m\u00fcnasib\u0259tl\u0259rd\u0259 g\u0259rginliyin artd\u0131\u011f\u0131 zamanda ke\u00e7irilir\u201d. ARANTV.AZ\u00a0 x\u0259b\u0259r verir ki,\u00a0\u00a0bunu Az\u0259rbaycan\u0131n xarici i\u015fl\u0259r naziri Ceyhun Bayramov BMT \u0130nsan H\u00fcquqlar\u0131 \u015euras\u0131n\u0131n 49-cu Sessiyas\u0131nda \u00e7\u0131x\u0131\u015f\u0131 zaman\u0131 deyib. Nazir bildirib ki, Az\u0259rbaycan x\u00fcsusil\u0259 m\u00fclki \u0259hali aras\u0131nda ciddi itkil\u0259r\u0259 s\u0259b\u0259b olan bu b\u00f6hrandan d\u0259rin t\u0259\u0259ss\u00fcf hissi ke\u00e7irir. \u201cM\u00fclki&hellip;","_links":{"self":[{"href":"https:\/\/arantv.az\/index.php?rest_route=\/wp\/v2\/posts\/446718"}],"collection":[{"href":"https:\/\/arantv.az\/index.php?rest_route=\/wp\/v2\/posts"}],"about":[{"href":"https:\/\/arantv.az\/index.php?rest_route=\/wp\/v2\/types\/post"}],"author":[{"embeddable":true,"href":"https:\/\/arantv.az\/index.php?rest_route=\/wp\/v2\/users\/2"}],"replies":[{"embeddable":true,"href":"https:\/\/arantv.az\/index.php?rest_route=%2Fwp%2Fv2%2Fcomments&post=446718"}],"version-history":[{"count":0,"href":"https:\/\/arantv.az\/index.php?rest_route=\/wp\/v2\/posts\/446718\/revisions"}],"wp:featuredmedia":[{"embeddable":true,"href":"https:\/\/arantv.az\/index.php?rest_route=\/wp\/v2\/media\/446719"}],"wp:attachment":[{"href":"https:\/\/arantv.az\/index.php?rest_route=%2Fwp%2Fv2%2Fmedia&parent=446718"}],"wp:term":[{"taxonomy":"category","embeddable":true,"href":"https:\/\/arantv.az\/index.php?rest_route=%2Fwp%2Fv2%2Fcategories&post=446718"},{"taxonomy":"post_tag","embeddable":true,"href":"https:\/\/arantv.az\/index.php?rest_route=%2Fwp%2Fv2%2Ftags&post=446718"}],"curies":[{"name":"wp","href":"https:\/\/api.w.org\/{rel}","templated":true}]}}