{"id":446762,"date":"2022-03-02T19:04:48","date_gmt":"2022-03-02T16:04:48","guid":{"rendered":"http:\/\/arantv.az\/?p=446762"},"modified":"2022-03-02T19:04:48","modified_gmt":"2022-03-02T16:04:48","slug":"az%c9%99rbaycan-rusiyanin-gul-bazarinda-niderlandin-yerini-tuta-bil%c9%99rmi","status":"publish","type":"post","link":"https:\/\/arantv.az\/?p=446762","title":{"rendered":"Az\u0259rbaycan Rusiyan\u0131n g\u00fcl bazar\u0131nda Niderland\u0131n yerini tuta bil\u0259rmi?"},"content":{"rendered":"<p>Az\u0259rbaycanda q\u0131z\u0131lg\u00fcl istehsal\u0131n\u0131 iki d\u0259f\u0259 art\u0131raraq 30 milyona \u00e7atd\u0131rmaq m\u00fcmk\u00fcnd\u00fcr v\u0259 bununla da \u0259sas ixrac bazar\u0131m\u0131z olan Rusiya bazar\u0131nda yaranan bo\u015flu\u011fu doldurmaq imkan\u0131 \u0259ld\u0259 ed\u0259 bil\u0259rik.<\/p>\n<p>Bunu\u00a0<strong>\u201c\u0130ki sahil\u201d\u0259\u00a0<\/strong>G\u00fcl \u0130stehsal\u00e7\u0131lar\u0131, \u0130dxal\u00e7\u0131lar\u0131 v\u0259 \u0130xracat\u00e7\u0131lar\u0131 Assosiasiyas\u0131n\u0131n s\u0259dri Cavid Axundov Niderland\u0131n Rusiyaya g\u00fcl t\u0259dar\u00fck\u00fcn\u00fc dayand\u0131r\u0131lmas\u0131n\u0131 \u015f\u0259rh ed\u0259rk\u0259n deyib.<\/p>\n<p>Onun s\u00f6zl\u0259rin\u0259 g\u00f6r\u0259, hal-haz\u0131rda Az\u0259rbaycanda q\u0131z\u0131lg\u00fcll\u0259rin illik istehsal\u0131\u00a015 milyon\u00a0\u0259d\u0259d t\u0259\u015fkil edir: &#8220;Bu g\u00fcll\u0259r\u0259 yerli bazar\u0131n t\u0259l\u0259bat\u0131 t\u0259xmin\u0259n\u00a013-15\u00a0milyon\u00a0\u0259d\u0259d\u0259 b\u0259rab\u0259rdir. Amma ba\u015fqa n\u00f6v g\u00fcll\u0259rin istehsal h\u0259cmi il\u0259 ba\u011fl\u0131 d\u0259qiq statistika yoxdur. Onlar\u0131n h\u0259cmi illik t\u0259qrib\u0259n\u00a05 milyona yax\u0131n ola bil\u0259r&#8221;.<\/p>\n<p>C. Axundov hesab edir ki, q\u0131z\u0131lg\u00fcl istehsal\u0131n\u0131\u00a030 milyona \u00e7atd\u0131r\u0131lmas\u0131 \u0259sas\u0259n bazar amill\u0259rind\u0259n asl\u0131 olan bir m\u0259s\u0259l\u0259dir: &#8220;\u00d6lk\u0259y\u0259 Kolumbiya, Ekvador, C\u0259nubi Amerikadan idxal olunan g\u00fcll\u0259rin h\u0259cmi azd\u0131r. Bazar \u0259sas\u0259n yerli m\u0259hsullar hesab\u0131na formala\u015f\u0131r. Az\u0259rbaycan\u0131n \u00fcmumi g\u00fcl\u00e7\u00fcl\u00fck sektorunun yar\u0131dan \u00e7oxunu d\u00f6rd \u0259n iri istixana kompleksl\u0259rind\u0259 (Zir\u0259d\u0259, Qala k\u0259ndind\u0259, Q\u0259b\u0259l\u0259d\u0259 v\u0259 \u015e\u0259mkird\u0259 yerl\u0259\u015f\u0259n) istehsal olunan q\u0131z\u0131lg\u00fcll\u0259r t\u0259\u015fkil edir.<\/p>\n<p>Ba\u015fqa g\u00fcll\u0259r\u0259 g\u0259ldikd\u0259 is\u0259 istixana \u015f\u0259klind\u0259 yeti\u015fdiril\u0259n g\u00fcll\u0259rl\u0259 yana\u015f\u0131 h\u0259yatyan\u0131 t\u0259s\u0259rr\u00fcftalarda da g\u00fcll\u0259r yeti\u015fdirilir\u201d.<\/p>\n<p>Assosiasiya s\u0259dri qeyd edib ki, 2021-ci il\u0259 Az\u0259rbaycan iki \u00f6lk\u0259y\u0259 &#8211; G\u00fcrc\u00fcstana v\u0259 Rusiyaya g\u00fcl ixrac edib: \u201c2022-ci ild\u0259 h\u0259l\u0259 ki, xaricd\u0259n sifari\u015fimiz yoxdur. Yerli bazarda is\u0259 sat\u0131\u015flar normal qaydada h\u0259yata ke\u00e7irilir, sad\u0259c\u0259 pandemiya s\u0259b\u0259bind\u0259n g\u00fcl\u0259 t\u0259l\u0259bat azal\u0131b\u201d.<\/p>\n<p>O \u0259lav\u0259 edib ki, Rusiyan\u0131n g\u00fcl bazar\u0131 kifay\u0259t q\u0259d\u0259r b\u00f6y\u00fckd\u00fcr v\u0259 2020-ci ild\u0259\u00a01,5 milyard\u00a0\u0259d\u0259d t\u0259\u015fkil edib: &#8220;Rusiyan\u0131n g\u00fcl almaq, h\u0259diyy\u0259 kimi g\u00fcl t\u0259qdim etm\u0259k m\u0259d\u0259niyy\u0259tl\u0259ri geni\u015f yay\u0131l\u0131b. Ona g\u00f6r\u0259 d\u0259, Rusiyan\u0131n daxili istehsal\u0131 kifay\u0259t q\u0259d\u0259r b\u00f6y\u00fckd\u00fcr, yerli \u015firk\u0259tl\u0259r son\u00a05-10\u00a0il \u0259rzind\u0259 \u00f6lk\u0259d\u0259 bu sah\u0259nin inki\u015faf\u0131na daha \u00e7ox diqq\u0259t yetiribl\u0259r v\u0259 \u00e7oxlu sayda m\u00fcasir istixanalar yarad\u0131l\u0131b.<\/p>\n<p>\u0130kinci m\u0259s\u0259l\u0259 is\u0259 d\u00fcnyada g\u00fcl\u00e7\u00fcl\u00fck sah\u0259sind\u0259 \u0259sasl\u0131 r\u0259qab\u0259t var. Afrika \u00f6lk\u0259l\u0259rinin yeti\u015fdirdikl\u0259ri q\u0131z\u0131lg\u00fcll\u0259rinin maya d\u0259y\u0259ri \u00e7ox a\u015fa\u011f\u0131d\u0131r. H\u0259m\u00e7inin, C\u0259nubi Amerikada d\u00fcnyada q\u0131z\u0131lg\u00fcll\u0259rin yeti\u015fdirilm\u0259si \u00fc\u00e7\u00fcn g\u00f6z\u0259l iqlim \u015f\u0259raiti var. T\u0259bii olaraq onlarla r\u0259qab\u0259t\u0259 girm\u0259k \u00e7\u0259tindir, onlar\u0131n\u00a030-50\u00a0hektarl\u0131q plantasiyalar\u0131 olur. Rusiya bazar\u0131nda yerli istehsal olan q\u0131z\u0131lg\u00fcl bu \u00f6lk\u0259l\u0259rin g\u00fcll\u0259ri il\u0259 m\u00fcqayis\u0259d\u0259 daha baha sat\u0131l\u0131r.<\/p>\n<p>Bizimd\u0259 g\u00fcll\u0259rln maya d\u0259y\u0259ri onlarla m\u00fcqayis\u0259d\u0259 baha ba\u015fa g\u0259lir. Az\u0259rbaycan\u0131n ixrac etdiyi q\u0131z\u0131lg\u00fcll\u0259r h\u0259m qiym\u0259t, h\u0259m keyfiyy\u0259t bax\u0131m\u0131ndan \u00fcmumiyy\u0259tl\u0259 Niderland q\u0131z\u0131lg\u00fcl\u00fc il\u0259 r\u0259qab\u0259t apar\u0131r. \u00c7\u00fcnki bizim q\u0131z\u0131lg\u00fcll\u0259rimiz n\u00f6v, istehsal m\u0259d\u0259niyy\u0259ti v\u0259 texnologiyas\u0131 olaraq m\u0259hz Niderland q\u0131z\u0131lg\u00fcll\u0259ri kimi keyfiyy\u0259tlidir\u201d.<\/p>\n<p>C. Axundov vur\u011fulay\u0131b ki, g\u00fcl\u00e7\u00fcl\u00fck sah\u0259si son zamanlar Az\u0259rbaycanda yenid\u0259n inki\u015fafa ba\u015flay\u0131b: \u201cSovet d\u00f6vr\u00fcnd\u0259 Bak\u0131n\u0131n k\u0259ndl\u0259ri &#8211; Ma\u015fta\u011fa, Nardaran, \u015e\u00fcv\u0259lan tarix\u0259n g\u00fcl\u00e7\u00fcl\u00fck m\u0259rk\u0259zi idi. Lakin g\u00fcl\u00e7\u00fcl\u00fck sah\u0259sinin son ill\u0259rd\u0259 \u00f6lk\u0259d\u0259 m\u0259\u015fhurla\u015fmas\u0131 dem\u0259y\u0259 \u0259sas verir ki, bu sah\u0259d\u0259 perspektiv var. D\u00f6vl\u0259t qurumlar\u0131 il\u0259 \u0259sas\u0259n bu s\u0259nayenin inki\u015faf etdirilm\u0259si il\u0259 ba\u011fl\u0131 daim m\u00fczakir\u0259l\u0259r apar\u0131l\u0131r\u201d.<\/p>\n<p>Qeyd ed\u0259k ki, Niderland Rusiya t\u0259yyar\u0259l\u0259ri \u00fc\u00e7\u00fcn Ukrayna il\u0259 m\u00fcnaqi\u015f\u0259 fonunda hava m\u0259kan\u0131n\u0131 ba\u011flay\u0131b. Bu s\u0259b\u0259bd\u0259n mart\u0131n 8-n\u0259 n\u0259z\u0259rd\u0259 tutulan v\u0259 g\u00f6y\u0259rt\u0259sind\u0259\u00a095\u00a0ton g\u00fcl olan t\u0259yyar\u0259nin Yekaterinburqa u\u00e7u\u015fu l\u0259\u011fv edilib. Yekaterinburq 2015-ci ild\u0259n Niderlanddan b\u00f6y\u00fck \u00e7i\u00e7\u0259k partiyalar\u0131 idxal edir. M\u0259hsullar\u0131n \u00e7\u0259kisi v\u0259 d\u0259y\u0259ri h\u0259r il azal\u0131r. Bel\u0259 ki, 2018-ci ild\u0259 \u015f\u0259h\u0259r\u0259 5,4\u00a0milyon\u00a0AB\u015e dollar\u0131 d\u0259y\u0259rind\u0259\u00a0681\u00a0ton g\u00fcl, 2021-ci ild\u0259 is\u0259 3,8\u00a0milyon\u00a0AB\u015e dollar\u0131 d\u0259y\u0259rind\u0259\u00a0516\u00a0ton g\u00fcl g\u0259tirilib.<\/p>\n<p>Xat\u0131rladaq ki, \u201cAz\u0259rbaycan G\u00fcl \u0130stehsal\u00e7\u0131lar\u0131, \u0130dxal\u00e7\u0131lar\u0131 v\u0259 \u0130xracat\u00e7\u0131lar\u0131 Assosiasiyas\u0131\u201dn\u0131n 2021-c ild\u0259 t\u0259sis olunub.<\/p>\n","protected":false},"excerpt":{"rendered":"<p>Az\u0259rbaycanda q\u0131z\u0131lg\u00fcl istehsal\u0131n\u0131 iki d\u0259f\u0259 art\u0131raraq 30 milyona \u00e7atd\u0131rmaq m\u00fcmk\u00fcnd\u00fcr v\u0259 bununla da \u0259sas ixrac bazar\u0131m\u0131z olan Rusiya bazar\u0131nda yaranan bo\u015flu\u011fu doldurmaq imkan\u0131 \u0259ld\u0259 ed\u0259 bil\u0259rik. Bunu\u00a0\u201c\u0130ki sahil\u201d\u0259\u00a0G\u00fcl \u0130stehsal\u00e7\u0131lar\u0131, \u0130dxal\u00e7\u0131lar\u0131 v\u0259 \u0130xracat\u00e7\u0131lar\u0131 Assosiasiyas\u0131n\u0131n s\u0259dri Cavid Axundov Niderland\u0131n Rusiyaya g\u00fcl t\u0259dar\u00fck\u00fcn\u00fc dayand\u0131r\u0131lmas\u0131n\u0131 \u015f\u0259rh ed\u0259rk\u0259n deyib. Onun s\u00f6zl\u0259rin\u0259 g\u00f6r\u0259, hal-haz\u0131rda Az\u0259rbaycanda q\u0131z\u0131lg\u00fcll\u0259rin illik istehsal\u0131\u00a015 milyon\u00a0\u0259d\u0259d t\u0259\u015fkil edir: &#8220;Bu g\u00fcll\u0259r\u0259 yerli bazar\u0131n t\u0259l\u0259bat\u0131 t\u0259xmin\u0259n\u00a013-15\u00a0milyon\u00a0\u0259d\u0259d\u0259 b\u0259rab\u0259rdir. Amma ba\u015fqa n\u00f6v g\u00fcll\u0259rin istehsal h\u0259cmi il\u0259 ba\u011fl\u0131 d\u0259qiq statistika yoxdur. Onlar\u0131n h\u0259cmi illik t\u0259qrib\u0259n\u00a05 milyona yax\u0131n ola bil\u0259r&#8221;. C. Axundov hesab edir ki, q\u0131z\u0131lg\u00fcl istehsal\u0131n\u0131\u00a030 milyona \u00e7atd\u0131r\u0131lmas\u0131&hellip;<\/p>\n","protected":false},"author":2,"featured_media":446763,"comment_status":"closed","ping_status":"closed","sticky":false,"template":"","format":"standard","meta":{"om_disable_all_campaigns":false,"_monsterinsights_skip_tracking":false,"_monsterinsights_sitenote_active":false,"_monsterinsights_sitenote_note":"","_monsterinsights_sitenote_category":0},"categories":[19],"tags":[],"aioseo_notices":[],"gutentor_comment":0,"rttpg_featured_image_url":{"full":["https:\/\/arantv.az\/wp-content\/uploads\/2022\/03\/649d45bf164621941454528937410089477.jpg",975,540,false],"landscape":["https:\/\/arantv.az\/wp-content\/uploads\/2022\/03\/649d45bf164621941454528937410089477.jpg",975,540,false],"portraits":["https:\/\/arantv.az\/wp-content\/uploads\/2022\/03\/649d45bf164621941454528937410089477.jpg",975,540,false],"thumbnail":["https:\/\/arantv.az\/wp-content\/uploads\/2022\/03\/649d45bf164621941454528937410089477-500x280.jpg",500,280,true],"medium":["https:\/\/arantv.az\/wp-content\/uploads\/2022\/03\/649d45bf164621941454528937410089477-660x365.jpg",660,365,true],"large":["https:\/\/arantv.az\/wp-content\/uploads\/2022\/03\/649d45bf164621941454528937410089477-840x465.jpg",640,354,true],"1536x1536":["https:\/\/arantv.az\/wp-content\/uploads\/2022\/03\/649d45bf164621941454528937410089477.jpg",975,540,false],"2048x2048":["https:\/\/arantv.az\/wp-content\/uploads\/2022\/03\/649d45bf164621941454528937410089477.jpg",975,540,false],"post-thumbnail":["https:\/\/arantv.az\/wp-content\/uploads\/2022\/03\/649d45bf164621941454528937410089477-240x172.jpg",240,172,true],"advps-thumb-one":["https:\/\/arantv.az\/wp-content\/uploads\/2022\/03\/649d45bf164621941454528937410089477.jpg",975,540,false]},"rttpg_author":{"display_name":"V\u00fcsal Rafiqo\u011flu","author_link":"https:\/\/arantv.az\/?author=2"},"rttpg_comment":0,"rttpg_category":"<a href=\"https:\/\/arantv.az\/?cat=19\" rel=\"category\">G\u00fcnd\u0259m<\/a>","rttpg_excerpt":"Az\u0259rbaycanda q\u0131z\u0131lg\u00fcl istehsal\u0131n\u0131 iki d\u0259f\u0259 art\u0131raraq 30 milyona \u00e7atd\u0131rmaq m\u00fcmk\u00fcnd\u00fcr v\u0259 bununla da \u0259sas ixrac bazar\u0131m\u0131z olan Rusiya bazar\u0131nda yaranan bo\u015flu\u011fu doldurmaq imkan\u0131 \u0259ld\u0259 ed\u0259 bil\u0259rik. Bunu\u00a0\u201c\u0130ki sahil\u201d\u0259\u00a0G\u00fcl \u0130stehsal\u00e7\u0131lar\u0131, \u0130dxal\u00e7\u0131lar\u0131 v\u0259 \u0130xracat\u00e7\u0131lar\u0131 Assosiasiyas\u0131n\u0131n s\u0259dri Cavid Axundov Niderland\u0131n Rusiyaya g\u00fcl t\u0259dar\u00fck\u00fcn\u00fc dayand\u0131r\u0131lmas\u0131n\u0131 \u015f\u0259rh ed\u0259rk\u0259n deyib. Onun s\u00f6zl\u0259rin\u0259 g\u00f6r\u0259, hal-haz\u0131rda Az\u0259rbaycanda q\u0131z\u0131lg\u00fcll\u0259rin illik istehsal\u0131\u00a015 milyon\u00a0\u0259d\u0259d t\u0259\u015fkil edir:&hellip;","_links":{"self":[{"href":"https:\/\/arantv.az\/index.php?rest_route=\/wp\/v2\/posts\/446762"}],"collection":[{"href":"https:\/\/arantv.az\/index.php?rest_route=\/wp\/v2\/posts"}],"about":[{"href":"https:\/\/arantv.az\/index.php?rest_route=\/wp\/v2\/types\/post"}],"author":[{"embeddable":true,"href":"https:\/\/arantv.az\/index.php?rest_route=\/wp\/v2\/users\/2"}],"replies":[{"embeddable":true,"href":"https:\/\/arantv.az\/index.php?rest_route=%2Fwp%2Fv2%2Fcomments&post=446762"}],"version-history":[{"count":0,"href":"https:\/\/arantv.az\/index.php?rest_route=\/wp\/v2\/posts\/446762\/revisions"}],"wp:featuredmedia":[{"embeddable":true,"href":"https:\/\/arantv.az\/index.php?rest_route=\/wp\/v2\/media\/446763"}],"wp:attachment":[{"href":"https:\/\/arantv.az\/index.php?rest_route=%2Fwp%2Fv2%2Fmedia&parent=446762"}],"wp:term":[{"taxonomy":"category","embeddable":true,"href":"https:\/\/arantv.az\/index.php?rest_route=%2Fwp%2Fv2%2Fcategories&post=446762"},{"taxonomy":"post_tag","embeddable":true,"href":"https:\/\/arantv.az\/index.php?rest_route=%2Fwp%2Fv2%2Ftags&post=446762"}],"curies":[{"name":"wp","href":"https:\/\/api.w.org\/{rel}","templated":true}]}}