{"id":446771,"date":"2022-03-02T19:25:34","date_gmt":"2022-03-02T16:25:34","guid":{"rendered":"http:\/\/arantv.az\/?p=446771"},"modified":"2022-03-02T19:25:34","modified_gmt":"2022-03-02T16:25:34","slug":"pakistanin-numay%c9%99nd%c9%99-hey%c9%99ti-az%c9%99rbaycan-h%c9%99rbi-d%c9%99niz-quvv%c9%99l%c9%99rind%c9%99-olub-foto","status":"publish","type":"post","link":"https:\/\/arantv.az\/?p=446771","title":{"rendered":"Pakistan\u0131n n\u00fcmay\u0259nd\u0259 hey\u0259ti Az\u0259rbaycan H\u0259rbi D\u0259niz Q\u00fcvv\u0259l\u0259rind\u0259 olub &#8211; FOTO"},"content":{"rendered":"<p>H\u0259rbi D\u0259niz Q\u00fcvv\u0259l\u0259rinin komandan\u0131 kontr-admiral S\u00fcbhan B\u0259kirov \u00f6lk\u0259mizd\u0259 r\u0259smi s\u0259f\u0259rd\u0259 olan Pakistan \u0130slam Respublikas\u0131n\u0131n H\u0259rbi D\u0259niz Q\u00fcvv\u0259l\u0259ri Akademiyas\u0131n\u0131n r\u0259isi kontr-admiral \u015eifaat Ali Xan\u0131n r\u0259hb\u0259rlik etdiyi n\u00fcmay\u0259nd\u0259 hey\u0259ti il\u0259 g\u00f6r\u00fc\u015f\u00fcb.<\/p>\n<p>Bu bar\u0259d\u0259 M\u00fcdafi\u0259 Nazirliyi m\u0259lumat yay\u0131b.<\/p>\n<div class=\"AdviadNativeVideo\"><\/div>\n<p>Bildirilib ki, \u0259vv\u0259lc\u0259 qonaqlar \u015e\u0259hidl\u0259r xiyaban\u0131n\u0131 ziyar\u0259t edib, Az\u0259rbaycan\u0131n m\u00fcst\u0259qilliyi, \u0259razi b\u00fct\u00f6vl\u00fcy\u00fc u\u011frunda \u015f\u0259hid olan soyda\u015flar\u0131m\u0131z\u0131n m\u0259zarlar\u0131 \u00fcz\u0259rin\u0259 g\u00fcl d\u0259st\u0259l\u0259ri qoyublar.<\/p>\n<p>H\u0259rbi D\u0259niz Q\u00fcvv\u0259l\u0259rinin komandan\u0131 kontr-admiral S.B\u0259kirov qonaqlar\u0131 salamlayaraq Az\u0259rbaycan il\u0259 Pakistan aras\u0131nda h\u0259rbi sah\u0259d\u0259 \u0259m\u0259kda\u015fl\u0131\u011f\u0131n dostluq v\u0259 qarda\u015fl\u0131q m\u00fcnasib\u0259tl\u0259ri \u00fcz\u0259rind\u0259 quruldu\u011funu, bu \u0259laq\u0259l\u0259rin daim inki\u015faf etdiyini x\u00fcsusi vur\u011fulay\u0131b.<\/p>\n<p>\u00d6lk\u0259miz\u0259 s\u0259f\u0259rd\u0259n m\u0259mnunlu\u011funu bildir\u0259n qonaq Az\u0259rbaycan-Pakistan m\u00fcnasib\u0259tl\u0259rinin m\u00f6hk\u0259ml\u0259nm\u0259sind\u0259 bu c\u00fcr g\u00f6r\u00fc\u015fl\u0259rin v\u0259 qar\u015f\u0131l\u0131ql\u0131 \u0259laq\u0259l\u0259rin geni\u015fl\u0259ndirilm\u0259sinin z\u0259ruriliyini qeyd edib.<\/p>\n<p>Pakistan n\u00fcmay\u0259nd\u0259 hey\u0259tin\u0259 HDQ-nin tarixi v\u0259 f\u0259aliyy\u0259ti haqq\u0131nda brifinq t\u0259qdim edilib.<\/p>\n<p>Sonra qonaqlar h\u0259rbi g\u0259mil\u0259r\u0259 bax\u0131\u015f ke\u00e7irib, onlar\u0131n taktiki-texniki x\u00fcsusiyy\u0259tl\u0259ri il\u0259 maraqlan\u0131b. H\u0259m\u00e7inin g\u0259mi hey\u0259tinin yerl\u0259\u015fm\u0259si, qidalanmas\u0131n\u0131n t\u0259\u015fkili v\u0259 h\u0259yati vacib dig\u0259r qur\u011fular bar\u0259d\u0259 \u0259trafl\u0131 m\u0259lumat verilib.<\/p>\n<p>G\u00f6r\u00fc\u015fd\u0259 h\u0259r iki \u00f6lk\u0259nin HDQ-i aras\u0131nda h\u0259rbi, h\u0259rbi t\u0259hsil v\u0259 dig\u0259r sah\u0259l\u0259rd\u0259 \u0259m\u0259kda\u015fl\u0131\u011f\u0131n inki\u015faf perspektivl\u0259rin\u0259 dair fikir m\u00fcbadil\u0259si apar\u0131l\u0131b, qar\u015f\u0131l\u0131ql\u0131 maraq do\u011furan m\u0259s\u0259l\u0259l\u0259r m\u00fczakir\u0259 olunub.<\/p>\n<p>Sonda xatir\u0259 \u015f\u0259kili \u00e7\u0259kdirilib.<\/p>\n<p>&nbsp;<\/p>\n<div class=\"gallery\">\n<div class=\"gallery-i\"><img src=\"https:\/\/cdn.oxu.az\/uploads\/W1siZiIsIjIwMjIvMDMvMDIvMTkvNTAvNDcvMmZmMjIyMzItYWJhNi00YTVhLTlkMmYtOGY4OWRhODgyOWNjL2ZkNzUyMzJmOTg3MWQ4ZjZmODk0MzVmM2QzMjY3MjdhLmpwZyJdLFsicCIsImVuY29kZSIsImpwZyIsIi1xdWFsaXR5IDgwIl0sWyJwIiwidGh1bWIiLCI1OTB4NTkwXHUwMDNlIl1d?sha=ac496578547bf72c\" alt=\"\" \/><\/p>\n<div class=\"gallery-i-caption\"><\/div>\n<\/div>\n<div class=\"gallery-i\"><img src=\"https:\/\/cdn.oxu.az\/uploads\/W1siZiIsIjIwMjIvMDMvMDIvMTkvNTAvNDcvY2QwZDQ0OWMtYjU4YS00N2I3LTkyMGUtNTAxYTUwMTNmZjQ0LzRlMDNjMmY1OTYwYzM2N2Q5ZjA0Mzc5NWYxN2IzN2EwLmpwZyJdLFsicCIsImVuY29kZSIsImpwZyIsIi1xdWFsaXR5IDgwIl0sWyJwIiwidGh1bWIiLCI1OTB4NTkwXHUwMDNlIl1d?sha=f9204d487d157871\" alt=\"\" \/><\/p>\n<div class=\"gallery-i-caption\"><\/div>\n<\/div>\n<div class=\"gallery-i\"><img src=\"https:\/\/cdn.oxu.az\/uploads\/W1siZiIsIjIwMjIvMDMvMDIvMTkvNTAvNDcvOWQyYTMyZmItZTU3ZC00NDBmLThiMWEtMjc1YzE4Mzc2NzQ5L2Q2MWRiMmQ0YjMzNzg4OWE2ZTQ1NzMzN2E5MTE0NmYyLmpwZyJdLFsicCIsImVuY29kZSIsImpwZyIsIi1xdWFsaXR5IDgwIl0sWyJwIiwidGh1bWIiLCI1OTB4NTkwXHUwMDNlIl1d?sha=50eb47d989a5c962\" alt=\"\" \/><\/p>\n<div class=\"gallery-i-caption\"><\/div>\n<\/div>\n<div class=\"gallery-i\"><img src=\"https:\/\/cdn.oxu.az\/uploads\/W1siZiIsIjIwMjIvMDMvMDIvMTkvNTAvNDcvNDJjMTVhMzUtY2JkOC00ZjE1LWE3Y2EtNTk2ZDZlYTkwZGNhLzEzNjNjMDZkYzA3Yzk5MGJjMWRkMzYxZGYwNjI3ZTk3LmpwZyJdLFsicCIsImVuY29kZSIsImpwZyIsIi1xdWFsaXR5IDgwIl0sWyJwIiwidGh1bWIiLCI1OTB4NTkwXHUwMDNlIl1d?sha=b451cfd5d63e90c1\" alt=\"\" \/><\/div>\n<\/div>\n","protected":false},"excerpt":{"rendered":"<p>H\u0259rbi D\u0259niz Q\u00fcvv\u0259l\u0259rinin komandan\u0131 kontr-admiral S\u00fcbhan B\u0259kirov \u00f6lk\u0259mizd\u0259 r\u0259smi s\u0259f\u0259rd\u0259 olan Pakistan \u0130slam Respublikas\u0131n\u0131n H\u0259rbi D\u0259niz Q\u00fcvv\u0259l\u0259ri Akademiyas\u0131n\u0131n r\u0259isi kontr-admiral \u015eifaat Ali Xan\u0131n r\u0259hb\u0259rlik etdiyi n\u00fcmay\u0259nd\u0259 hey\u0259ti il\u0259 g\u00f6r\u00fc\u015f\u00fcb. Bu bar\u0259d\u0259 M\u00fcdafi\u0259 Nazirliyi m\u0259lumat yay\u0131b. Bildirilib ki, \u0259vv\u0259lc\u0259 qonaqlar \u015e\u0259hidl\u0259r xiyaban\u0131n\u0131 ziyar\u0259t edib, Az\u0259rbaycan\u0131n m\u00fcst\u0259qilliyi, \u0259razi b\u00fct\u00f6vl\u00fcy\u00fc u\u011frunda \u015f\u0259hid olan soyda\u015flar\u0131m\u0131z\u0131n m\u0259zarlar\u0131 \u00fcz\u0259rin\u0259 g\u00fcl d\u0259st\u0259l\u0259ri qoyublar. H\u0259rbi D\u0259niz Q\u00fcvv\u0259l\u0259rinin komandan\u0131 kontr-admiral S.B\u0259kirov qonaqlar\u0131 salamlayaraq Az\u0259rbaycan il\u0259 Pakistan aras\u0131nda h\u0259rbi sah\u0259d\u0259 \u0259m\u0259kda\u015fl\u0131\u011f\u0131n dostluq v\u0259 qarda\u015fl\u0131q m\u00fcnasib\u0259tl\u0259ri \u00fcz\u0259rind\u0259 quruldu\u011funu, bu \u0259laq\u0259l\u0259rin daim inki\u015faf etdiyini x\u00fcsusi vur\u011fulay\u0131b. \u00d6lk\u0259miz\u0259 s\u0259f\u0259rd\u0259n m\u0259mnunlu\u011funu bildir\u0259n qonaq Az\u0259rbaycan-Pakistan&hellip;<\/p>\n","protected":false},"author":2,"featured_media":446772,"comment_status":"closed","ping_status":"closed","sticky":false,"template":"","format":"standard","meta":{"om_disable_all_campaigns":false,"_monsterinsights_skip_tracking":false,"_monsterinsights_sitenote_active":false,"_monsterinsights_sitenote_note":"","_monsterinsights_sitenote_category":0},"categories":[10],"tags":[],"aioseo_notices":[],"gutentor_comment":0,"rttpg_featured_image_url":{"full":["https:\/\/arantv.az\/wp-content\/uploads\/2022\/03\/FotoJet-72.jpg",620,413,false],"landscape":["https:\/\/arantv.az\/wp-content\/uploads\/2022\/03\/FotoJet-72.jpg",620,413,false],"portraits":["https:\/\/arantv.az\/wp-content\/uploads\/2022\/03\/FotoJet-72.jpg",620,413,false],"thumbnail":["https:\/\/arantv.az\/wp-content\/uploads\/2022\/03\/FotoJet-72-500x280.jpg",500,280,true],"medium":["https:\/\/arantv.az\/wp-content\/uploads\/2022\/03\/FotoJet-72-548x365.jpg",548,365,true],"large":["https:\/\/arantv.az\/wp-content\/uploads\/2022\/03\/FotoJet-72.jpg",620,413,false],"1536x1536":["https:\/\/arantv.az\/wp-content\/uploads\/2022\/03\/FotoJet-72.jpg",620,413,false],"2048x2048":["https:\/\/arantv.az\/wp-content\/uploads\/2022\/03\/FotoJet-72.jpg",620,413,false],"post-thumbnail":["https:\/\/arantv.az\/wp-content\/uploads\/2022\/03\/FotoJet-72-240x172.jpg",240,172,true],"advps-thumb-one":["https:\/\/arantv.az\/wp-content\/uploads\/2022\/03\/FotoJet-72.jpg",620,413,false]},"rttpg_author":{"display_name":"V\u00fcsal Rafiqo\u011flu","author_link":"https:\/\/arantv.az\/?author=2"},"rttpg_comment":0,"rttpg_category":"<a href=\"https:\/\/arantv.az\/?cat=10\" rel=\"category\">C\u0259bh\u0259d\u0259n X\u0259b\u0259r<\/a>","rttpg_excerpt":"H\u0259rbi D\u0259niz Q\u00fcvv\u0259l\u0259rinin komandan\u0131 kontr-admiral S\u00fcbhan B\u0259kirov \u00f6lk\u0259mizd\u0259 r\u0259smi s\u0259f\u0259rd\u0259 olan Pakistan \u0130slam Respublikas\u0131n\u0131n H\u0259rbi D\u0259niz Q\u00fcvv\u0259l\u0259ri Akademiyas\u0131n\u0131n r\u0259isi kontr-admiral \u015eifaat Ali Xan\u0131n r\u0259hb\u0259rlik etdiyi n\u00fcmay\u0259nd\u0259 hey\u0259ti il\u0259 g\u00f6r\u00fc\u015f\u00fcb. Bu bar\u0259d\u0259 M\u00fcdafi\u0259 Nazirliyi m\u0259lumat yay\u0131b. Bildirilib ki, \u0259vv\u0259lc\u0259 qonaqlar \u015e\u0259hidl\u0259r xiyaban\u0131n\u0131 ziyar\u0259t edib, Az\u0259rbaycan\u0131n m\u00fcst\u0259qilliyi, \u0259razi b\u00fct\u00f6vl\u00fcy\u00fc u\u011frunda \u015f\u0259hid olan soyda\u015flar\u0131m\u0131z\u0131n m\u0259zarlar\u0131 \u00fcz\u0259rin\u0259 g\u00fcl d\u0259st\u0259l\u0259ri&hellip;","_links":{"self":[{"href":"https:\/\/arantv.az\/index.php?rest_route=\/wp\/v2\/posts\/446771"}],"collection":[{"href":"https:\/\/arantv.az\/index.php?rest_route=\/wp\/v2\/posts"}],"about":[{"href":"https:\/\/arantv.az\/index.php?rest_route=\/wp\/v2\/types\/post"}],"author":[{"embeddable":true,"href":"https:\/\/arantv.az\/index.php?rest_route=\/wp\/v2\/users\/2"}],"replies":[{"embeddable":true,"href":"https:\/\/arantv.az\/index.php?rest_route=%2Fwp%2Fv2%2Fcomments&post=446771"}],"version-history":[{"count":0,"href":"https:\/\/arantv.az\/index.php?rest_route=\/wp\/v2\/posts\/446771\/revisions"}],"wp:featuredmedia":[{"embeddable":true,"href":"https:\/\/arantv.az\/index.php?rest_route=\/wp\/v2\/media\/446772"}],"wp:attachment":[{"href":"https:\/\/arantv.az\/index.php?rest_route=%2Fwp%2Fv2%2Fmedia&parent=446771"}],"wp:term":[{"taxonomy":"category","embeddable":true,"href":"https:\/\/arantv.az\/index.php?rest_route=%2Fwp%2Fv2%2Fcategories&post=446771"},{"taxonomy":"post_tag","embeddable":true,"href":"https:\/\/arantv.az\/index.php?rest_route=%2Fwp%2Fv2%2Ftags&post=446771"}],"curies":[{"name":"wp","href":"https:\/\/api.w.org\/{rel}","templated":true}]}}