{"id":446882,"date":"2022-03-03T07:04:48","date_gmt":"2022-03-03T04:04:48","guid":{"rendered":"http:\/\/arantv.az\/?p=446882"},"modified":"2022-03-03T07:04:48","modified_gmt":"2022-03-03T04:04:48","slug":"olk%c9%99mizin-qlobal-nufuzunun-novb%c9%99ti-gost%c9%99ricisi","status":"publish","type":"post","link":"https:\/\/arantv.az\/?p=446882","title":{"rendered":"\u00d6lk\u0259mizin qlobal n\u00fcfuzunun n\u00f6vb\u0259ti g\u00f6st\u0259ricisi"},"content":{"rendered":"<p><em><strong>Az\u0259rbaycan n\u0259inki milli s\u0259viyy\u0259d\u0259 COVID-19-la m\u00fcbariz\u0259d\u0259 s\u0259m\u0259r\u0259li t\u0259dbirl\u0259r g\u00f6r\u00fcr, eyni zamanda, regional v\u0259 qlobal miqyasda da koronavirusa qar\u015f\u0131 h\u0259mr\u0259yliyin v\u0259 \u0259m\u0259kda\u015fl\u0131\u011f\u0131n g\u00fccl\u0259ndirilm\u0259sin\u0259 \u00f6z\u00fcn\u00fcn m\u00fch\u00fcm t\u00f6hf\u0259sini verir<\/strong><\/em><\/p>\n<p>Bu g\u00fcn b\u00fct\u00fcn d\u00fcnyan\u0131 b\u00fcr\u00fcm\u00fc\u015f bir \u00e7ox iqtisadi v\u0259 siyasi sars\u0131nt\u0131lar\u0131n fonunda COVID-19 pandemiyas\u0131 h\u0259l\u0259 d\u0259 \u0259n t\u0259hl\u00fck\u0259li qlobal t\u0259hdidl\u0259rd\u0259n biri kimi \u00f6z aktuall\u0131\u011f\u0131n\u0131 saxlay\u0131r. Ona g\u00f6r\u0259 d\u0259 pandemiya \u015f\u0259raitind\u0259 qlobal t\u0259\u015f\u0259bb\u00fcsl\u0259rin ir\u0259li s\u00fcr\u00fclm\u0259si, s\u0259yl\u0259rin birl\u0259\u015fdirilm\u0259si ehtiyac\u0131 meydana \u00e7\u0131x\u0131r. Az\u0259rbaycan d\u00f6vl\u0259ti t\u0259r\u0259find\u0259n pandemiya il\u0259 m\u00fcbariz\u0259 \u00e7\u0259r\u00e7iv\u0259sind\u0259 h\u0259yata ke\u00e7iril\u0259n ard\u0131c\u0131l v\u0259 m\u0259qs\u0259dy\u00f6nl\u00fc t\u0259dbirl\u0259r \u00f6lk\u0259d\u0259 v\u0259ziyy\u0259ti n\u0259zar\u0259t alt\u0131nda saxlama\u011fa imkan verir. Eyni zamanda, Prezident \u0130lham \u018fliyev t\u0259r\u0259find\u0259n qlobal \u0259h\u0259miyy\u0259t\u0259 malik t\u0259\u015f\u0259bb\u00fcsl\u0259r ir\u0259li s\u00fcr\u00fcl\u00fcr, regional v\u0259 beyn\u0259lxalq s\u0259viyy\u0259d\u0259 resurslar\u0131n s\u0259f\u0259rb\u0259r olunmas\u0131 z\u0259rur\u0259ti d\u00fcnya ictimaiyy\u0259tinin diqq\u0259tin\u0259 \u00e7atd\u0131r\u0131l\u0131r.<\/p>\n<p>M\u0259hz\u00a0 bu bax\u0131mdan BMT Ba\u015f Assambleyas\u0131n\u0131n s\u0259drinin \u201cUniversal peyv\u0259ndl\u0259nm\u0259 \u00fc\u00e7\u00fcn s\u0259yl\u0259rin art\u0131r\u0131lmas\u0131\u201d m\u00f6vzusunda t\u0259\u015fkil etdiyi y\u00fcks\u0259ks\u0259viyy\u0259li tematik m\u00fczakir\u0259l\u0259r \u0259sas\u0131nda t\u0259\u015fkil olunmu\u015f t\u0259dbir d\u0259 x\u00fcsusi diqq\u0259t \u00e7\u0259kir. T\u0259dbird\u0259 Prezident \u0130lham \u018fliyevin milli qisimd\u0259 v\u0259 Qo\u015fulmama H\u0259r\u0259kat\u0131na \u00fczv d\u00f6vl\u0259tl\u0259r ad\u0131n\u00addan t\u0259qdim olunan videoformatda \u00e7\u0131x\u0131\u015f\u0131 COVID-19 il\u0259 qlobal m\u00fcbariz\u0259, onun n\u0259zar\u0259td\u0259 saxlan\u0131lmas\u0131, virusun yay\u0131lmas\u0131n\u0131n qar\u015f\u0131s\u0131n\u0131n al\u0131nmas\u0131, eyni zamanda, kas\u0131b \u00f6lk\u0259l\u0259r\u0259 d\u0259st\u0259yin verilm\u0259si \u00fczr\u0259 s\u0259yl\u0259rin \u0259laq\u0259l\u0259ndirilm\u0259sind\u0259 BMT sisteminin fundamen\u00adtal rola malik olmas\u0131 bax\u0131m\u0131ndan m\u00fch\u00fcm \u00f6n\u0259m da\u015f\u0131y\u0131r. Eyni zamanda da BMT-d\u0259n sonra d\u00fcnyan\u0131n ikinci \u0259n b\u00f6y\u00fck t\u0259\u015fkilat\u0131 olan Qo\u015fulmama H\u0259r\u0259kat\u0131n\u0131n v\u0259 bu qurumun s\u0259dri kimi Az\u0259rbaycan Prezidenti c\u0259nab \u0130lham \u018fliyevin \u015f\u0259xs\u0259n bu m\u0259s\u0259l\u0259l\u0259rl\u0259 ba\u011fl\u0131 ir\u0259li s\u00fcrd\u00fcy\u00fc \u00e7oxsayl\u0131 t\u0259\u015f\u0259bb\u00fcsl\u0259r pandemiya il\u0259 m\u00fcbariz\u0259nin qlobal s\u0259viyy\u0259d\u0259 effektiv t\u0259\u015fkili bax\u0131m\u0131ndan b\u00f6y\u00fck \u0259h\u0259miyy\u0259t k\u0259sb edir.<\/p>\n<p>Qo\u015fulmama H\u0259r\u0259kat\u0131 pandemiyan\u0131n yay\u0131lma\u011fa ba\u015flad\u0131\u011f\u0131 vaxtdan onunla m\u00fcbariz\u0259nin apar\u0131lmas\u0131 kontekstind\u0259, el\u0259c\u0259 d\u0259 multilateralizm, \u0259m\u0259kda\u015fl\u0131q v\u0259 h\u0259mr\u0259ylik ruhunda bir s\u0131ra t\u0259\u015f\u0259bb\u00fcsl\u0259r\u0259 yol a\u00e7\u0131b. Bu y\u00f6nd\u0259 2020-ci ilin dekabr\u0131nda BMT Ba\u015f Assambleyas\u0131n\u0131n COVID-19 pandemiyas\u0131 il\u0259 m\u00fcbariz\u0259y\u0259 h\u0259sr edilmi\u015f X\u00fcsusi Sessiyas\u0131n\u0131n ke\u00e7irilm\u0259si, habel\u0259 \u00f6t\u0259n ilin mart v\u0259 dekabr aylar\u0131nda \u0130nsan H\u00fcquqlar\u0131 \u015euras\u0131 v\u0259 Ba\u015f Assambleya t\u0259r\u0259find\u0259n q\u0259bul edilmi\u015f \u201cCOVID-19 pandemiyas\u0131 il\u0259 m\u00fcbariz\u0259d\u0259 b\u00fct\u00fcn \u00f6lk\u0259l\u0259r \u00fc\u00e7\u00fcn peyv\u0259ndl\u0259r\u0259 b\u0259rab\u0259r, m\u0259qbul qiym\u0259t\u0259, vaxt\u0131nda v\u0259 universal \u0259l\u00e7atanl\u0131\u011f\u0131n t\u0259min edilm\u0259si\u201dn\u0259 dair q\u0259tnam\u0259l\u0259r d\u0259 m\u0259hz Prezident \u0130lham \u018fliyev t\u0259r\u0259find\u0259n Qo\u015fulmama H\u0259r\u0259kat\u0131na \u00fczv d\u00f6vl\u0259tl\u0259r ad\u0131ndan ir\u0259li s\u00fcr\u00fclm\u00fc\u015fd\u00fcr. Bir m\u0259qam\u0131 da qeyd etm\u0259k laz\u0131md\u0131r ki, Az\u0259rbaycan\u0131n t\u0259\u015f\u0259bb\u00fcs\u00fc il\u0259 COVID-19-un m\u00fcalic\u0259si il\u0259 ba\u011fl\u0131 m\u0259lumat bazas\u0131 yarad\u0131l\u0131b v\u0259 \u00dcmumd\u00fcnya S\u0259hiyy\u0259 T\u0259\u015fkilat\u0131 (\u00dcST) Qo\u015fulmama H\u0259r\u0259kat\u0131na \u00fczv \u00f6lk\u0259l\u0259rd\u0259 h\u0259min m\u0259lumat bazas\u0131ndan istifad\u0259 edir. Bu is\u0259 \u00f6z n\u00f6vb\u0259sind\u0259 \u00dcST-\u0259 \u00f6z d\u0259st\u0259yini d\u00fczg\u00fcn planla\u015fd\u0131rma\u011fa v\u0259 proqnozla\u015fd\u0131rma\u011fa k\u00f6m\u0259k edir.<\/p>\n<p>Az\u0259rbaycan qlobal s\u0259viyy\u0259d\u0259 \u201cpeyv\u0259nd mill\u0259t\u00e7iliyi\u201d v\u0259 vaksinl\u0259rin \u0259dal\u0259tsiz b\u00f6lg\u00fcs\u00fc haqq\u0131nda dan\u0131\u015fan \u00f6lk\u0259l\u0259rd\u0259n biri, b\u0259lk\u0259 d\u0259 birincisidir. Prezident \u0130lham \u018fliyev daim vaksinl\u0259rin \u0259dal\u0259tsiz b\u00f6lg\u00fcs\u00fcn\u0259 qar\u015f\u0131 qlobal s\u0259viyy\u0259d\u0259 \u00e7\u0131x\u0131\u015f edib. H\u0259m\u00e7inin BMT-nin \u0130nsan H\u00fcquqlar\u0131 \u015euras\u0131nda peyv\u0259ndl\u0259r\u0259 b\u0259rab\u0259r v\u0259 universal \u00e7\u0131x\u0131\u015f v\u0259 peyv\u0259ndl\u0259rin \u0259dal\u0259tli b\u00f6lg\u00fcs\u00fcn\u0259 dair t\u0259\u015f\u0259bb\u00fcs d\u0259 m\u0259hz d\u00f6vl\u0259timizin ba\u015f\u00e7\u0131s\u0131na m\u0259xsusdur. Fevral\u0131n 25-d\u0259 BMT Ba\u015f Assambleyas\u0131n\u0131n tematik m\u00fczakir\u0259l\u0259rind\u0259ki \u00e7\u0131x\u0131\u015f\u0131nda da Prezident \u0130lham \u018fliyev bildirdi ki, COVID-19 pandemiyas\u0131 kimi qlobal f\u00f6vq\u0259lad\u0259 v\u0259ziyy\u0259t qlobal yana\u015fma t\u0259l\u0259b edir. D\u00f6vl\u0259timizin ba\u015f\u00e7\u0131s\u0131 bu d\u0259f\u0259 d\u0259 konkret t\u0259klifl\u0259r ir\u0259li s\u00fcr\u0259r\u0259k bildirdi ki, COVID-19 pandemiyas\u0131 il\u0259 effektiv m\u00fcbariz\u0259ni t\u0259min ed\u0259 bilm\u0259k \u00fc\u00e7\u00fcn b\u00fct\u00fcn \u00f6lk\u0259l\u0259rin, beyn\u0259lxalq t\u0259\u015fkilatlar\u0131n v\u0259 aidiyy\u0259ti t\u0259r\u0259fda\u015flar\u0131n milli v\u0259 regional h\u00fcquqi \u00e7\u0259r\u00e7iv\u0259y\u0259 uy\u011fun olaraq peyv\u0259nd istehsal\u0131, paylan\u0131lmas\u0131 v\u0259 \u0259dal\u0259tli qiym\u0259t qoyulmas\u0131 m\u0259s\u0259l\u0259l\u0259rind\u0259 \u015f\u0259ffafl\u0131qla ba\u011fl\u0131 \u00f6hd\u0259lik g\u00f6t\u00fcrm\u0259l\u0259ri vacibdir.<\/p>\n<p>Az\u0259rbaycan Prezidenti, Qo\u015fulmama H\u0259r\u0259kat\u0131n\u0131n s\u0259dri \u0130lham \u018fliyev s\u0259hiyy\u0259 sisteminin davaml\u0131 f\u0259aliyy\u0259tinin t\u0259min edilm\u0259sini v\u0259 pandemiya il\u0259 m\u00fcbariz\u0259d\u0259 s\u0259m\u0259r\u0259li add\u0131mlar\u0131n at\u0131lmas\u0131 \u00fc\u00e7\u00fcn \u0259sas s\u0259hiyy\u0259 xidm\u0259tl\u0259rinin b\u00fct\u00fcn m\u00fcvafiq aspektl\u0259rinin g\u00fccl\u0259ndirilm\u0259sini vacib hesab edib. Bildirib ki, buraya m\u00fcxt\u0259lif add\u0131mlarla yana\u015f\u0131, s\u0259hiyy\u0259nin universal \u0259l\u00e7atanl\u0131\u011f\u0131 \u00fc\u00e7\u00fcn fasil\u0259siz peyv\u0259ndl\u0259nm\u0259 proqramlar\u0131n\u0131n davam etdirilm\u0259si d\u0259 \u0259lav\u0259 olunmal\u0131d\u0131r: \u201cBiz, h\u0259m\u00e7inin COVID-19 peyv\u0259ndl\u0259rini ian\u0259 ed\u0259n \u00f6lk\u0259l\u0259rin s\u0259yl\u0259rini alq\u0131\u015flay\u0131r\u0131q v\u0259 b\u00fct\u00fcn d\u00f6vl\u0259tl\u0259r\u0259 buna ehtiyac\u0131 olan az v\u0259 ortag\u0259lirli \u00f6lk\u0259l\u0259rl\u0259 peyv\u0259nd dozalar\u0131n\u0131 b\u00f6l\u00fc\u015fm\u0259yi f\u0259al \u015f\u0259kild\u0259 t\u0259\u015fviq edirik. Bu kontekstd\u0259 biz b\u00fct\u00fcn \u00f6lk\u0259l\u0259r \u00fc\u00e7\u00fcn COVID-19 peyv\u0259ndl\u0259rinin m\u0259qbul qiym\u0259t\u0259, b\u0259rab\u0259r, universal v\u0259 vaxt\u0131nda \u0259l\u00e7atanl\u0131\u011f\u0131n t\u0259min olunmas\u0131na xidm\u0259t ed\u0259n COVAX Mexanizmi, COVAX \u00d6nc\u0259d\u0259n Bazar \u00d6hd\u0259liyi, COVAX \u00d6nc\u0259d\u0259n Bazar \u00d6hd\u0259liyi Forumu v\u0259 dig\u0259r aidiyy\u0259ti konstruktiv t\u0259\u015f\u0259bb\u00fcsl\u0259ri y\u00fcks\u0259k qiym\u0259tl\u0259ndirir v\u0259 d\u0259st\u0259kl\u0259yirik. Bundan \u0259lav\u0259, BMT s\u00fclhm\u0259raml\u0131lar\u0131n\u0131n m\u00fcr\u0259kk\u0259b v\u0259ziyy\u0259tl\u0259 \u00fczl\u0259\u015fdiyini n\u0259z\u0259r\u0259 alaraq, BMT-nin s\u00fclhm\u0259raml\u0131 \u0259m\u0259liyyatlar\u0131na COVID-19 \u0259leyhin\u0259 peyv\u0259nd ian\u0259 ed\u0259n \u00f6lk\u0259l\u0259rin s\u0259yl\u0259rini alq\u0131\u015flay\u0131r\u0131q\u201d.<\/p>\n<p>C\u0259nab \u0130lham \u018fliyev Az\u0259rbaycan\u0131n COVID-19 pandemiyas\u0131n\u0131n n\u0259zar\u0259td\u0259 saxlan\u0131lmas\u0131 \u00fc\u00e7\u00fcn t\u0259sirli v\u0259 adekvat t\u0259dbirl\u0259rin h\u0259yata ke\u00e7irilm\u0259sini davam etdirdiyini diqq\u0259t\u0259 \u00e7atd\u0131r\u0131b. Respublikam\u0131zda peyv\u0259ndl\u0259nm\u0259 kampaniyas\u0131na \u00f6t\u0259n ilin yanvar\u0131nda ba\u015flan\u0131ld\u0131\u011f\u0131n\u0131, art\u0131q yetkin \u0259halinin 68 faizin\u0259 peyv\u0259ndin h\u0259r iki dozas\u0131n\u0131n vuruldu\u011funu a\u00e7\u0131qlayan d\u00f6vl\u0259timizin ba\u015f\u00e7\u0131s\u0131 deyib ki, COVID-d\u0259n \u0259ziyy\u0259t \u00e7\u0259kmi\u015f \u0259hali v\u0259 sahibkarl\u0131q subyektl\u0259rinin d\u0259st\u0259kl\u0259nm\u0259si \u00fc\u00e7\u00fcn bu ilin d\u00f6vl\u0259t b\u00fcdc\u0259sind\u0259n 1.6 milyard AB\u015e dollar\u0131 m\u0259bl\u0259\u011find\u0259 maliyy\u0259 yard\u0131m\u0131 ayr\u0131l\u0131b.<\/p>\n<p>Prezident \u0130lham \u018fliyev Az\u0259rbaycan\u0131n pandemiya, \u201cpeyv\u0259nd mill\u0259t\u00e7iliyi\u201d v\u0259 peyv\u0259ndl\u0259rd\u0259n istifad\u0259 il\u0259 ba\u011fl\u0131 inki\u015faf etmi\u015f v\u0259 inki\u015faf etm\u0259kd\u0259 olan \u00f6lk\u0259l\u0259r aras\u0131nda qeyri-b\u0259rab\u0259rliy\u0259 qar\u015f\u0131 beyn\u0259lxalq h\u0259mr\u0259yliyin g\u00fccl\u0259ndirilm\u0259si istiqam\u0259tind\u0259 vacib qlobal t\u0259\u015f\u0259bb\u00fcsl\u0259rl\u0259 \u00e7\u0131x\u0131\u015f etdiyini d\u0259 bildirib: \u201cH\u0259mr\u0259ylik \u0259lam\u0259ti olaraq, koronavirusla m\u00fcbariz\u0259ni d\u0259st\u0259kl\u0259m\u0259k m\u0259qs\u0259dil\u0259 Az\u0259rbaycan birba\u015fa v\u0259 ya \u00dcmumd\u00fcnya S\u0259hiyy\u0259 T\u0259\u015fkilat\u0131 vasit\u0259sil\u0259 80-\u0259 q\u0259d\u0259r \u00f6lk\u0259y\u0259 maliyy\u0259 v\u0259 humanitar yard\u0131m\u0131 etmi\u015fdir. Bununla yana\u015f\u0131, biz 5 \u00f6lk\u0259y\u0259 peyv\u0259nd ian\u0259si etmi\u015fik v\u0259 bu i\u015f davam etdiril\u0259c\u0259k. Haz\u0131rda biz Qo\u015fulmama H\u0259r\u0259kat\u0131na \u00fczv olan 14 \u00f6lk\u0259y\u0259 t\u0259qrib\u0259n bir milyon doza peyv\u0259ndin ian\u0259 edilm\u0259si prosesind\u0259yik\u201d.<\/p>\n<p>G\u00f6r\u00fcnd\u00fcy\u00fc kimi, bu g\u00fcn d\u0259 Az\u0259rbaycan COVID-19 pandemiyas\u0131n\u0131n n\u0259zar\u0259td\u0259 saxlan\u0131lmas\u0131 \u00fc\u00e7\u00fcn t\u0259sirli v\u0259 adekvat t\u0259dbirl\u0259rin h\u0259yata ke\u00e7irilm\u0259sini davam etdirir. COVID-19 pandemiyas\u0131na qar\u015f\u0131 m\u00fcbariz\u0259d\u0259 Az\u0259rbaycan\u00a0 t\u0259cr\u00fcb\u0259si\u00a0 d\u00fcnyada \u00f6rn\u0259k t\u0259\u015fkil edir. Bu, bir daha s\u00fcbut edir ki, Prezident \u0130lham \u018fliyevin pandemiyaya qar\u015f\u0131 m\u00fc\u0259yy\u0259nl\u0259\u015fdirdiyi siyas\u0259t t\u0259kc\u0259 r\u0259hb\u0259ri oldu\u011fu xalq\u0131n deyil, h\u0259m d\u0259 b\u00fct\u00fcn b\u0259\u015f\u0259riyy\u0259tin xilas\u0131na y\u00f6n\u0259lmi\u015fdir. Az\u0259rbaycan koronavirusa qar\u015f\u0131 \u00fcmumb\u0259\u015f\u0259ri m\u00fcbariz\u0259y\u0259 ciddi maddi v\u0259 m\u0259n\u0259vi d\u0259st\u0259k verm\u0259kl\u0259, b\u00fct\u00f6vl\u00fckd\u0259, bu proses\u0259 qo\u015fulmaqla ortaya \u00e7ox ciddi n\u0259tic\u0259l\u0259r qoymu\u015fdur. \u018flam\u0259tdar hald\u0131r ki, Az\u0259rbaycan\u0131n qlobal pandemiya \u015f\u0259raitind\u0259 beyn\u0259lxalq h\u0259mr\u0259yliyin g\u00fccl\u0259ndirilm\u0259sini h\u0259d\u0259fl\u0259y\u0259n t\u0259\u015f\u0259bb\u00fcsl\u0259ri b\u00fct\u00fcn d\u00fcnyada b\u00f6y\u00fck r\u0259\u011fb\u0259tl\u0259 qar\u015f\u0131lan\u0131b. M\u0259suliyy\u0259tli d\u00f6vl\u0259t olan Az\u0259rbaycan COVID-19-a qar\u015f\u0131 milli s\u0259viyy\u0259d\u0259 ciddi m\u00fcbariz\u0259 apard\u0131\u011f\u0131 kimi, qlobal h\u0259mr\u0259yliyin g\u00fccl\u0259nm\u0259sin\u0259 d\u0259 \u00f6z t\u00f6hf\u0259l\u0259rini verm\u0259kd\u0259dir. Az\u0259rbaycan\u0131n t\u0259\u015f\u0259bb\u00fcs\u00fc il\u0259 bir ne\u00e7\u0259 d\u0259f\u0259 videokonfrans format\u0131nda beyn\u0259lxalq t\u0259dbirl\u0259rin ke\u00e7irilm\u0259si g\u00f6st\u0259rdi ki, \u00f6lk\u0259miz dig\u0259r d\u00f6vl\u0259tl\u0259rl\u0259 dostluq v\u0259 \u0259m\u0259kda\u015fl\u0131\u011fa \u00f6n\u0259m verir. T\u0259bii ki, b\u00fct\u00fcn bunlar \u00f6lk\u0259nin diplomatik u\u011furlar\u0131 v\u0259 qlobal d\u00fcnyadak\u0131 \u00e7\u0259kisinin, el\u0259c\u0259 d\u0259 n\u00fcfuzunun g\u00f6st\u0259ricisidir.<\/p>\n<p>\u00dcmid edirik ki, d\u00f6vl\u0259timizin koronavirusla m\u00fcbariz\u0259 \u00e7\u0259r\u00e7iv\u0259sind\u0259 h\u0259yata ke\u00e7irdiyi effektiv siyas\u0259t\u00a0 v\u0259 v\u0259t\u0259nda\u015flar\u0131m\u0131z\u0131n m\u0259suliyy\u0259tli davran\u0131\u015f\u0131 n\u0259tic\u0259sind\u0259 \u00a0tezlikl\u0259 koronavirus b\u0259las\u0131ndan qurtulaca\u011f\u0131q.<\/p>\n","protected":false},"excerpt":{"rendered":"<p>Az\u0259rbaycan n\u0259inki milli s\u0259viyy\u0259d\u0259 COVID-19-la m\u00fcbariz\u0259d\u0259 s\u0259m\u0259r\u0259li t\u0259dbirl\u0259r g\u00f6r\u00fcr, eyni zamanda, regional v\u0259 qlobal miqyasda da koronavirusa qar\u015f\u0131 h\u0259mr\u0259yliyin v\u0259 \u0259m\u0259kda\u015fl\u0131\u011f\u0131n g\u00fccl\u0259ndirilm\u0259sin\u0259 \u00f6z\u00fcn\u00fcn m\u00fch\u00fcm t\u00f6hf\u0259sini verir Bu g\u00fcn b\u00fct\u00fcn d\u00fcnyan\u0131 b\u00fcr\u00fcm\u00fc\u015f bir \u00e7ox iqtisadi v\u0259 siyasi sars\u0131nt\u0131lar\u0131n fonunda COVID-19 pandemiyas\u0131 h\u0259l\u0259 d\u0259 \u0259n t\u0259hl\u00fck\u0259li qlobal t\u0259hdidl\u0259rd\u0259n biri kimi \u00f6z aktuall\u0131\u011f\u0131n\u0131 saxlay\u0131r. Ona g\u00f6r\u0259 d\u0259 pandemiya \u015f\u0259raitind\u0259 qlobal t\u0259\u015f\u0259bb\u00fcsl\u0259rin ir\u0259li s\u00fcr\u00fclm\u0259si, s\u0259yl\u0259rin birl\u0259\u015fdirilm\u0259si ehtiyac\u0131 meydana \u00e7\u0131x\u0131r. Az\u0259rbaycan d\u00f6vl\u0259ti t\u0259r\u0259find\u0259n pandemiya il\u0259 m\u00fcbariz\u0259 \u00e7\u0259r\u00e7iv\u0259sind\u0259 h\u0259yata ke\u00e7iril\u0259n ard\u0131c\u0131l v\u0259 m\u0259qs\u0259dy\u00f6nl\u00fc t\u0259dbirl\u0259r \u00f6lk\u0259d\u0259 v\u0259ziyy\u0259ti n\u0259zar\u0259t alt\u0131nda saxlama\u011fa imkan verir. Eyni zamanda, Prezident \u0130lham \u018fliyev&hellip;<\/p>\n","protected":false},"author":2,"featured_media":446883,"comment_status":"closed","ping_status":"closed","sticky":false,"template":"","format":"standard","meta":{"om_disable_all_campaigns":false,"_monsterinsights_skip_tracking":false,"_monsterinsights_sitenote_active":false,"_monsterinsights_sitenote_note":"","_monsterinsights_sitenote_category":0},"categories":[1],"tags":[],"aioseo_notices":[],"gutentor_comment":0,"rttpg_featured_image_url":{"full":["https:\/\/arantv.az\/wp-content\/uploads\/2022\/03\/3ea2db50163419255498354677810584874.jpg",975,540,false],"landscape":["https:\/\/arantv.az\/wp-content\/uploads\/2022\/03\/3ea2db50163419255498354677810584874.jpg",975,540,false],"portraits":["https:\/\/arantv.az\/wp-content\/uploads\/2022\/03\/3ea2db50163419255498354677810584874.jpg",975,540,false],"thumbnail":["https:\/\/arantv.az\/wp-content\/uploads\/2022\/03\/3ea2db50163419255498354677810584874-500x280.jpg",500,280,true],"medium":["https:\/\/arantv.az\/wp-content\/uploads\/2022\/03\/3ea2db50163419255498354677810584874-660x365.jpg",660,365,true],"large":["https:\/\/arantv.az\/wp-content\/uploads\/2022\/03\/3ea2db50163419255498354677810584874-840x465.jpg",640,354,true],"1536x1536":["https:\/\/arantv.az\/wp-content\/uploads\/2022\/03\/3ea2db50163419255498354677810584874.jpg",975,540,false],"2048x2048":["https:\/\/arantv.az\/wp-content\/uploads\/2022\/03\/3ea2db50163419255498354677810584874.jpg",975,540,false],"post-thumbnail":["https:\/\/arantv.az\/wp-content\/uploads\/2022\/03\/3ea2db50163419255498354677810584874-240x172.jpg",240,172,true],"advps-thumb-one":["https:\/\/arantv.az\/wp-content\/uploads\/2022\/03\/3ea2db50163419255498354677810584874.jpg",975,540,false]},"rttpg_author":{"display_name":"V\u00fcsal Rafiqo\u011flu","author_link":"https:\/\/arantv.az\/?author=2"},"rttpg_comment":0,"rttpg_category":"<a href=\"https:\/\/arantv.az\/?cat=1\" rel=\"category\">C\u0259miyy\u0259t<\/a>","rttpg_excerpt":"Az\u0259rbaycan n\u0259inki milli s\u0259viyy\u0259d\u0259 COVID-19-la m\u00fcbariz\u0259d\u0259 s\u0259m\u0259r\u0259li t\u0259dbirl\u0259r g\u00f6r\u00fcr, eyni zamanda, regional v\u0259 qlobal miqyasda da koronavirusa qar\u015f\u0131 h\u0259mr\u0259yliyin v\u0259 \u0259m\u0259kda\u015fl\u0131\u011f\u0131n g\u00fccl\u0259ndirilm\u0259sin\u0259 \u00f6z\u00fcn\u00fcn m\u00fch\u00fcm t\u00f6hf\u0259sini verir Bu g\u00fcn b\u00fct\u00fcn d\u00fcnyan\u0131 b\u00fcr\u00fcm\u00fc\u015f bir \u00e7ox iqtisadi v\u0259 siyasi sars\u0131nt\u0131lar\u0131n fonunda COVID-19 pandemiyas\u0131 h\u0259l\u0259 d\u0259 \u0259n t\u0259hl\u00fck\u0259li qlobal t\u0259hdidl\u0259rd\u0259n biri kimi \u00f6z aktuall\u0131\u011f\u0131n\u0131 saxlay\u0131r. Ona g\u00f6r\u0259 d\u0259 pandemiya&hellip;","_links":{"self":[{"href":"https:\/\/arantv.az\/index.php?rest_route=\/wp\/v2\/posts\/446882"}],"collection":[{"href":"https:\/\/arantv.az\/index.php?rest_route=\/wp\/v2\/posts"}],"about":[{"href":"https:\/\/arantv.az\/index.php?rest_route=\/wp\/v2\/types\/post"}],"author":[{"embeddable":true,"href":"https:\/\/arantv.az\/index.php?rest_route=\/wp\/v2\/users\/2"}],"replies":[{"embeddable":true,"href":"https:\/\/arantv.az\/index.php?rest_route=%2Fwp%2Fv2%2Fcomments&post=446882"}],"version-history":[{"count":0,"href":"https:\/\/arantv.az\/index.php?rest_route=\/wp\/v2\/posts\/446882\/revisions"}],"wp:featuredmedia":[{"embeddable":true,"href":"https:\/\/arantv.az\/index.php?rest_route=\/wp\/v2\/media\/446883"}],"wp:attachment":[{"href":"https:\/\/arantv.az\/index.php?rest_route=%2Fwp%2Fv2%2Fmedia&parent=446882"}],"wp:term":[{"taxonomy":"category","embeddable":true,"href":"https:\/\/arantv.az\/index.php?rest_route=%2Fwp%2Fv2%2Fcategories&post=446882"},{"taxonomy":"post_tag","embeddable":true,"href":"https:\/\/arantv.az\/index.php?rest_route=%2Fwp%2Fv2%2Ftags&post=446882"}],"curies":[{"name":"wp","href":"https:\/\/api.w.org\/{rel}","templated":true}]}}