{"id":446888,"date":"2022-03-03T07:05:57","date_gmt":"2022-03-03T04:05:57","guid":{"rendered":"http:\/\/arantv.az\/?p=446888"},"modified":"2022-03-03T07:05:57","modified_gmt":"2022-03-03T04:05:57","slug":"v%c9%99t%c9%99ndaslarin-dovl%c9%99t%c9%99-boyuk-inami","status":"publish","type":"post","link":"https:\/\/arantv.az\/?p=446888","title":{"rendered":"V\u0259t\u0259nda\u015flar\u0131n d\u00f6vl\u0259t\u0259 b\u00f6y\u00fck inam\u0131"},"content":{"rendered":"<p>2 mart 2022-ci il tarixd\u0259 h\u00fcquq-m\u00fchafiz\u0259 orqanlar\u0131n\u0131n, idar\u0259 m\u00fc\u0259ssis\u0259\u00a0v\u0259 t\u0259\u015fkilat r\u0259hb\u0259rl\u0259rin, k\u0259nd sakinl\u0259rinin, K\u0130V n\u00fcmay\u0259nd\u0259l\u0259rinin i\u015ftirak\u0131 il\u0259 Yard\u0131ml\u0131 Rayon \u0130cra Hakimiyy\u0259tinin ba\u015f\u00e7\u0131s\u0131 Ayaz \u018fsg\u0259rov rayonun\u00a0 \u00c7ay\u00fcz\u00fc k\u0259ndind\u0259 s\u0259yyar q\u0259bul ke\u00e7irib. Q\u0259bul zaman\u0131 k\u0259nd \u0259halisini salamlayan R\u0130H ba\u015f\u00e7\u0131s\u0131 Ayaz \u018fsg\u0259rov \u00e7\u0131x\u0131\u015f etdi: &#8211; Az\u0259rbaycan Respublikas\u0131n\u0131n Prezidenti, Ali Ba\u015f Komandan \u0130lham \u018fliyevin r\u0259hb\u0259rliyi alt\u0131nda \u00a0r\u0259\u015fad\u0259tli Az\u0259rbaycan Ordusu \u00a0b\u00f6y\u00fck \u015f\u00fcca\u0259t v\u0259 y\u00fcks\u0259k d\u00f6y\u00fc\u015f haz\u0131rl\u0131\u011f\u0131 g\u00f6st\u0259r\u0259r\u0259k 27 sentyabr 2020-ci il tarixd\u0259n ba\u015flayaraq 44 g\u00fcn m\u00fcdd\u0259tind\u0259 V\u0259t\u0259n torpaqlar\u0131n\u0131 d\u00fc\u015fm\u0259n tapda\u011f\u0131ndan azad etdi. V\u0259t\u0259n m\u00fcharib\u0259sind\u0259 tarix yazan q\u0259hr\u0259man\u00a0 \u0259sg\u0259r v\u0259 zabitl\u0259r Az\u0259rbaycan\u0131n haqq u\u011frunda m\u00fcbariz\u0259 aparmaq \u0259zmini, \u0259sl d\u00f6y\u00fc\u015f ruhunu b\u00fct\u00fcn d\u00fcnyaya bildirdil\u0259r. \u00a0Haz\u0131rda \u00a0Ulu \u00d6nd\u0259r Heyd\u0259r \u018fliyevin m\u00fc\u0259yy\u0259n etdiyi inki\u015faf yolu c\u0259nab Prezident \u0130lham \u018fliyev t\u0259r\u0259find\u0259n u\u011furla davam etdirilir.<\/p>\n<p>\u018fhalinin sosial m\u00fcdafi\u0259sinin g\u00fccl\u0259nm\u0259si, \u00a0g\u0259lirl\u0259rinin art\u0131r\u0131lmas\u0131 d\u00f6vl\u0259timizin siyas\u0259tind\u0259 \u00f6n\u0259mli yer tutur. \u00d6lk\u0259 \u0259halisinin rifah hal\u0131n\u0131n y\u00fcks\u0259lm\u0259si \u00a0apar\u0131lan sosial-iqtisadi siyas\u0259tin \u0259sas\u0131n\u0131 t\u0259\u015fkil edir. Son ill\u0259rd\u0259 bu istiqam\u0259td\u0259 ciddi ir\u0259lil\u0259yi\u015fl\u0259r\u0259 nail olunmu\u015f, \u0259halinin sosial m\u00fcdafi\u0259sinin g\u00fccl\u0259nm\u0259si, sosial \u00f6d\u0259ni\u015fl\u0259rin, \u0259m\u0259k haqlar\u0131n\u0131n art\u0131r\u0131lmas\u0131 istiqam\u0259tind\u0259 ard\u0131c\u0131l i\u015fl\u0259r g\u00f6r\u00fcl\u00fcb.<\/p>\n<p>Q\u0259bulda i\u015ftirak ed\u0259n v\u0259t\u0259nda\u015flar \u00a0k\u0259nd\u0259 t\u0259bii qaz x\u0259ttinin \u00e7\u0259kilm\u0259si, elektrik dir\u0259kl\u0259rinin t\u0259miri v\u0259 i\u015fsizlik il\u0259 ba\u011fl\u0131\u00a0 m\u0259s\u0259l\u0259l\u0259ri qeyd edibl\u0259r. V\u0259t\u0259nda\u015flar t\u0259r\u0259find\u0259n qald\u0131r\u0131lan m\u0259s\u0259l\u0259l\u0259rin b\u0259zil\u0259ri yerind\u0259c\u0259 h\u0259ll edildi, dig\u0259rl\u0259rinin h\u0259lli il\u0259 ba\u011fl\u0131 \u0259laq\u0259dar t\u0259\u015fkilatlar\u0131n r\u0259hb\u0259rl\u0259rin\u0259 m\u00fcvafiq tap\u015f\u0131r\u0131qlar verildi.<\/p>\n<p>K\u0259nd sakinl\u0259r \u00f6lk\u0259 ba\u015f\u00e7\u0131s\u0131 \u0130lham \u018fliyevin\u00a0 tap\u015f\u0131r\u0131\u011f\u0131 \u0259sas\u0131nda apar\u0131lan geni\u015fmiqyasl\u0131 abadl\u0131q-quruculuq i\u015fl\u0259rini y\u00fcks\u0259k \u0259hval-ruhiyy\u0259 il\u0259 qar\u015f\u0131land\u0131\u011f\u0131n\u0131 qeyd ed\u0259r\u0259k, b\u00fct\u00fcn bu add\u0131mlara g\u00f6r\u0259 \u00f6lk\u0259 ba\u015f\u00e7\u0131s\u0131na minn\u0259tdarl\u0131\u011f\u0131n\u0131 bildirdil\u0259r.<\/p>\n<p><strong>Z\u0259f\u0259r Oruco\u011flu,<br \/>\nAz\u0259rbaycan Jurnalistl\u0259r Birliyinin \u00fczv\u00fc<\/strong><\/p>\n","protected":false},"excerpt":{"rendered":"<p>2 mart 2022-ci il tarixd\u0259 h\u00fcquq-m\u00fchafiz\u0259 orqanlar\u0131n\u0131n, idar\u0259 m\u00fc\u0259ssis\u0259\u00a0v\u0259 t\u0259\u015fkilat r\u0259hb\u0259rl\u0259rin, k\u0259nd sakinl\u0259rinin, K\u0130V n\u00fcmay\u0259nd\u0259l\u0259rinin i\u015ftirak\u0131 il\u0259 Yard\u0131ml\u0131 Rayon \u0130cra Hakimiyy\u0259tinin ba\u015f\u00e7\u0131s\u0131 Ayaz \u018fsg\u0259rov rayonun\u00a0 \u00c7ay\u00fcz\u00fc k\u0259ndind\u0259 s\u0259yyar q\u0259bul ke\u00e7irib. Q\u0259bul zaman\u0131 k\u0259nd \u0259halisini salamlayan R\u0130H ba\u015f\u00e7\u0131s\u0131 Ayaz \u018fsg\u0259rov \u00e7\u0131x\u0131\u015f etdi: &#8211; Az\u0259rbaycan Respublikas\u0131n\u0131n Prezidenti, Ali Ba\u015f Komandan \u0130lham \u018fliyevin r\u0259hb\u0259rliyi alt\u0131nda \u00a0r\u0259\u015fad\u0259tli Az\u0259rbaycan Ordusu \u00a0b\u00f6y\u00fck \u015f\u00fcca\u0259t v\u0259 y\u00fcks\u0259k d\u00f6y\u00fc\u015f haz\u0131rl\u0131\u011f\u0131 g\u00f6st\u0259r\u0259r\u0259k 27 sentyabr 2020-ci il tarixd\u0259n ba\u015flayaraq 44 g\u00fcn m\u00fcdd\u0259tind\u0259 V\u0259t\u0259n torpaqlar\u0131n\u0131 d\u00fc\u015fm\u0259n tapda\u011f\u0131ndan azad etdi. V\u0259t\u0259n m\u00fcharib\u0259sind\u0259 tarix yazan q\u0259hr\u0259man\u00a0 \u0259sg\u0259r v\u0259 zabitl\u0259r Az\u0259rbaycan\u0131n haqq u\u011frunda m\u00fcbariz\u0259 aparmaq&hellip;<\/p>\n","protected":false},"author":2,"featured_media":446889,"comment_status":"closed","ping_status":"closed","sticky":false,"template":"","format":"standard","meta":{"om_disable_all_campaigns":false,"_monsterinsights_skip_tracking":false,"_monsterinsights_sitenote_active":false,"_monsterinsights_sitenote_note":"","_monsterinsights_sitenote_category":0},"categories":[1],"tags":[],"aioseo_notices":[],"gutentor_comment":0,"rttpg_featured_image_url":{"full":["https:\/\/arantv.az\/wp-content\/uploads\/2022\/03\/30543a51164624065948752661310834309.jpg",975,540,false],"landscape":["https:\/\/arantv.az\/wp-content\/uploads\/2022\/03\/30543a51164624065948752661310834309.jpg",975,540,false],"portraits":["https:\/\/arantv.az\/wp-content\/uploads\/2022\/03\/30543a51164624065948752661310834309.jpg",975,540,false],"thumbnail":["https:\/\/arantv.az\/wp-content\/uploads\/2022\/03\/30543a51164624065948752661310834309-500x280.jpg",500,280,true],"medium":["https:\/\/arantv.az\/wp-content\/uploads\/2022\/03\/30543a51164624065948752661310834309-660x365.jpg",660,365,true],"large":["https:\/\/arantv.az\/wp-content\/uploads\/2022\/03\/30543a51164624065948752661310834309-840x465.jpg",640,354,true],"1536x1536":["https:\/\/arantv.az\/wp-content\/uploads\/2022\/03\/30543a51164624065948752661310834309.jpg",975,540,false],"2048x2048":["https:\/\/arantv.az\/wp-content\/uploads\/2022\/03\/30543a51164624065948752661310834309.jpg",975,540,false],"post-thumbnail":["https:\/\/arantv.az\/wp-content\/uploads\/2022\/03\/30543a51164624065948752661310834309-240x172.jpg",240,172,true],"advps-thumb-one":["https:\/\/arantv.az\/wp-content\/uploads\/2022\/03\/30543a51164624065948752661310834309.jpg",975,540,false]},"rttpg_author":{"display_name":"V\u00fcsal Rafiqo\u011flu","author_link":"https:\/\/arantv.az\/?author=2"},"rttpg_comment":0,"rttpg_category":"<a href=\"https:\/\/arantv.az\/?cat=1\" rel=\"category\">C\u0259miyy\u0259t<\/a>","rttpg_excerpt":"2 mart 2022-ci il tarixd\u0259 h\u00fcquq-m\u00fchafiz\u0259 orqanlar\u0131n\u0131n, idar\u0259 m\u00fc\u0259ssis\u0259\u00a0v\u0259 t\u0259\u015fkilat r\u0259hb\u0259rl\u0259rin, k\u0259nd sakinl\u0259rinin, K\u0130V n\u00fcmay\u0259nd\u0259l\u0259rinin i\u015ftirak\u0131 il\u0259 Yard\u0131ml\u0131 Rayon \u0130cra Hakimiyy\u0259tinin ba\u015f\u00e7\u0131s\u0131 Ayaz \u018fsg\u0259rov rayonun\u00a0 \u00c7ay\u00fcz\u00fc k\u0259ndind\u0259 s\u0259yyar q\u0259bul ke\u00e7irib. Q\u0259bul zaman\u0131 k\u0259nd \u0259halisini salamlayan R\u0130H ba\u015f\u00e7\u0131s\u0131 Ayaz \u018fsg\u0259rov \u00e7\u0131x\u0131\u015f etdi: &#8211; Az\u0259rbaycan Respublikas\u0131n\u0131n Prezidenti, Ali Ba\u015f Komandan \u0130lham \u018fliyevin r\u0259hb\u0259rliyi alt\u0131nda \u00a0r\u0259\u015fad\u0259tli Az\u0259rbaycan Ordusu&hellip;","_links":{"self":[{"href":"https:\/\/arantv.az\/index.php?rest_route=\/wp\/v2\/posts\/446888"}],"collection":[{"href":"https:\/\/arantv.az\/index.php?rest_route=\/wp\/v2\/posts"}],"about":[{"href":"https:\/\/arantv.az\/index.php?rest_route=\/wp\/v2\/types\/post"}],"author":[{"embeddable":true,"href":"https:\/\/arantv.az\/index.php?rest_route=\/wp\/v2\/users\/2"}],"replies":[{"embeddable":true,"href":"https:\/\/arantv.az\/index.php?rest_route=%2Fwp%2Fv2%2Fcomments&post=446888"}],"version-history":[{"count":0,"href":"https:\/\/arantv.az\/index.php?rest_route=\/wp\/v2\/posts\/446888\/revisions"}],"wp:featuredmedia":[{"embeddable":true,"href":"https:\/\/arantv.az\/index.php?rest_route=\/wp\/v2\/media\/446889"}],"wp:attachment":[{"href":"https:\/\/arantv.az\/index.php?rest_route=%2Fwp%2Fv2%2Fmedia&parent=446888"}],"wp:term":[{"taxonomy":"category","embeddable":true,"href":"https:\/\/arantv.az\/index.php?rest_route=%2Fwp%2Fv2%2Fcategories&post=446888"},{"taxonomy":"post_tag","embeddable":true,"href":"https:\/\/arantv.az\/index.php?rest_route=%2Fwp%2Fv2%2Ftags&post=446888"}],"curies":[{"name":"wp","href":"https:\/\/api.w.org\/{rel}","templated":true}]}}