{"id":446928,"date":"2022-03-03T07:42:15","date_gmt":"2022-03-03T04:42:15","guid":{"rendered":"http:\/\/arantv.az\/?p=446928"},"modified":"2022-03-03T07:42:15","modified_gmt":"2022-03-03T04:42:15","slug":"samaxida-31-yasli-kisini-avtomobil-vurub","status":"publish","type":"post","link":"https:\/\/arantv.az\/?p=446928","title":{"rendered":"\u015eamax\u0131da 31 ya\u015fl\u0131 ki\u015fini avtomobil vurub"},"content":{"rendered":"<p>\u015eamax\u0131da 31 ya\u015fl\u0131 ki\u015fini avtomobil vurub.<\/p>\n<p><strong>ARANTV.AZ<\/strong>\u00a0 &#8220;Report&#8221;a istinad\u0259n bildirir ki, hadis\u0259 rayonun m\u0259rk\u0259zi \u0259razisind\u0259 qeyd\u0259 al\u0131n\u0131b. Bel\u0259 ki, 1991-ci il t\u0259v\u0259ll\u00fcdl\u00fc Seyidov X\u0259yal Seyidh\u00fcseyn o\u011flu yolu ke\u00e7\u0259rk\u0259n avtomobil onu vurub.<\/p>\n<p>Yaral\u0131 t\u0259cili tibbi yard\u0131m\u0131n kom\u0259kliyi il\u0259 \u0259vv\u0259lc\u0259 \u015eamax\u0131 \u015e\u0259h\u0259r M\u0259rk\u0259zi X\u0259st\u0259xanas\u0131na \u00e7atd\u0131r\u0131l\u0131b. Lakin v\u0259ziyy\u0259ti a\u011f\u0131r oldu\u011funa g\u00f6r\u0259 Bak\u0131ya g\u0259tirilib. M\u00fcayin\u0259 zaman\u0131 ona qapal\u0131 k\u0259ll\u0259-beyin travmas\u0131 v\u0259 ba\u015f-beyin silk\u0259l\u0259nm\u0259si diaqnozlar\u0131 qoyulub.<\/p>\n<p>Faktla ba\u011fl\u0131 ara\u015fd\u0131rma apar\u0131l\u0131r.<\/p>\n","protected":false},"excerpt":{"rendered":"<p>\u015eamax\u0131da 31 ya\u015fl\u0131 ki\u015fini avtomobil vurub. ARANTV.AZ\u00a0 &#8220;Report&#8221;a istinad\u0259n bildirir ki, hadis\u0259 rayonun m\u0259rk\u0259zi \u0259razisind\u0259 qeyd\u0259 al\u0131n\u0131b. Bel\u0259 ki, 1991-ci il t\u0259v\u0259ll\u00fcdl\u00fc Seyidov X\u0259yal Seyidh\u00fcseyn o\u011flu yolu ke\u00e7\u0259rk\u0259n avtomobil onu vurub. Yaral\u0131 t\u0259cili tibbi yard\u0131m\u0131n kom\u0259kliyi il\u0259 \u0259vv\u0259lc\u0259 \u015eamax\u0131 \u015e\u0259h\u0259r M\u0259rk\u0259zi X\u0259st\u0259xanas\u0131na \u00e7atd\u0131r\u0131l\u0131b. Lakin v\u0259ziyy\u0259ti a\u011f\u0131r oldu\u011funa g\u00f6r\u0259 Bak\u0131ya g\u0259tirilib. M\u00fcayin\u0259 zaman\u0131 ona qapal\u0131 k\u0259ll\u0259-beyin travmas\u0131 v\u0259 ba\u015f-beyin silk\u0259l\u0259nm\u0259si diaqnozlar\u0131 qoyulub. Faktla ba\u011fl\u0131 ara\u015fd\u0131rma apar\u0131l\u0131r.<\/p>\n","protected":false},"author":2,"featured_media":446929,"comment_status":"closed","ping_status":"closed","sticky":false,"template":"","format":"standard","meta":{"om_disable_all_campaigns":false,"_monsterinsights_skip_tracking":false,"_monsterinsights_sitenote_active":false,"_monsterinsights_sitenote_note":"","_monsterinsights_sitenote_category":0},"categories":[5],"tags":[],"aioseo_notices":[],"gutentor_comment":0,"rttpg_featured_image_url":{"full":["https:\/\/arantv.az\/wp-content\/uploads\/2022\/03\/f4aaf335-c8f8-3b8a-883f-a40378dd75fa_850.jpg",850,530,false],"landscape":["https:\/\/arantv.az\/wp-content\/uploads\/2022\/03\/f4aaf335-c8f8-3b8a-883f-a40378dd75fa_850.jpg",850,530,false],"portraits":["https:\/\/arantv.az\/wp-content\/uploads\/2022\/03\/f4aaf335-c8f8-3b8a-883f-a40378dd75fa_850.jpg",850,530,false],"thumbnail":["https:\/\/arantv.az\/wp-content\/uploads\/2022\/03\/f4aaf335-c8f8-3b8a-883f-a40378dd75fa_850-500x280.jpg",500,280,true],"medium":["https:\/\/arantv.az\/wp-content\/uploads\/2022\/03\/f4aaf335-c8f8-3b8a-883f-a40378dd75fa_850-585x365.jpg",585,365,true],"large":["https:\/\/arantv.az\/wp-content\/uploads\/2022\/03\/f4aaf335-c8f8-3b8a-883f-a40378dd75fa_850-840x524.jpg",640,399,true],"1536x1536":["https:\/\/arantv.az\/wp-content\/uploads\/2022\/03\/f4aaf335-c8f8-3b8a-883f-a40378dd75fa_850.jpg",850,530,false],"2048x2048":["https:\/\/arantv.az\/wp-content\/uploads\/2022\/03\/f4aaf335-c8f8-3b8a-883f-a40378dd75fa_850.jpg",850,530,false],"post-thumbnail":["https:\/\/arantv.az\/wp-content\/uploads\/2022\/03\/f4aaf335-c8f8-3b8a-883f-a40378dd75fa_850-240x172.jpg",240,172,true],"advps-thumb-one":["https:\/\/arantv.az\/wp-content\/uploads\/2022\/03\/f4aaf335-c8f8-3b8a-883f-a40378dd75fa_850.jpg",850,530,false]},"rttpg_author":{"display_name":"V\u00fcsal Rafiqo\u011flu","author_link":"https:\/\/arantv.az\/?author=2"},"rttpg_comment":0,"rttpg_category":"<a href=\"https:\/\/arantv.az\/?cat=5\" rel=\"category\">Hadis\u0259<\/a>","rttpg_excerpt":"\u015eamax\u0131da 31 ya\u015fl\u0131 ki\u015fini avtomobil vurub. ARANTV.AZ\u00a0 &#8220;Report&#8221;a istinad\u0259n bildirir ki, hadis\u0259 rayonun m\u0259rk\u0259zi \u0259razisind\u0259 qeyd\u0259 al\u0131n\u0131b. Bel\u0259 ki, 1991-ci il t\u0259v\u0259ll\u00fcdl\u00fc Seyidov X\u0259yal Seyidh\u00fcseyn o\u011flu yolu ke\u00e7\u0259rk\u0259n avtomobil onu vurub. Yaral\u0131 t\u0259cili tibbi yard\u0131m\u0131n kom\u0259kliyi il\u0259 \u0259vv\u0259lc\u0259 \u015eamax\u0131 \u015e\u0259h\u0259r M\u0259rk\u0259zi X\u0259st\u0259xanas\u0131na \u00e7atd\u0131r\u0131l\u0131b. Lakin v\u0259ziyy\u0259ti a\u011f\u0131r oldu\u011funa g\u00f6r\u0259 Bak\u0131ya g\u0259tirilib. M\u00fcayin\u0259 zaman\u0131 ona qapal\u0131 k\u0259ll\u0259-beyin&hellip;","_links":{"self":[{"href":"https:\/\/arantv.az\/index.php?rest_route=\/wp\/v2\/posts\/446928"}],"collection":[{"href":"https:\/\/arantv.az\/index.php?rest_route=\/wp\/v2\/posts"}],"about":[{"href":"https:\/\/arantv.az\/index.php?rest_route=\/wp\/v2\/types\/post"}],"author":[{"embeddable":true,"href":"https:\/\/arantv.az\/index.php?rest_route=\/wp\/v2\/users\/2"}],"replies":[{"embeddable":true,"href":"https:\/\/arantv.az\/index.php?rest_route=%2Fwp%2Fv2%2Fcomments&post=446928"}],"version-history":[{"count":0,"href":"https:\/\/arantv.az\/index.php?rest_route=\/wp\/v2\/posts\/446928\/revisions"}],"wp:featuredmedia":[{"embeddable":true,"href":"https:\/\/arantv.az\/index.php?rest_route=\/wp\/v2\/media\/446929"}],"wp:attachment":[{"href":"https:\/\/arantv.az\/index.php?rest_route=%2Fwp%2Fv2%2Fmedia&parent=446928"}],"wp:term":[{"taxonomy":"category","embeddable":true,"href":"https:\/\/arantv.az\/index.php?rest_route=%2Fwp%2Fv2%2Fcategories&post=446928"},{"taxonomy":"post_tag","embeddable":true,"href":"https:\/\/arantv.az\/index.php?rest_route=%2Fwp%2Fv2%2Ftags&post=446928"}],"curies":[{"name":"wp","href":"https:\/\/api.w.org\/{rel}","templated":true}]}}